{"id":18861,"date":"2022-03-08T17:52:55","date_gmt":"2022-03-08T20:52:55","guid":{"rendered":"https:\/\/www.jornaldaconstrucaocivil.com.br\/?p=18861"},"modified":"2022-03-08T18:00:22","modified_gmt":"2022-03-08T21:00:22","slug":"revestimentos-ceramicos-grupo-villagres-aposta-em-novos-lancamentos-na-expo-revestir-2022","status":"publish","type":"post","link":"https:\/\/construcaocivil.siriusmarketingedesign.com.br\/?p=18861","title":{"rendered":"Revestimentos Cer\u00e2micos: Grupo  Villagres aposta em novos lan\u00e7amentos na Expo Revestir 2022"},"content":{"rendered":"<p><strong>S\u00e3o Paulo, mar\u00e7o de 2022 \u2013\u00a0<\/strong>O luxo,<strong>\u00a0<\/strong>o requinte e a versatilidade do porcelanato, aliados a detalhes inspirados na natureza e hist\u00f3rias europeias, marcam os\u00a0<strong>lan\u00e7amentos da\u00a0<span class=\"il\">Villagres<\/span>\u00a0na ExpoRevestir 2022<\/strong>. \u201cS\u00e3o materiais que contam uma hist\u00f3ria, unem modernidade e eleg\u00e2ncia, al\u00e9m de agregar beleza e sofistica\u00e7\u00e3o a qualquer ambiente e serem vers\u00e1teis para integrar desde projetos sofisticados a ambientes que exigem materiais com mais resist\u00eancia\u201d, explica o gerente comercial do\u00a0<span class=\"il\">Grupo<\/span>\u00a0<span class=\"il\">Villagres<\/span>, Renato Salvatti.<\/p>\n<p><iframe loading=\"lazy\" title=\"Expo Revestir 2022: Villagres apresenta novos produtos para o mercado de decora\u00e7\u00e3o\" width=\"1290\" height=\"726\" src=\"https:\/\/www.youtube.com\/embed\/xFPLjOsLZe4?feature=oembed\" frameborder=\"0\" allow=\"accelerometer; autoplay; clipboard-write; encrypted-media; gyroscope; picture-in-picture; web-share\" referrerpolicy=\"strict-origin-when-cross-origin\" allowfullscreen><\/iframe><\/p>\n<p>A linha\u00a0<strong>Atlantis<\/strong>\u00a0\u00e9 uma verdadeira obra de arte. Um m\u00e1rmore inspirado no imagin\u00e1rio da ilha de Atlantis, que segundo Plat\u00e3o \u00e9 o ber\u00e7o dos deuses, dotada de fertilidade, abund\u00e2ncia, al\u00e9m de riquezas naturais e sobrenaturais.\u00a0Sua superf\u00edcie destaca veios e cores detalhadas em uma cria\u00e7\u00e3o \u00fanica, inspirado nos elementos da natureza. Material que tem a profundidade dos tons de azul mesclado entre veios avermelhados. Dispon\u00edveis no tamanho 80,5X140 cm.<\/p>\n<p>Mais detalhes acesse <span style=\"text-decoration: underline;\"><a href=\"https:\/\/www.villagres.com.br\/\"><strong><span style=\"color: #0000ff; text-decoration: underline;\">www.villagres.com.br\/<\/span><\/strong><\/a><\/span><\/p>\n","protected":false},"excerpt":{"rendered":"<p>S\u00e3o Paulo, mar\u00e7o de 2022 \u2013\u00a0O luxo,\u00a0o requinte e a versatilidade do porcelanato, aliados a detalhes inspirados na natureza e hist\u00f3rias europeias, marcam os\u00a0lan\u00e7amentos da\u00a0Villagres\u00a0na ExpoRevestir 2022. \u201cS\u00e3o materiais que contam uma hist\u00f3ria, unem modernidade e eleg\u00e2ncia, al\u00e9m de agregar beleza e sofistica\u00e7\u00e3o a qualquer ambiente e serem vers\u00e1teis para integrar desde projetos sofisticados a [&hellip;]<\/p>\n","protected":false},"author":1,"featured_media":18862,"comment_status":"open","ping_status":"open","sticky":false,"template":"","format":"standard","meta":{"_uag_custom_page_level_css":"","footnotes":""},"categories":[28,12594],"tags":[23370,23419,23420,21910,23421,10327,23422],"class_list":["post-18861","post","type-post","status-publish","format-standard","has-post-thumbnail","hentry","category-arquitetura","category-tv-da-construcao-civil","tag-expo-revestir-2022","tag-grupo-villagres","tag-marmore-e-granito-de-alto-padrao","tag-porcelanato","tag-produtos-para-casa-e-predios-comerciais","tag-revestimentos-ceramicos","tag-villagres-novos-lancamentos"],"blocksy_meta":[],"spectra_blocks_featured_image_url":{"thumbnail":{"url":"https:\/\/construcaocivil.siriusmarketingedesign.com.br\/wp-content\/uploads\/2022\/03\/unnamed-16-150x150.jpg","width":150,"height":150},"medium":{"url":"https:\/\/construcaocivil.siriusmarketingedesign.com.br\/wp-content\/uploads\/2022\/03\/unnamed-16-300x205.jpg","width":300,"height":205},"medium_large":{"url":"https:\/\/construcaocivil.siriusmarketingedesign.com.br\/wp-content\/uploads\/2022\/03\/unnamed-16.jpg","width":644,"height":440},"large":{"url":"https:\/\/construcaocivil.siriusmarketingedesign.com.br\/wp-content\/uploads\/2022\/03\/unnamed-16.jpg","width":644,"height":440},"full":{"url":"https:\/\/construcaocivil.siriusmarketingedesign.com.br\/wp-content\/uploads\/2022\/03\/unnamed-16.jpg","width":644,"height":440}},"spectra_blocks_author_info":{"display_name":"Jornal da Constru\u00e7\u00e3o Civil","avatar_url":"https:\/\/secure.gravatar.com\/avatar\/973c9774fd44ddaceb026973c4962faa70fc512bc4c9da68e8ebb40fecee6540?s=96&d=mm&r=g","author_link":"https:\/\/construcaocivil.siriusmarketingedesign.com.br\/?author=1","description":"Desde de 2013, levando muitas informa\u00e7\u00f5es, lan\u00e7amentos e produtos de qualidade para toda cadeia produtiva da constru\u00e7\u00e3o. O Futuro da constru\u00e7\u00e3o passa por aqui,"},"uagb_featured_image_src":{"full":["https:\/\/construcaocivil.siriusmarketingedesign.com.br\/wp-content\/uploads\/2022\/03\/unnamed-16.jpg",644,440,false],"thumbnail":["https:\/\/construcaocivil.siriusmarketingedesign.com.br\/wp-content\/uploads\/2022\/03\/unnamed-16-150x150.jpg",150,150,true],"medium":["https:\/\/construcaocivil.siriusmarketingedesign.com.br\/wp-content\/uploads\/2022\/03\/unnamed-16-300x205.jpg",300,205,true],"medium_large":["https:\/\/construcaocivil.siriusmarketingedesign.com.br\/wp-content\/uploads\/2022\/03\/unnamed-16.jpg",644,440,false],"large":["https:\/\/construcaocivil.siriusmarketingedesign.com.br\/wp-content\/uploads\/2022\/03\/unnamed-16.jpg",644,440,false],"1536x1536":["https:\/\/construcaocivil.siriusmarketingedesign.com.br\/wp-content\/uploads\/2022\/03\/unnamed-16.jpg",644,440,false],"2048x2048":["https:\/\/construcaocivil.siriusmarketingedesign.com.br\/wp-content\/uploads\/2022\/03\/unnamed-16.jpg",644,440,false]},"uagb_author_info":{"display_name":"Jornal da Constru\u00e7\u00e3o Civil","author_link":"https:\/\/construcaocivil.siriusmarketingedesign.com.br\/?author=1"},"uagb_comment_info":0,"uagb_excerpt":"S\u00e3o Paulo, mar\u00e7o de 2022 \u2013\u00a0O luxo,\u00a0o requinte e a versatilidade do porcelanato, aliados a detalhes inspirados na natureza e hist\u00f3rias europeias, marcam os\u00a0lan\u00e7amentos da\u00a0Villagres\u00a0na ExpoRevestir 2022. \u201cS\u00e3o materiais que contam uma hist\u00f3ria, unem modernidade e eleg\u00e2ncia, al\u00e9m de agregar beleza e sofistica\u00e7\u00e3o a qualquer ambiente e serem vers\u00e1teis para integrar desde projetos sofisticados a&hellip;","_links":{"self":[{"href":"https:\/\/construcaocivil.siriusmarketingedesign.com.br\/index.php?rest_route=\/wp\/v2\/posts\/18861","targetHints":{"allow":["GET"]}}],"collection":[{"href":"https:\/\/construcaocivil.siriusmarketingedesign.com.br\/index.php?rest_route=\/wp\/v2\/posts"}],"about":[{"href":"https:\/\/construcaocivil.siriusmarketingedesign.com.br\/index.php?rest_route=\/wp\/v2\/types\/post"}],"author":[{"embeddable":true,"href":"https:\/\/construcaocivil.siriusmarketingedesign.com.br\/index.php?rest_route=\/wp\/v2\/users\/1"}],"replies":[{"embeddable":true,"href":"https:\/\/construcaocivil.siriusmarketingedesign.com.br\/index.php?rest_route=%2Fwp%2Fv2%2Fcomments&post=18861"}],"version-history":[{"count":0,"href":"https:\/\/construcaocivil.siriusmarketingedesign.com.br\/index.php?rest_route=\/wp\/v2\/posts\/18861\/revisions"}],"wp:featuredmedia":[{"embeddable":true,"href":"https:\/\/construcaocivil.siriusmarketingedesign.com.br\/index.php?rest_route=\/wp\/v2\/media\/18862"}],"wp:attachment":[{"href":"https:\/\/construcaocivil.siriusmarketingedesign.com.br\/index.php?rest_route=%2Fwp%2Fv2%2Fmedia&parent=18861"}],"wp:term":[{"taxonomy":"category","embeddable":true,"href":"https:\/\/construcaocivil.siriusmarketingedesign.com.br\/index.php?rest_route=%2Fwp%2Fv2%2Fcategories&post=18861"},{"taxonomy":"post_tag","embeddable":true,"href":"https:\/\/construcaocivil.siriusmarketingedesign.com.br\/index.php?rest_route=%2Fwp%2Fv2%2Ftags&post=18861"}],"curies":[{"name":"wp","href":"https:\/\/api.w.org\/{rel}","templated":true}]}}