{"id":18870,"date":"2022-03-11T00:31:56","date_gmt":"2022-03-11T03:31:56","guid":{"rendered":"https:\/\/www.jornaldaconstrucaocivil.com.br\/?p=18870"},"modified":"2022-03-11T00:31:56","modified_gmt":"2022-03-11T03:31:56","slug":"indigenas-retornam-a-onu-para-denunciar-o-aumento-das-violacoes-de-seus-direitos-originarios-e-a-omissao-do-estado-brasileiro","status":"publish","type":"post","link":"https:\/\/construcaocivil.siriusmarketingedesign.com.br\/?p=18870","title":{"rendered":"Ind\u00edgenas retornam \u00e0 ONU para denunciar o aumento das viola\u00e7\u00f5es de seus direitos origin\u00e1rios e a omiss\u00e3o do Estado brasileiro"},"content":{"rendered":"<p style=\"text-align: justify;\"><span style=\"color: #993300;\">Mar\u00e7o<\/span>, 2022 &#8211; Lideran\u00e7as ind\u00edgenas tornam a denunciar ao Conselho de Direitos Humanos da Organiza\u00e7\u00e3o das Na\u00e7\u00f5es Unidas (ONU), nos dias 10 e 11 de mar\u00e7o, o aumento da viol\u00eancia contra os povos origin\u00e1rios no Brasil, que vem pondo em risco suas vidas e territ\u00f3rios. A pol\u00edtica anti-ind\u00edgena adotada pelo governo federal tamb\u00e9m ser\u00e1 abordada pelas lideran\u00e7as. A 49\u00aa sess\u00e3o do Conselho de Direitos Humanos (CDH 49) da ONU iniciou no dia 28 de fevereiro e se estende at\u00e9 1\u00ba de abril deste ano, com o objetivo de revisar os informes sobre diversas quest\u00f5es de direitos humanos.<\/p>\n<p style=\"text-align: justify;\">Nestes dois dias, est\u00e3o previstas tr\u00eas incid\u00eancias que ser\u00e3o realizadas pelas lideran\u00e7as: Tatiane Kaiow\u00e1, representante dos povos Guarani e Kaiow\u00e1 no Mato Grosso do Sul; Adriano Karipuna, do povo Karipuna em Rond\u00f4nia; e Jair Maragu\u00e1, tuxaua geral do povo Maragu\u00e1, no Amazonas. As interven\u00e7\u00f5es se dar\u00e3o no espa\u00e7o destinado ao \u201cDi\u00e1logos Interativos\u201d, com a presen\u00e7a de especialistas e os respectivos relatores especiais do Conselho para o assunto.<\/p>\n<p style=\"text-align: justify;\">A primeira contribui\u00e7\u00e3o est\u00e1 prevista para a manh\u00e3 do dia 10 de mar\u00e7o, quarta-feira. Com a presen\u00e7a do relator especial sobre liberdade religiosa ou cren\u00e7a, Tatiane Kaiow\u00e1 ir\u00e1 abordar a const\u00e2ncia dos ataques contra as casas de reza e rituais tradicionais enfrentados por seu povo e a falta de demarca\u00e7\u00e3o de seus territ\u00f3rios como causa. Segundo a Aty Guasu \u2013 Grande Assembleia dos povos Kaiow\u00e1 e Guarani, pelo menos sete casas de reza Guarani e Kaiow\u00e1\u00a0<span style=\"color: #0000ff;\"><a style=\"color: #0000ff;\" href=\"https:\/\/cimi.org.br\/2021\/10\/mais-uma-casa-de-reza-guarani-e-kaiowa-e-alvo-de-ataques-em-mato-grosso-do-sul\/\" target=\"_blank\" rel=\"noopener noreferrer\">foram criminosamente incendiadas em 2021<\/a>.<\/span><\/p>\n<p style=\"text-align: justify;\">Na tarde do mesmo dia, 10\/03, com a presen\u00e7a do relator especial sobre as obriga\u00e7\u00f5es de direitos humanos relacionadas ao gozo de um ambiente seguro, limpo e saud\u00e1vel e ambiente sustent\u00e1vel, Adriano Karipuna retorna \u00e0 ONU para denunciar invas\u00f5es e grilagem na Terra Ind\u00edgena (TI) Karipuna, em Rond\u00f4nia.<\/p>\n<p style=\"text-align: justify;\">Em 2021, os\u00a0<span style=\"color: #0000ff;\"><a style=\"color: #0000ff;\" href=\"https:\/\/cimi.org.br\/2021\/05\/povo-karipuna-processa-uniao-funai-estado-rondonia-invasoes-devastacao-terra-indigena\/\" target=\"_blank\" rel=\"noopener noreferrer\">Karipuna processaram a Uni\u00e3o, a Funai e o estado de Rond\u00f4nia<\/a><\/span>\u00a0por invas\u00f5es e pela devasta\u00e7\u00e3o da terra ind\u00edgena. No mesmo ano, houve um\u00a0<span style=\"color: #0000ff;\"><a style=\"color: #0000ff;\" href=\"https:\/\/cimi.org.br\/2021\/10\/carne-e-soja-pressionam-a-terra-indigena-karipuna\/\" target=\"_blank\" rel=\"noopener noreferrer\">aumento de 44% no desmatamento<\/a><\/span>\u00a0registrado no territ\u00f3rio em rela\u00e7\u00e3o ao ano anterior, colocando em risco a sobreviv\u00eancia do povo e dos ind\u00edgenas que vivem em isolamento volunt\u00e1rio naquela regi\u00e3o.<\/p>\n<p style=\"text-align: justify;\">Na sexta-feira, 11 de mar\u00e7o, com a presen\u00e7a do relator especial sobre a situa\u00e7\u00e3o dos defensores dos direitos humanos, a interven\u00e7\u00e3o ser\u00e1 de Jair Maragu\u00e1, lideran\u00e7a do povo Maragu\u00e1 amea\u00e7ada ap\u00f3s o\u00a0<span style=\"color: #0000ff;\"><a style=\"color: #0000ff;\" href=\"https:\/\/cimi.org.br\/2021\/08\/nota-organizacoes-justica-massacre-rio-abacaxis-impune-um-ano\/\" target=\"_blank\" rel=\"noopener noreferrer\">massacre ocorrido na regi\u00e3o do rio Abacaxis<\/a><\/span>, no Amazonas, que vitimou quatro ribeirinhos e dois ind\u00edgenas Munduruku. Ind\u00edgenas e ribeirinhos seguem denunciando a neglig\u00eancia do Estado brasileiro nas investiga\u00e7\u00f5es e a falta de prote\u00e7\u00e3o \u00e0s comunidades afetadas.<\/p>\n<p style=\"text-align: justify;\">Al\u00e9m destas contribui\u00e7\u00f5es, na manh\u00e3 da ter\u00e7a-feira (8), Dom Roque Paloschi, arcebispo de Porto Velho (RO) e presidente do Cimi, <span style=\"color: #0000ff;\"><a style=\"color: #0000ff;\" href=\"https:\/\/cimi.org.br\/2022\/03\/presidente-cimi-politica-anti-indigena-onu\/\" target=\"_blank\" rel=\"noopener noreferrer\">apresentou o retrato da atual situa\u00e7\u00e3o dos povos origin\u00e1rios no Brasil<\/a><\/span>\u00a0e denunciou a pol\u00edtica anti-ind\u00edgena do governo Bolsonaro. Seu pronunciamento exp\u00f4s as contradi\u00e7\u00f5es do discurso da ministra da Mulher, da Fam\u00edlia e dos Direitos Humanos, Damares Alves, realizado no Segmento de Alto N\u00edvel, que abriu esta edi\u00e7\u00e3o do Conselho no dia 28 de fevereiro.<\/p>\n<p style=\"text-align: justify;\">Tamb\u00e9m est\u00e3o previstas outras tr\u00eas interven\u00e7\u00f5es do Cimi e do Conselho Ind\u00edgena de Roraima (CIR), que dever\u00e3o ser realizadas nas pr\u00f3ximas semanas, ainda durante a 49\u00ba sess\u00e3o do Conselho de Direitos Humanos.<\/p>\n<p style=\"text-align: justify;\">A\u00a0\u00a0<span style=\"color: #0000ff;\"><a style=\"color: #0000ff;\" href=\"https:\/\/cimi.org.br\/2022\/02\/indigenas-denunciam-ao-conselho-de-direitos-humanos-da-onu-a-escalada-da-violencia-no-brasil-e-a-politica-anti-indigena-do-atual-governo\/\" target=\"_blank\" rel=\"noopener noreferrer\">agenda completa<\/a><\/span>\u00a0e a \u00edntegra das contribui\u00e7\u00f5es ind\u00edgenas e indigenistas est\u00e3o sendo disponibilizadas no\u00a0<span style=\"color: #0000ff;\"><a style=\"color: #0000ff;\" href=\"https:\/\/cimi.org.br\/\" target=\"_blank\" rel=\"noopener noreferrer\">site do Cimi<\/a><\/span>.<\/p>\n<p><strong>Servi\u00e7os:<\/strong><\/p>\n<p style=\"text-align: justify;\"><strong><em>10\/03:<\/em><\/strong>\u00a0Di\u00e1logo interativo com o relator especial sobre liberdade religiosa ou cren\u00e7a, com a contribui\u00e7\u00e3o de Tatiane Kaiow\u00e1, lideran\u00e7a ind\u00edgena dos povos Guarani e Kaiow\u00e1 (MS);<\/p>\n<p style=\"text-align: justify;\"><strong><em>10\/03:<\/em><\/strong>\u00a0Di\u00e1logo interativo com o relator especial sobre as obriga\u00e7\u00f5es de direitos humanos relacionadas ao gozo de um ambiente seguro, limpo e saud\u00e1vel e ambiente sustent\u00e1vel. Contribui\u00e7\u00e3o de Adriano Karipuna, lideran\u00e7a do povo Karipuna (RO);<\/p>\n<p style=\"text-align: justify;\"><em><strong>11\/03:<\/strong><\/em>\u00a0Di\u00e1logo interativo com o relator especial sobre a situa\u00e7\u00e3o de defensor dos direitos humanos, com a contribui\u00e7\u00e3o de Jair Maragu\u00e1, tuxaua geral do povo Maragu\u00e1, amea\u00e7ado ap\u00f3s o massacre no Rio Abacaxis (AM).<\/p>\n<p>Fonte: CIMI<\/p>\n","protected":false},"excerpt":{"rendered":"<p>Mar\u00e7o, 2022 &#8211; Lideran\u00e7as ind\u00edgenas tornam a denunciar ao Conselho de Direitos Humanos da Organiza\u00e7\u00e3o das Na\u00e7\u00f5es Unidas (ONU), nos dias 10 e 11 de mar\u00e7o, o aumento da viol\u00eancia contra os povos origin\u00e1rios no Brasil, que vem pondo em risco suas vidas e territ\u00f3rios. A pol\u00edtica anti-ind\u00edgena adotada pelo governo federal tamb\u00e9m ser\u00e1 abordada [&hellip;]<\/p>\n","protected":false},"author":1,"featured_media":18871,"comment_status":"open","ping_status":"open","sticky":false,"template":"","format":"standard","meta":{"_uag_custom_page_level_css":"","footnotes":""},"categories":[27],"tags":[23426,1717,19221,23424,21493,23427,8446,23425,10501],"class_list":["post-18870","post","type-post","status-publish","format-standard","has-post-thumbnail","hentry","category-acontece","tag-dialogos-interativos","tag-camara-dos-deputados","tag-cimi","tag-grilagem-do-governo-federal","tag-invasao-terras-indigenas","tag-matanca-dos-povos-indigenas-e-quilombolas","tag-onu","tag-povos-kaiowa-e-guarani","tag-roraima"],"blocksy_meta":[],"spectra_blocks_featured_image_url":{"thumbnail":{"url":"https:\/\/construcaocivil.siriusmarketingedesign.com.br\/wp-content\/uploads\/2022\/03\/INDIO-ONU-150x150.jpg","width":150,"height":150},"medium":{"url":"https:\/\/construcaocivil.siriusmarketingedesign.com.br\/wp-content\/uploads\/2022\/03\/INDIO-ONU-300x200.jpg","width":300,"height":200},"medium_large":{"url":"https:\/\/construcaocivil.siriusmarketingedesign.com.br\/wp-content\/uploads\/2022\/03\/INDIO-ONU-768x512.jpg","width":768,"height":512},"large":{"url":"https:\/\/construcaocivil.siriusmarketingedesign.com.br\/wp-content\/uploads\/2022\/03\/INDIO-ONU-1024x683.jpg","width":1024,"height":683},"full":{"url":"https:\/\/construcaocivil.siriusmarketingedesign.com.br\/wp-content\/uploads\/2022\/03\/INDIO-ONU.jpg","width":1050,"height":700}},"spectra_blocks_author_info":{"display_name":"Jornal da Constru\u00e7\u00e3o Civil","avatar_url":"https:\/\/secure.gravatar.com\/avatar\/973c9774fd44ddaceb026973c4962faa70fc512bc4c9da68e8ebb40fecee6540?s=96&d=mm&r=g","author_link":"https:\/\/construcaocivil.siriusmarketingedesign.com.br\/?author=1","description":"Desde de 2013, levando muitas informa\u00e7\u00f5es, lan\u00e7amentos e produtos de qualidade para toda cadeia produtiva da constru\u00e7\u00e3o. O Futuro da constru\u00e7\u00e3o passa por aqui,"},"uagb_featured_image_src":{"full":["https:\/\/construcaocivil.siriusmarketingedesign.com.br\/wp-content\/uploads\/2022\/03\/INDIO-ONU.jpg",1050,700,false],"thumbnail":["https:\/\/construcaocivil.siriusmarketingedesign.com.br\/wp-content\/uploads\/2022\/03\/INDIO-ONU-150x150.jpg",150,150,true],"medium":["https:\/\/construcaocivil.siriusmarketingedesign.com.br\/wp-content\/uploads\/2022\/03\/INDIO-ONU-300x200.jpg",300,200,true],"medium_large":["https:\/\/construcaocivil.siriusmarketingedesign.com.br\/wp-content\/uploads\/2022\/03\/INDIO-ONU-768x512.jpg",768,512,true],"large":["https:\/\/construcaocivil.siriusmarketingedesign.com.br\/wp-content\/uploads\/2022\/03\/INDIO-ONU-1024x683.jpg",1024,683,true],"1536x1536":["https:\/\/construcaocivil.siriusmarketingedesign.com.br\/wp-content\/uploads\/2022\/03\/INDIO-ONU.jpg",1050,700,false],"2048x2048":["https:\/\/construcaocivil.siriusmarketingedesign.com.br\/wp-content\/uploads\/2022\/03\/INDIO-ONU.jpg",1050,700,false]},"uagb_author_info":{"display_name":"Jornal da Constru\u00e7\u00e3o Civil","author_link":"https:\/\/construcaocivil.siriusmarketingedesign.com.br\/?author=1"},"uagb_comment_info":0,"uagb_excerpt":"Mar\u00e7o, 2022 &#8211; Lideran\u00e7as ind\u00edgenas tornam a denunciar ao Conselho de Direitos Humanos da Organiza\u00e7\u00e3o das Na\u00e7\u00f5es Unidas (ONU), nos dias 10 e 11 de mar\u00e7o, o aumento da viol\u00eancia contra os povos origin\u00e1rios no Brasil, que vem pondo em risco suas vidas e territ\u00f3rios. A pol\u00edtica anti-ind\u00edgena adotada pelo governo federal tamb\u00e9m ser\u00e1 abordada&hellip;","_links":{"self":[{"href":"https:\/\/construcaocivil.siriusmarketingedesign.com.br\/index.php?rest_route=\/wp\/v2\/posts\/18870","targetHints":{"allow":["GET"]}}],"collection":[{"href":"https:\/\/construcaocivil.siriusmarketingedesign.com.br\/index.php?rest_route=\/wp\/v2\/posts"}],"about":[{"href":"https:\/\/construcaocivil.siriusmarketingedesign.com.br\/index.php?rest_route=\/wp\/v2\/types\/post"}],"author":[{"embeddable":true,"href":"https:\/\/construcaocivil.siriusmarketingedesign.com.br\/index.php?rest_route=\/wp\/v2\/users\/1"}],"replies":[{"embeddable":true,"href":"https:\/\/construcaocivil.siriusmarketingedesign.com.br\/index.php?rest_route=%2Fwp%2Fv2%2Fcomments&post=18870"}],"version-history":[{"count":0,"href":"https:\/\/construcaocivil.siriusmarketingedesign.com.br\/index.php?rest_route=\/wp\/v2\/posts\/18870\/revisions"}],"wp:featuredmedia":[{"embeddable":true,"href":"https:\/\/construcaocivil.siriusmarketingedesign.com.br\/index.php?rest_route=\/wp\/v2\/media\/18871"}],"wp:attachment":[{"href":"https:\/\/construcaocivil.siriusmarketingedesign.com.br\/index.php?rest_route=%2Fwp%2Fv2%2Fmedia&parent=18870"}],"wp:term":[{"taxonomy":"category","embeddable":true,"href":"https:\/\/construcaocivil.siriusmarketingedesign.com.br\/index.php?rest_route=%2Fwp%2Fv2%2Fcategories&post=18870"},{"taxonomy":"post_tag","embeddable":true,"href":"https:\/\/construcaocivil.siriusmarketingedesign.com.br\/index.php?rest_route=%2Fwp%2Fv2%2Ftags&post=18870"}],"curies":[{"name":"wp","href":"https:\/\/api.w.org\/{rel}","templated":true}]}}