{"id":18873,"date":"2022-03-11T00:48:03","date_gmt":"2022-03-11T03:48:03","guid":{"rendered":"https:\/\/www.jornaldaconstrucaocivil.com.br\/?p=18873"},"modified":"2022-03-11T00:48:03","modified_gmt":"2022-03-11T03:48:03","slug":"feicon-apresenta-solucoes-para-construcao-com-menor-impacto-ambiental-em-sua-rota-da-sustentabilidade","status":"publish","type":"post","link":"https:\/\/construcaocivil.siriusmarketingedesign.com.br\/?p=18873","title":{"rendered":"FEICON apresenta solu\u00e7\u00f5es para constru\u00e7\u00e3o com menor impacto ambiental em sua &#8220;ROTA DA SUSTENTABILIDADE&#8221;"},"content":{"rendered":"<p>Mar\u00e7o de 2022<strong> \u2013<\/strong>\u00a0A import\u00e2ncia da rela\u00e7\u00e3o entre a constru\u00e7\u00e3o civil e as iniciativas sustent\u00e1veis ser\u00e1 um dos principais temas\/atra\u00e7\u00f5es que os visitantes poder\u00e3o conferir da FEICON 2022. Isso porque a edi\u00e7\u00e3o, que acontecer\u00e1 entre os dias 29 de mar\u00e7o e 01 de abril, no S\u00e3o Paulo Expo, contar\u00e1, entre outras atra\u00e7\u00f5es, com a\u00a0<span style=\"color: #0000ff;\"><a style=\"color: #0000ff;\" href=\"https:\/\/www.feicon.com.br\/pt-br\/Experiencias\/rota-da-sustentabilidade.html\" target=\"_blank\" rel=\"noopener noreferrer\"><strong>ROTA DA SUSTENTABILIDADE<\/strong><\/a>,<\/span> um projeto da Inovatech Engenharia em parceria com a RX (Reed Exhibitions) e apoio da Funda\u00e7\u00e3o Vanzolini, para facilitar o acesso do p\u00fablico \u00e0s solu\u00e7\u00f5es de constru\u00e7\u00e3o com menor impacto ambiental.<\/p>\n<p>\u201cA ROTA DA SUSTENTABILIDADE \u00e9 uma maneira de impulsionar toda a cadeia produtiva do setor a tornar as constru\u00e7\u00f5es mais eficientes, confort\u00e1veis e com o menor impacto ambiental poss\u00edvel. Ela foi pensada como um roteiro especial formado a partir de um grupo de empresas que se inscreveram voluntariamente para participar da iniciativa\u201d, diz o diretor da Inovatech Engenharia, Luiz Henrique Ferreira.<\/p>\n<p>A a\u00e7\u00e3o traz algumas vantagens para os expositores participantes, entre elas : a avalia\u00e7\u00e3o de sustentabilidade gratuita,\u00a0 com emiss\u00e3o de documento em reconhecimento ao trabalho, que refor\u00e7a um diferencial de mercado e que poder\u00e1 ser usado em a\u00e7\u00f5es de divulga\u00e7\u00e3o para maior visibilidade na feira, uma vez que as marcas que comp\u00f5em a rota ser\u00e3o identificadas; e maior credibilidade com os visitantes,\u00a0 j\u00e1 que o p\u00fablico que poder\u00e1 fechar neg\u00f3cios com quem foi al\u00e9m das autodeclara\u00e7\u00f5es de sustentabilidade e se disp\u00f4s a ser avaliado.<\/p>\n<p>\u201cN\u00f3s entendemos que \u00e9 necess\u00e1rio engajar os fabricantes e promover a uni\u00e3o com os outros atores do setor (arquitetos, engenheiros, especificadores, construtoras etc.) para que as iniciativas ESG possam gerar resultados concretos e transformadores na nossa sociedade\u201d, comenta Ferreira.<\/p>\n<p>A organiza\u00e7\u00e3o informa que as empresas interessadas em participar, ainda podem fazer inscri\u00e7\u00e3o. O processo de avalia\u00e7\u00e3o envolve 24 crit\u00e9rios, divididos em tr\u00eas eixos: fabrica\u00e7\u00e3o, obra e produto aplicado. \u00a0Para aprova\u00e7\u00e3o, ser\u00e1 necess\u00e1rio pontuar em, pelo menos, 8 crit\u00e9rios. \u201cCada concorrente define em qual ou quais eixos quer ser avaliado. Esta verifica\u00e7\u00e3o das autodeclara\u00e7\u00f5es \u00e9 realizada pela Funda\u00e7\u00e3o Vanzolini, uma entidade isenta ligada \u00e0 USP, que d\u00e1 mais credibilidade \u00e0 Rota da Sustentabilidade\u201d, finaliza o diretor.<\/p>\n<p><strong>\u00a0<\/strong><strong>Sustentabilidade na constru\u00e7\u00e3o<\/strong><\/p>\n<p>A preocupa\u00e7\u00e3o com materiais e iniciativas que protejam o meio ambiente, est\u00e1 cada vez mais presente no setor de constru\u00e7\u00e3o civil. Garantir e realizar processos de sustentabilidade tem se mostrado um diferencial para as empresas.<\/p>\n<p>A PHD em Engenharia Civil, professora universit\u00e1ria, consultora em materiais de constru\u00e7\u00e3o, produtora de conte\u00fado oficial e embaixadora da FEICON 2022, Izabella Valad\u00e3o, acredita que o uso desse tipo de produto traz benef\u00edcios tanto para os consumidores, quanto para os fornecedores. \u201cS\u00e3o in\u00fameros benef\u00edcios, se voc\u00ea parar para pensar. Al\u00e9m de auxiliar na diminui\u00e7\u00e3o do impacto do setor ao meio ambiente e na equidade social, muitos deles economizam etapas de obras, e com isso, custos e tempo tamb\u00e9m\u201d, afirma.<\/p>\n<p>Em uma pesquisa de 2015, realizada pela consultoria PwC para identificar os pa\u00edses que possu\u00edam maior n\u00famero de consumidores preocupados em adquirir produtos e servi\u00e7os de empresas que atuassem com o desenvolvimento sustent\u00e1vel, o Brasil foi apontado em primeiro lugar.<\/p>\n<p>Pensando nesse cuidado, o respeito com o meio ambiente no \u00e2mbito da constru\u00e7\u00e3o civil garante a redu\u00e7\u00e3o do consumo de energia durante a fase de obras, o aumento do aproveitamento de recursos, a diminui\u00e7\u00e3o do uso de mat\u00e9ria-prima, como, por exemplo, trocar o a\u00e7o por concreto leve, e o aumento da produtividade.<\/p>\n<p>\u201c\u00c9 importante continuarmos atentos \u00e0s novidades em materiais para ajudar nesse processo de criar uma empresa mais sustent\u00e1vel. Como exemplo, o\u00a0<em>steel frame<\/em>\u00a0ainda crescer\u00e1 bastante, a madeira laminada, que \u00e9 mais recente, tamb\u00e9m. Al\u00e9m disso, \u00e0 automa\u00e7\u00e3o, que vem ajudando muito na redu\u00e7\u00e3o do consumo de energia\u201d, finaliza.<\/p>\n<p>Iza Valad\u00e3o falar\u00e1 mais sobre esse tema durante a programa\u00e7\u00e3o de conte\u00fado da FEICON, mas adiantou alguns pontos tamb\u00e9m\u00a0<a href=\"https:\/\/blog.feicon.com.br\/2022\/03\/10\/como-otimizar-a-rotina-de-um-canteiro-de-obras\/\" target=\"_blank\" rel=\"noopener noreferrer\">no artigo<\/a>\u00a0publicado no blog da marca.<\/p>\n<p>Para os interessados em visitar a feira, o credenciamento pode ser realizado gratuitamente pelo site\u00a0<span style=\"color: #0000ff;\"><a style=\"color: #0000ff;\" href=\"https:\/\/www.feicon.com.br\/pt-br\/credenciamento.html\" target=\"_blank\" rel=\"noopener noreferrer\">https:\/\/www.feicon.com.br\/pt-br\/credenciamento.html<\/a><\/span>.<\/p>\n<p><strong>\u00a0<\/strong><strong>Servi\u00e7o:<\/strong><\/p>\n<p><strong>FEICON &#8211; 26\u00aa EDI\u00c7\u00c3O \u2013 ROTA DA SUSTENTABILIDADE<\/strong><\/p>\n<p><strong>Data:<\/strong>\u00a029 de Mar\u00e7o a 1\u00ba de Abril de 2022<br \/>\n<strong>Hor\u00e1rio:<\/strong>\u00a0Ter\u00e7a a Sexta, das 10h \u00e0s 20h<br \/>\n<strong>Local:<\/strong>\u00a0S\u00e3o Paulo Expo \u2013 S\u00e3o Paulo\/SP<br \/>\n<strong>Endere\u00e7o:<\/strong>\u00a0Rodovia dos Imigrantes, Km 1,5 &#8211; \u00c1gua Funda<\/p>\n","protected":false},"excerpt":{"rendered":"<p>Mar\u00e7o de 2022 \u2013\u00a0A import\u00e2ncia da rela\u00e7\u00e3o entre a constru\u00e7\u00e3o civil e as iniciativas sustent\u00e1veis ser\u00e1 um dos principais temas\/atra\u00e7\u00f5es que os visitantes poder\u00e3o conferir da FEICON 2022. Isso porque a edi\u00e7\u00e3o, que acontecer\u00e1 entre os dias 29 de mar\u00e7o e 01 de abril, no S\u00e3o Paulo Expo, contar\u00e1, entre outras atra\u00e7\u00f5es, com a\u00a0ROTA DA [&hellip;]<\/p>\n","protected":false},"author":1,"featured_media":18874,"comment_status":"open","ping_status":"open","sticky":false,"template":"","format":"standard","meta":{"_uag_custom_page_level_css":"","footnotes":""},"categories":[33],"tags":[23430,23431,23429,9567,23428],"class_list":["post-18873","post","type-post","status-publish","format-standard","has-post-thumbnail","hentry","category-mercado","tag-construcao-ferramentas-e-maquinas","tag-construtoras-e-servicos-de-engenharia","tag-feicon-26a-edicao","tag-profissional-da-construcao","tag-rota-da-sustentabilidade"],"blocksy_meta":[],"spectra_blocks_featured_image_url":{"thumbnail":{"url":"https:\/\/construcaocivil.siriusmarketingedesign.com.br\/wp-content\/uploads\/2022\/03\/rota-sustentabilidade-1-150x150.jpg","width":150,"height":150},"medium":{"url":"https:\/\/construcaocivil.siriusmarketingedesign.com.br\/wp-content\/uploads\/2022\/03\/rota-sustentabilidade-1-300x214.jpg","width":300,"height":214},"medium_large":{"url":"https:\/\/construcaocivil.siriusmarketingedesign.com.br\/wp-content\/uploads\/2022\/03\/rota-sustentabilidade-1.jpg","width":696,"height":497},"large":{"url":"https:\/\/construcaocivil.siriusmarketingedesign.com.br\/wp-content\/uploads\/2022\/03\/rota-sustentabilidade-1.jpg","width":696,"height":497},"full":{"url":"https:\/\/construcaocivil.siriusmarketingedesign.com.br\/wp-content\/uploads\/2022\/03\/rota-sustentabilidade-1.jpg","width":696,"height":497}},"spectra_blocks_author_info":{"display_name":"Jornal da Constru\u00e7\u00e3o Civil","avatar_url":"https:\/\/secure.gravatar.com\/avatar\/973c9774fd44ddaceb026973c4962faa70fc512bc4c9da68e8ebb40fecee6540?s=96&d=mm&r=g","author_link":"https:\/\/construcaocivil.siriusmarketingedesign.com.br\/?author=1","description":"Desde de 2013, levando muitas informa\u00e7\u00f5es, lan\u00e7amentos e produtos de qualidade para toda cadeia produtiva da constru\u00e7\u00e3o. O Futuro da constru\u00e7\u00e3o passa por aqui,"},"uagb_featured_image_src":{"full":["https:\/\/construcaocivil.siriusmarketingedesign.com.br\/wp-content\/uploads\/2022\/03\/rota-sustentabilidade-1.jpg",696,497,false],"thumbnail":["https:\/\/construcaocivil.siriusmarketingedesign.com.br\/wp-content\/uploads\/2022\/03\/rota-sustentabilidade-1-150x150.jpg",150,150,true],"medium":["https:\/\/construcaocivil.siriusmarketingedesign.com.br\/wp-content\/uploads\/2022\/03\/rota-sustentabilidade-1-300x214.jpg",300,214,true],"medium_large":["https:\/\/construcaocivil.siriusmarketingedesign.com.br\/wp-content\/uploads\/2022\/03\/rota-sustentabilidade-1.jpg",696,497,false],"large":["https:\/\/construcaocivil.siriusmarketingedesign.com.br\/wp-content\/uploads\/2022\/03\/rota-sustentabilidade-1.jpg",696,497,false],"1536x1536":["https:\/\/construcaocivil.siriusmarketingedesign.com.br\/wp-content\/uploads\/2022\/03\/rota-sustentabilidade-1.jpg",696,497,false],"2048x2048":["https:\/\/construcaocivil.siriusmarketingedesign.com.br\/wp-content\/uploads\/2022\/03\/rota-sustentabilidade-1.jpg",696,497,false]},"uagb_author_info":{"display_name":"Jornal da Constru\u00e7\u00e3o Civil","author_link":"https:\/\/construcaocivil.siriusmarketingedesign.com.br\/?author=1"},"uagb_comment_info":0,"uagb_excerpt":"Mar\u00e7o de 2022 \u2013\u00a0A import\u00e2ncia da rela\u00e7\u00e3o entre a constru\u00e7\u00e3o civil e as iniciativas sustent\u00e1veis ser\u00e1 um dos principais temas\/atra\u00e7\u00f5es que os visitantes poder\u00e3o conferir da FEICON 2022. Isso porque a edi\u00e7\u00e3o, que acontecer\u00e1 entre os dias 29 de mar\u00e7o e 01 de abril, no S\u00e3o Paulo Expo, contar\u00e1, entre outras atra\u00e7\u00f5es, com a\u00a0ROTA DA&hellip;","_links":{"self":[{"href":"https:\/\/construcaocivil.siriusmarketingedesign.com.br\/index.php?rest_route=\/wp\/v2\/posts\/18873","targetHints":{"allow":["GET"]}}],"collection":[{"href":"https:\/\/construcaocivil.siriusmarketingedesign.com.br\/index.php?rest_route=\/wp\/v2\/posts"}],"about":[{"href":"https:\/\/construcaocivil.siriusmarketingedesign.com.br\/index.php?rest_route=\/wp\/v2\/types\/post"}],"author":[{"embeddable":true,"href":"https:\/\/construcaocivil.siriusmarketingedesign.com.br\/index.php?rest_route=\/wp\/v2\/users\/1"}],"replies":[{"embeddable":true,"href":"https:\/\/construcaocivil.siriusmarketingedesign.com.br\/index.php?rest_route=%2Fwp%2Fv2%2Fcomments&post=18873"}],"version-history":[{"count":0,"href":"https:\/\/construcaocivil.siriusmarketingedesign.com.br\/index.php?rest_route=\/wp\/v2\/posts\/18873\/revisions"}],"wp:featuredmedia":[{"embeddable":true,"href":"https:\/\/construcaocivil.siriusmarketingedesign.com.br\/index.php?rest_route=\/wp\/v2\/media\/18874"}],"wp:attachment":[{"href":"https:\/\/construcaocivil.siriusmarketingedesign.com.br\/index.php?rest_route=%2Fwp%2Fv2%2Fmedia&parent=18873"}],"wp:term":[{"taxonomy":"category","embeddable":true,"href":"https:\/\/construcaocivil.siriusmarketingedesign.com.br\/index.php?rest_route=%2Fwp%2Fv2%2Fcategories&post=18873"},{"taxonomy":"post_tag","embeddable":true,"href":"https:\/\/construcaocivil.siriusmarketingedesign.com.br\/index.php?rest_route=%2Fwp%2Fv2%2Ftags&post=18873"}],"curies":[{"name":"wp","href":"https:\/\/api.w.org\/{rel}","templated":true}]}}