{"id":18876,"date":"2022-03-11T11:49:49","date_gmt":"2022-03-11T14:49:49","guid":{"rendered":"https:\/\/www.jornaldaconstrucaocivil.com.br\/?p=18876"},"modified":"2022-03-11T11:49:49","modified_gmt":"2022-03-11T14:49:49","slug":"lula-abrasileirar-a-gasolina-e-a-solucao-para-diminuir-precos","status":"publish","type":"post","link":"https:\/\/construcaocivil.siriusmarketingedesign.com.br\/?p=18876","title":{"rendered":"Lula: &#8220;Abrasileirar a gasolina \u00e9 a solu\u00e7\u00e3o para diminuir pre\u00e7os&#8221;."},"content":{"rendered":"<div class=\"row\">\n<div class=\"column large-12\">\n<p style=\"text-align: justify;\"><span style=\"color: #993300;\">Mar\u00e7o<\/span>, 2022 &#8211; O pre\u00e7o dos combust\u00edveis tem impacto direto na vida de todos os brasileiros: os pre\u00e7os dos alimentos nos supermercados s\u00e3o determinados pelo valor do frete do transporte at\u00e9 as prateleiras. O Brasil de Bolsonaro sente a infla\u00e7\u00e3o de dois d\u00edgitos pesar no bolso e no est\u00f4mago de seus cidad\u00e3os, e parte da responsabilidade \u00e9 do pre\u00e7o absurdo da gasolina, consequ\u00eancia da dolariza\u00e7\u00e3o. Por isso, o ex-presidente Luiz In\u00e1cio Lula da Silva <span style=\"color: #0000ff;\"><a style=\"color: #0000ff;\" href=\"https:\/\/www.poder360.com.br\/brasil\/vamos-abrasileirar-o-preco-da-gasolina-diz-lula\/\">diz em todas as entrevistas<\/a>:<\/span> \u201cn\u00e3o tem sentido o pre\u00e7o da gasolina ser internacional\u201d. O ex-presidente tem batido na tecla de que n\u00e3o faz sentido manter a vincula\u00e7\u00e3o \u00e0 moeda americana no pre\u00e7o dos combust\u00edveis e que isso s\u00f3 prejudica o povo brasileiro em benef\u00edcio dos acionistas internacionais.<\/p>\n<figure class=\"wp-block-image size-large\"><img loading=\"lazy\" decoding=\"async\" class=\"wp-image-79848\" src=\"https:\/\/lula.com.br\/wp-content\/uploads\/2022\/02\/WhatsApp-Image-2022-02-21-at-17.55.58.jpeg\" alt=\"\" width=\"1024\" height=\"1280\" \/><\/figure>\n<p>Desde que a Petrobras adotou a pol\u00edtica de dolariza\u00e7\u00e3o, (ou PPI, Pre\u00e7o de Paridade de Importa\u00e7\u00e3o), em 2016, os brasileiros t\u00eam sofrido com os constantes reajustes nos pre\u00e7os dos combust\u00edveis motivados pelos humores do d\u00f3lar americano. Para se ter uma ideia, o pre\u00e7o da\u00a0<span style=\"color: #0000ff;\"><a style=\"color: #0000ff;\" href=\"https:\/\/www.poder360.com.br\/economia\/gasolina-subiu-cerca-de-46-nos-postos-em-2021-diz-anp\/\">gasolina subiu cerca de 46% em 2021<\/a>.\u00a0<a style=\"color: #0000ff;\" href=\"https:\/\/lula.com.br\/por-que-o-litro-de-gasolina-custava-r-2-na-era-lula\/\" target=\"_blank\" rel=\"noreferrer noopener\">Em 2010, \u00faltimo ano de governo do ex-presidente Luiz In\u00e1cio Lula da Silva, a m\u00e9dia do pre\u00e7o<\/a><\/span>\u00a0da gasolina foi de R$2,50\u00a0e durante todo o ano, o aumento foi de apenas 2,04%.<\/p>\n<p>O PPI funciona com a equipara\u00e7\u00e3o dos valores praticados no mercado interno para n\u00f3s, consumidores brasileiros, ao do mercado externo.\u00a0<span style=\"color: #0000ff;\"><a style=\"color: #0000ff;\" href=\"https:\/\/lula.com.br\/se-voce-nao-ganha-em-dolar-esse-post-e-para-voce\/\" target=\"_blank\" rel=\"noreferrer noopener\">S\u00f3 que a gente n\u00e3o ganha em d\u00f3lar.<\/a><\/span>\u00a0O resultado \u00e9 que a conta n\u00e3o fecha, e um pa\u00eds que \u00e9 autossuficiente em petr\u00f3leo tem o povo pagando mais de 8 reais no litro de gasolina, em alguns estados.<\/p>\n<p>Outro motivo para a Petrobras praticar os pre\u00e7os em d\u00f3lar\u00a0<a href=\"https:\/\/pt.org.br\/lula-explica-relacao-entre-preco-da-gasolina-e-desmonte-da-petrobras\/\">\u00e9<span style=\"color: #0000ff;\"> ajudar empresas norte-americanas a vender<\/span><\/a><span style=\"color: #0000ff;\">\u00a0<\/span>sua gasolina no Brasil. N\u00e3o fossem os pre\u00e7os em d\u00f3lar, nosso combust\u00edvel seria muito mais barato e ningu\u00e9m importaria combust\u00edvel pra c\u00e1. Ent\u00e3o, a solu\u00e7\u00e3o achada pelo governo Bolsonaro para agradar os amigos gringos \u00e9 aumentar o pre\u00e7o da gasolina brasileira para que a americana tamb\u00e9m tenha espa\u00e7o.<\/p>\n<p>Joaquim Silva e Luna, general do Ex\u00e9rcito nomeado por Bolsonaro como presidente da estatal, confirma o que foi dito acima. No come\u00e7o deste ano,\u00a0<span style=\"color: #0000ff;\"><a style=\"color: #0000ff;\" href=\"https:\/\/www.otempo.com.br\/economia\/petrobras-precisa-praticar-precos-de-mercado-diz-general-joaquim-silva-e-luna-1.2607104\">ele disse que<\/a><\/span>\u00a0\u201co abastecimento do mercado tem que ser uma oportunidade para todos\u201d e que a \u201cPetrobras tem responsabilidade social, mas n\u00e3o pode fazer pol\u00edtica p\u00fablica\u201d. No fim das contas, temos um jogador atuando contra o pr\u00f3prio time.<\/p>\n<p>Com pensamento diametralmente oposto, Lula e Dilma viam a Petrobras como uma pe\u00e7a central para o desenvolvimento do Brasil, ao contr\u00e1rio de Bolsonaro, que j\u00e1 declarou querer \u201cse livrar da estatal\u201d e \u201cfati\u00e1-la\u201d. Com os investimentos feitos em conson\u00e2ncia com um projeto de soberania nacional, a Petrobras teve papel decisivo no crescimento in\u00e9dito que vivemos a partir de 2007 e permitiu projetos fundamentais, como o PAC e a reativa\u00e7\u00e3o da ind\u00fastria naval brasileira. A estatal alcan\u00e7ou o posto de 4\u00aa maior empresa do mundo.<\/p>\n<p>Esse papel de destaque permitiu, em 2007, a descoberta de uma das maiores jazidas de petr\u00f3leo do mundo, o pr\u00e9-sal. A Petrobras, gra\u00e7as aos investimentos feitos pelo governo Lula, deu um extraordin\u00e1rio salto tecnol\u00f3gico e se tornou capaz de extrair petr\u00f3leo a 7 mil metros de profundidade, a 300 km da costa.<\/p>\n<p>Com Dilma, a produ\u00e7\u00e3o atingiu a marca de 540 mil barris di\u00e1rios, oito anos ap\u00f3s a descoberta do pr\u00e9-sal.\u00a0 O modelo de partilha adotado pelos governos petistas garantiu que a maior parte dos lucros dessa produ\u00e7\u00e3o ficassem com a Uni\u00e3o. Em outros tempos, essa riqueza certamente iria para empresas estrangeiras (como volta a acontecer hoje, ali\u00e1s). Dilma e Lula fizeram quest\u00e3o de ressuscitar a ind\u00fastria naval brasileira e investir em conte\u00fado nacional.<\/p>\n<p>E \u00e9 por isso que se costumava dizer que \u201cO pr\u00e9-sal \u00e9 o passaporte do futuro\u201d, j\u00e1 que, al\u00e9m do que foi exposto acima, a Lei do Pr\u00e9-Sal, sancionada pela presidenta Dilma em 2013, destinava 75% dos royalties do petr\u00f3leo e 50% do Fundo Social do Pr\u00e9-Sal para a educa\u00e7\u00e3o, al\u00e9m e 25% dos royalties passa a sa\u00fade.<\/p>\n<p>Com o golpe, em 2016, e a posterior PEC do Teto de Gastos, aprovada durante do governo ileg\u00edtimo de Michel Temer, houve um ataque letal e cont\u00ednuo n\u00e3o somente da Petrobras mas de todas essas conquistas sociais advindas do petr\u00f3leo e do fortalecimento da estatal.\u00a0<span style=\"color: #0000ff;\"><a style=\"color: #0000ff;\" href=\"https:\/\/pt.org.br\/5-anos-do-golpe-entenda-o-crime-contra-a-petrobras-e-a-educacao\/\">Foi um golpe contra o a educa\u00e7\u00e3o, a sa\u00fade<\/a>\u00a0<\/span>e o povo brasileiro, que come\u00e7ou a desenhar o cen\u00e1rio de terra arrasada que vemos hoje, onde o pre\u00e7o abusivo dos combust\u00edveis \u00e9 apenas mais um item dentre tantos problemas causados.<\/p>\n<p>Esse problema causa consequ\u00eancias mais extensas, que chegam a afetar at\u00e9 mesmo a alimenta\u00e7\u00e3o da popula\u00e7\u00e3o, que j\u00e1 sofre empobrecida pela m\u00e1 gest\u00e3o que o governo fez na pandemia e tamb\u00e9m pelo alto n\u00famero de desempregados. O combust\u00edvel alto encarece o frete, o que tem reflexo no pre\u00e7o final dos alimentos, dos restaurantes, do delivery\u2026<\/p>\n<p><a href=\"https:\/\/economia.uol.com.br\/noticias\/reuters\/2022\/02\/03\/lula-diz-que-nao-mantera-dolarizacao-de-precos-de-combustiveis-se-for-eleito.htm\"><span style=\"color: #0000ff;\">E \u00e9 por tudo isso que Lula diz<\/span>\u00a0<\/a>que vai \u201cabrasileirar o pre\u00e7o da gasolina<a href=\"https:\/\/economia.uol.com.br\/noticias\/reuters\/2022\/02\/03\/lula-diz-que-nao-mantera-dolarizacao-de-precos-de-combustiveis-se-for-eleito.htm\">\u201d<\/a>. Nada mais justo, j\u00e1 que\u00a0<span style=\"color: #0000ff;\"><a style=\"color: #0000ff;\" href=\"https:\/\/lula.com.br\/para-lula-lucro-da-petrobras-pode-ser-usado-em-beneficio-da-populacao\/\">o dono da Petrobras \u00e9 o povo brasileiro<\/a>.<\/span> Lula afirmou que o \u201cpre\u00e7o vai ser brasileiro, porque os investimentos s\u00e3o feitos em real\u201d. \u00a0Abrasileirar o pre\u00e7o do combust\u00edvel vai muito al\u00e9m de diminuir o pre\u00e7o da gasolina e do g\u00e1s,\u00a0 o que j\u00e1 \u00e9 muito importante, mas tamb\u00e9m significa retomar o controle de um bem que tem sido saqueado de n\u00f3s e de fazer renascer o orgulho do Brasil, da Petrobras do povo brasileiro.<\/p>\n<p>Fome: Lula.com.br<\/p>\n<\/div>\n<\/div>\n<div class=\"row tags\"><\/div>\n","protected":false},"excerpt":{"rendered":"<p>Mar\u00e7o, 2022 &#8211; O pre\u00e7o dos combust\u00edveis tem impacto direto na vida de todos os brasileiros: os pre\u00e7os dos alimentos nos supermercados s\u00e3o determinados pelo valor do frete do transporte at\u00e9 as prateleiras. O Brasil de Bolsonaro sente a infla\u00e7\u00e3o de dois d\u00edgitos pesar no bolso e no est\u00f4mago de seus cidad\u00e3os, e parte da [&hellip;]<\/p>\n","protected":false},"author":1,"featured_media":18877,"comment_status":"open","ping_status":"open","sticky":false,"template":"","format":"standard","meta":{"_uag_custom_page_level_css":"","footnotes":""},"categories":[33],"tags":[2826,2895,23436,23433,23434,23432,13757,23435],"class_list":["post-18876","post","type-post","status-publish","format-standard","has-post-thumbnail","hentry","category-mercado","tag-construcao-civil","tag-construcao-naval","tag-desemprego-e-fome","tag-gasolina-r-10","tag-petrobras-sem-controle","tag-politica-de-precos-da-petrobras-afunda-economia","tag-precos-dos-combustiveis","tag-vendas-refinarias-prejudica-brasil"],"blocksy_meta":[],"spectra_blocks_featured_image_url":{"thumbnail":{"url":"https:\/\/construcaocivil.siriusmarketingedesign.com.br\/wp-content\/uploads\/2022\/03\/LULA-NIVER-150x150.jpg","width":150,"height":150},"medium":{"url":"https:\/\/construcaocivil.siriusmarketingedesign.com.br\/wp-content\/uploads\/2022\/03\/LULA-NIVER-300x225.jpg","width":300,"height":225},"medium_large":{"url":"https:\/\/construcaocivil.siriusmarketingedesign.com.br\/wp-content\/uploads\/2022\/03\/LULA-NIVER-768x576.jpg","width":768,"height":576},"large":{"url":"https:\/\/construcaocivil.siriusmarketingedesign.com.br\/wp-content\/uploads\/2022\/03\/LULA-NIVER.jpg","width":900,"height":675},"full":{"url":"https:\/\/construcaocivil.siriusmarketingedesign.com.br\/wp-content\/uploads\/2022\/03\/LULA-NIVER.jpg","width":900,"height":675}},"spectra_blocks_author_info":{"display_name":"Jornal da Constru\u00e7\u00e3o Civil","avatar_url":"https:\/\/secure.gravatar.com\/avatar\/973c9774fd44ddaceb026973c4962faa70fc512bc4c9da68e8ebb40fecee6540?s=96&d=mm&r=g","author_link":"https:\/\/construcaocivil.siriusmarketingedesign.com.br\/?author=1","description":"Desde de 2013, levando muitas informa\u00e7\u00f5es, lan\u00e7amentos e produtos de qualidade para toda cadeia produtiva da constru\u00e7\u00e3o. O Futuro da constru\u00e7\u00e3o passa por aqui,"},"uagb_featured_image_src":{"full":["https:\/\/construcaocivil.siriusmarketingedesign.com.br\/wp-content\/uploads\/2022\/03\/LULA-NIVER.jpg",900,675,false],"thumbnail":["https:\/\/construcaocivil.siriusmarketingedesign.com.br\/wp-content\/uploads\/2022\/03\/LULA-NIVER-150x150.jpg",150,150,true],"medium":["https:\/\/construcaocivil.siriusmarketingedesign.com.br\/wp-content\/uploads\/2022\/03\/LULA-NIVER-300x225.jpg",300,225,true],"medium_large":["https:\/\/construcaocivil.siriusmarketingedesign.com.br\/wp-content\/uploads\/2022\/03\/LULA-NIVER-768x576.jpg",768,576,true],"large":["https:\/\/construcaocivil.siriusmarketingedesign.com.br\/wp-content\/uploads\/2022\/03\/LULA-NIVER.jpg",900,675,false],"1536x1536":["https:\/\/construcaocivil.siriusmarketingedesign.com.br\/wp-content\/uploads\/2022\/03\/LULA-NIVER.jpg",900,675,false],"2048x2048":["https:\/\/construcaocivil.siriusmarketingedesign.com.br\/wp-content\/uploads\/2022\/03\/LULA-NIVER.jpg",900,675,false]},"uagb_author_info":{"display_name":"Jornal da Constru\u00e7\u00e3o Civil","author_link":"https:\/\/construcaocivil.siriusmarketingedesign.com.br\/?author=1"},"uagb_comment_info":0,"uagb_excerpt":"Mar\u00e7o, 2022 &#8211; O pre\u00e7o dos combust\u00edveis tem impacto direto na vida de todos os brasileiros: os pre\u00e7os dos alimentos nos supermercados s\u00e3o determinados pelo valor do frete do transporte at\u00e9 as prateleiras. O Brasil de Bolsonaro sente a infla\u00e7\u00e3o de dois d\u00edgitos pesar no bolso e no est\u00f4mago de seus cidad\u00e3os, e parte da&hellip;","_links":{"self":[{"href":"https:\/\/construcaocivil.siriusmarketingedesign.com.br\/index.php?rest_route=\/wp\/v2\/posts\/18876","targetHints":{"allow":["GET"]}}],"collection":[{"href":"https:\/\/construcaocivil.siriusmarketingedesign.com.br\/index.php?rest_route=\/wp\/v2\/posts"}],"about":[{"href":"https:\/\/construcaocivil.siriusmarketingedesign.com.br\/index.php?rest_route=\/wp\/v2\/types\/post"}],"author":[{"embeddable":true,"href":"https:\/\/construcaocivil.siriusmarketingedesign.com.br\/index.php?rest_route=\/wp\/v2\/users\/1"}],"replies":[{"embeddable":true,"href":"https:\/\/construcaocivil.siriusmarketingedesign.com.br\/index.php?rest_route=%2Fwp%2Fv2%2Fcomments&post=18876"}],"version-history":[{"count":0,"href":"https:\/\/construcaocivil.siriusmarketingedesign.com.br\/index.php?rest_route=\/wp\/v2\/posts\/18876\/revisions"}],"wp:featuredmedia":[{"embeddable":true,"href":"https:\/\/construcaocivil.siriusmarketingedesign.com.br\/index.php?rest_route=\/wp\/v2\/media\/18877"}],"wp:attachment":[{"href":"https:\/\/construcaocivil.siriusmarketingedesign.com.br\/index.php?rest_route=%2Fwp%2Fv2%2Fmedia&parent=18876"}],"wp:term":[{"taxonomy":"category","embeddable":true,"href":"https:\/\/construcaocivil.siriusmarketingedesign.com.br\/index.php?rest_route=%2Fwp%2Fv2%2Fcategories&post=18876"},{"taxonomy":"post_tag","embeddable":true,"href":"https:\/\/construcaocivil.siriusmarketingedesign.com.br\/index.php?rest_route=%2Fwp%2Fv2%2Ftags&post=18876"}],"curies":[{"name":"wp","href":"https:\/\/api.w.org\/{rel}","templated":true}]}}