{"id":18909,"date":"2022-03-15T12:40:22","date_gmt":"2022-03-15T15:40:22","guid":{"rendered":"https:\/\/www.jornaldaconstrucaocivil.com.br\/?p=18909"},"modified":"2022-03-15T12:40:22","modified_gmt":"2022-03-15T15:40:22","slug":"construcao-inteligente-e-integradora-mrvco-recebe-os-trainees-do-seu-primeiro-programa-exclusivo-para-pessoas-negras","status":"publish","type":"post","link":"https:\/\/construcaocivil.siriusmarketingedesign.com.br\/?p=18909","title":{"rendered":"Constru\u00e7\u00e3o inteligente e integradora: MRV&#038;CO recebe os trainees do seu primeiro programa exclusivo para pessoas negras"},"content":{"rendered":"<p>Os trainees selecionados no primeiro programa de trainee exclusivo para pessoas negras do grupo MRV&amp;CO foram recebidos ontem, dia 14 de mar\u00e7o, pelo presidente Eduardo Fischer na sede da MRV. Agora ser\u00e3o nove meses de <i>job rotation<\/i> para que eles fa\u00e7am uma imers\u00e3o em todas as \u00e1reas do grupo, e ent\u00e3o possam assumir suas posi\u00e7\u00f5es nas diversas \u00e1reas do neg\u00f3cio.<\/p>\n<p>Para o presidente da MRV, Eduardo Fischer, com o trainee para pessoas negras o grupo tem a inten\u00e7\u00e3o de promover maior equidade de oportunidades no ambiente corporativo &#8211; especialmente no que se refere \u00e0 ocupa\u00e7\u00e3o de cargos de lideran\u00e7a. <strong><span style=\"color: #0000ff;\"><em>&#8220;<span style=\"color: #993300;\">Se olharmos para os nossos quadros e para os nossos clientes, o mix de executivos negros da empresa n\u00e3o bate e precisamos mudar isso&#8221;<\/span><\/em><\/span><\/strong> destacou.<\/p>\n<p>Fischer lembra ainda que com a cria\u00e7\u00e3o do Programa de Diversidade est\u00e1 sendo poss\u00edvel aprofundar a agenda de diversidade e inclus\u00e3o do grupo. <strong><span style=\"color: #993300;\"><em>&#8220;Tivemos v\u00e1rias a\u00e7\u00f5es nas opera\u00e7\u00f5es, com discuss\u00f5es de temas ligados a equidade de g\u00eanero, equidade racial, LGBTQIAP+ e Pessoas com Defici\u00eancia. A nossa ideia \u00e9 propor a\u00e7\u00f5es voltadas para todos os nossos pilares de equidade.&#8221;<\/em> <\/span><\/strong>Disse o presidente da MRV.<\/p>\n<p>O recrutamento dos trainees teve abrang\u00eancia nacional e selecionou profissionais que atuar\u00e3o nas \u00e1reas de Estrat\u00e9gia e Intelig\u00eancia, Comercial, Desenvolvimento Imobili\u00e1rio, Marketing e Novos Neg\u00f3cios, Planejamento Financeiro, Projetos, Suprimentos, Sustentabilidade e TI<\/p>\n","protected":false},"excerpt":{"rendered":"<p>Os trainees selecionados no primeiro programa de trainee exclusivo para pessoas negras do grupo MRV&amp;CO foram recebidos ontem, dia 14 de mar\u00e7o, pelo presidente Eduardo Fischer na sede da MRV. Agora ser\u00e3o nove meses de job rotation para que eles fa\u00e7am uma imers\u00e3o em todas as \u00e1reas do grupo, e ent\u00e3o possam assumir suas posi\u00e7\u00f5es [&hellip;]<\/p>\n","protected":false},"author":1,"featured_media":18910,"comment_status":"open","ping_status":"open","sticky":false,"template":"","format":"standard","meta":{"_uag_custom_page_level_css":"","footnotes":""},"categories":[27],"tags":[23470,23468,19613,4356,23469,23466,23465,23467],"class_list":["post-18909","post","type-post","status-publish","format-standard","has-post-thumbnail","hentry","category-acontece","tag-construcao-civil-e-cidadania","tag-desenvolvimento-imobiliario","tag-emprego-e-cidadania","tag-engenheiros","tag-marketing-e-novos-negocios","tag-mrv-primeiro-programa-de-trainne","tag-mrvco","tag-oportunidades-para-profissionais-de-ti"],"blocksy_meta":[],"spectra_blocks_featured_image_url":{"thumbnail":{"url":"https:\/\/construcaocivil.siriusmarketingedesign.com.br\/wp-content\/uploads\/2022\/03\/AA-MRV-150x150.jpg","width":150,"height":150},"medium":{"url":"https:\/\/construcaocivil.siriusmarketingedesign.com.br\/wp-content\/uploads\/2022\/03\/AA-MRV-300x225.jpg","width":300,"height":225},"medium_large":{"url":"https:\/\/construcaocivil.siriusmarketingedesign.com.br\/wp-content\/uploads\/2022\/03\/AA-MRV-768x576.jpg","width":768,"height":576},"large":{"url":"https:\/\/construcaocivil.siriusmarketingedesign.com.br\/wp-content\/uploads\/2022\/03\/AA-MRV.jpg","width":800,"height":600},"full":{"url":"https:\/\/construcaocivil.siriusmarketingedesign.com.br\/wp-content\/uploads\/2022\/03\/AA-MRV.jpg","width":800,"height":600}},"spectra_blocks_author_info":{"display_name":"Jornal da Constru\u00e7\u00e3o Civil","avatar_url":"https:\/\/secure.gravatar.com\/avatar\/973c9774fd44ddaceb026973c4962faa70fc512bc4c9da68e8ebb40fecee6540?s=96&d=mm&r=g","author_link":"https:\/\/construcaocivil.siriusmarketingedesign.com.br\/?author=1","description":"Desde de 2013, levando muitas informa\u00e7\u00f5es, lan\u00e7amentos e produtos de qualidade para toda cadeia produtiva da constru\u00e7\u00e3o. O Futuro da constru\u00e7\u00e3o passa por aqui,"},"uagb_featured_image_src":{"full":["https:\/\/construcaocivil.siriusmarketingedesign.com.br\/wp-content\/uploads\/2022\/03\/AA-MRV.jpg",800,600,false],"thumbnail":["https:\/\/construcaocivil.siriusmarketingedesign.com.br\/wp-content\/uploads\/2022\/03\/AA-MRV-150x150.jpg",150,150,true],"medium":["https:\/\/construcaocivil.siriusmarketingedesign.com.br\/wp-content\/uploads\/2022\/03\/AA-MRV-300x225.jpg",300,225,true],"medium_large":["https:\/\/construcaocivil.siriusmarketingedesign.com.br\/wp-content\/uploads\/2022\/03\/AA-MRV-768x576.jpg",768,576,true],"large":["https:\/\/construcaocivil.siriusmarketingedesign.com.br\/wp-content\/uploads\/2022\/03\/AA-MRV.jpg",800,600,false],"1536x1536":["https:\/\/construcaocivil.siriusmarketingedesign.com.br\/wp-content\/uploads\/2022\/03\/AA-MRV.jpg",800,600,false],"2048x2048":["https:\/\/construcaocivil.siriusmarketingedesign.com.br\/wp-content\/uploads\/2022\/03\/AA-MRV.jpg",800,600,false]},"uagb_author_info":{"display_name":"Jornal da Constru\u00e7\u00e3o Civil","author_link":"https:\/\/construcaocivil.siriusmarketingedesign.com.br\/?author=1"},"uagb_comment_info":0,"uagb_excerpt":"Os trainees selecionados no primeiro programa de trainee exclusivo para pessoas negras do grupo MRV&amp;CO foram recebidos ontem, dia 14 de mar\u00e7o, pelo presidente Eduardo Fischer na sede da MRV. Agora ser\u00e3o nove meses de job rotation para que eles fa\u00e7am uma imers\u00e3o em todas as \u00e1reas do grupo, e ent\u00e3o possam assumir suas posi\u00e7\u00f5es&hellip;","_links":{"self":[{"href":"https:\/\/construcaocivil.siriusmarketingedesign.com.br\/index.php?rest_route=\/wp\/v2\/posts\/18909","targetHints":{"allow":["GET"]}}],"collection":[{"href":"https:\/\/construcaocivil.siriusmarketingedesign.com.br\/index.php?rest_route=\/wp\/v2\/posts"}],"about":[{"href":"https:\/\/construcaocivil.siriusmarketingedesign.com.br\/index.php?rest_route=\/wp\/v2\/types\/post"}],"author":[{"embeddable":true,"href":"https:\/\/construcaocivil.siriusmarketingedesign.com.br\/index.php?rest_route=\/wp\/v2\/users\/1"}],"replies":[{"embeddable":true,"href":"https:\/\/construcaocivil.siriusmarketingedesign.com.br\/index.php?rest_route=%2Fwp%2Fv2%2Fcomments&post=18909"}],"version-history":[{"count":0,"href":"https:\/\/construcaocivil.siriusmarketingedesign.com.br\/index.php?rest_route=\/wp\/v2\/posts\/18909\/revisions"}],"wp:featuredmedia":[{"embeddable":true,"href":"https:\/\/construcaocivil.siriusmarketingedesign.com.br\/index.php?rest_route=\/wp\/v2\/media\/18910"}],"wp:attachment":[{"href":"https:\/\/construcaocivil.siriusmarketingedesign.com.br\/index.php?rest_route=%2Fwp%2Fv2%2Fmedia&parent=18909"}],"wp:term":[{"taxonomy":"category","embeddable":true,"href":"https:\/\/construcaocivil.siriusmarketingedesign.com.br\/index.php?rest_route=%2Fwp%2Fv2%2Fcategories&post=18909"},{"taxonomy":"post_tag","embeddable":true,"href":"https:\/\/construcaocivil.siriusmarketingedesign.com.br\/index.php?rest_route=%2Fwp%2Fv2%2Ftags&post=18909"}],"curies":[{"name":"wp","href":"https:\/\/api.w.org\/{rel}","templated":true}]}}