{"id":18926,"date":"2022-03-19T19:06:07","date_gmt":"2022-03-19T22:06:07","guid":{"rendered":"https:\/\/www.jornaldaconstrucaocivil.com.br\/?p=18926"},"modified":"2022-03-19T19:06:07","modified_gmt":"2022-03-19T22:06:07","slug":"crea-rj-promove-a-live-desafios-mulher-na-area-tecnologica","status":"publish","type":"post","link":"https:\/\/construcaocivil.siriusmarketingedesign.com.br\/?p=18926","title":{"rendered":"Crea-RJ promove a live &#8220;Desafios: Mulher na \u00e1rea tecnol\u00f3gica&#8221;"},"content":{"rendered":"<p style=\"text-align: justify;\">Na pr\u00f3xima segunda-feira (21\/03), \u00e0s 10h, o Conselho Regional de Engenharia e Agronomia do Rio de Janeiro (Crea-RJ) vai promover um debate online com o tema &#8220;Desafios: Mulher na \u00e1rea tecnol\u00f3gica&#8221;.\n<\/p>\n<p style=\"text-align: justify;\">Participam da <i>live<\/i> Carmem Petraglia, Diretora Financeira e Coordenadora do Programa Mulher do Crea-RJ; Aliciane Peixoto, Engenheira Ambiental, integrante do Conselho dos Engenheiros Sem Fronteiras; Edna Calheiros, Professora e Presidente do Conselho Estadual dos Direitos das Mulheres (Cedim-RJ); Giucelia Figueiredo, Engenheira Agr\u00f4noma e Diretora da M\u00fatua Nacional; e M\u00f4nica Francisco, Deputada Estadual e Cientista Social, respons\u00e1vel pela inclus\u00e3o do projeto <span style=\"color: #0000ff;\">&#8220;Engenheiras do Futuro&#8221;<\/span> no or\u00e7amento do estado.\n<\/p>\n<p style=\"text-align: justify;\">A<i> live &#8220;<\/i>Desafios: Mulher na \u00e1rea tecnol\u00f3gica&#8221; ser\u00e1 realizada pelo\u00a0<span style=\"color: #0000ff;\"><a style=\"color: #0000ff;\" href=\"https:\/\/www.youtube.com\/c\/WebTVCREARJ\" target=\"_blank\" rel=\"noopener\" data-saferedirecturl=\"https:\/\/www.google.com\/url?q=https:\/\/www.youtube.com\/c\/WebTVCREARJ&amp;source=gmail&amp;ust=1647810330834000&amp;usg=AOvVaw0TgrBRV0gukoMVCfJTtCKj\">canal WebTV do Crea-RJ.<\/a><\/span><\/p>\n<p style=\"text-align: justify;\">\n<p style=\"text-align: justify;\">\n","protected":false},"excerpt":{"rendered":"<p>Na pr\u00f3xima segunda-feira (21\/03), \u00e0s 10h, o Conselho Regional de Engenharia e Agronomia do Rio de Janeiro (Crea-RJ) vai promover um debate online com o tema &#8220;Desafios: Mulher na \u00e1rea tecnol\u00f3gica&#8221;. Participam da live Carmem Petraglia, Diretora Financeira e Coordenadora do Programa Mulher do Crea-RJ; Aliciane Peixoto, Engenheira Ambiental, integrante do Conselho dos Engenheiros Sem [&hellip;]<\/p>\n","protected":false},"author":1,"featured_media":18927,"comment_status":"open","ping_status":"open","sticky":false,"template":"","format":"standard","meta":{"_uag_custom_page_level_css":"","footnotes":""},"categories":[27],"tags":[3143,3616,23487,11603],"class_list":["post-18926","post","type-post","status-publish","format-standard","has-post-thumbnail","hentry","category-acontece","tag-crea-rj","tag-dia-internacional-da-mulher","tag-mulheres-profissionais-da-engenharia","tag-tecnologia-na-construcao"],"blocksy_meta":[],"spectra_blocks_featured_image_url":{"thumbnail":{"url":"https:\/\/construcaocivil.siriusmarketingedesign.com.br\/wp-content\/uploads\/2022\/03\/Crea-RJ-foto-Carmem-Petraglia-150x150.jpg","width":150,"height":150},"medium":{"url":"https:\/\/construcaocivil.siriusmarketingedesign.com.br\/wp-content\/uploads\/2022\/03\/Crea-RJ-foto-Carmem-Petraglia-300x286.jpg","width":300,"height":286},"medium_large":{"url":"https:\/\/construcaocivil.siriusmarketingedesign.com.br\/wp-content\/uploads\/2022\/03\/Crea-RJ-foto-Carmem-Petraglia-768x732.jpg","width":768,"height":732},"large":{"url":"https:\/\/construcaocivil.siriusmarketingedesign.com.br\/wp-content\/uploads\/2022\/03\/Crea-RJ-foto-Carmem-Petraglia-1024x976.jpg","width":1024,"height":976},"full":{"url":"https:\/\/construcaocivil.siriusmarketingedesign.com.br\/wp-content\/uploads\/2022\/03\/Crea-RJ-foto-Carmem-Petraglia.jpg","width":1105,"height":1053}},"spectra_blocks_author_info":{"display_name":"Jornal da Constru\u00e7\u00e3o Civil","avatar_url":"https:\/\/secure.gravatar.com\/avatar\/973c9774fd44ddaceb026973c4962faa70fc512bc4c9da68e8ebb40fecee6540?s=96&d=mm&r=g","author_link":"https:\/\/construcaocivil.siriusmarketingedesign.com.br\/?author=1","description":"Desde de 2013, levando muitas informa\u00e7\u00f5es, lan\u00e7amentos e produtos de qualidade para toda cadeia produtiva da constru\u00e7\u00e3o. O Futuro da constru\u00e7\u00e3o passa por aqui,"},"uagb_featured_image_src":{"full":["https:\/\/construcaocivil.siriusmarketingedesign.com.br\/wp-content\/uploads\/2022\/03\/Crea-RJ-foto-Carmem-Petraglia.jpg",1105,1053,false],"thumbnail":["https:\/\/construcaocivil.siriusmarketingedesign.com.br\/wp-content\/uploads\/2022\/03\/Crea-RJ-foto-Carmem-Petraglia-150x150.jpg",150,150,true],"medium":["https:\/\/construcaocivil.siriusmarketingedesign.com.br\/wp-content\/uploads\/2022\/03\/Crea-RJ-foto-Carmem-Petraglia-300x286.jpg",300,286,true],"medium_large":["https:\/\/construcaocivil.siriusmarketingedesign.com.br\/wp-content\/uploads\/2022\/03\/Crea-RJ-foto-Carmem-Petraglia-768x732.jpg",768,732,true],"large":["https:\/\/construcaocivil.siriusmarketingedesign.com.br\/wp-content\/uploads\/2022\/03\/Crea-RJ-foto-Carmem-Petraglia-1024x976.jpg",1024,976,true],"1536x1536":["https:\/\/construcaocivil.siriusmarketingedesign.com.br\/wp-content\/uploads\/2022\/03\/Crea-RJ-foto-Carmem-Petraglia.jpg",1105,1053,false],"2048x2048":["https:\/\/construcaocivil.siriusmarketingedesign.com.br\/wp-content\/uploads\/2022\/03\/Crea-RJ-foto-Carmem-Petraglia.jpg",1105,1053,false]},"uagb_author_info":{"display_name":"Jornal da Constru\u00e7\u00e3o Civil","author_link":"https:\/\/construcaocivil.siriusmarketingedesign.com.br\/?author=1"},"uagb_comment_info":0,"uagb_excerpt":"Na pr\u00f3xima segunda-feira (21\/03), \u00e0s 10h, o Conselho Regional de Engenharia e Agronomia do Rio de Janeiro (Crea-RJ) vai promover um debate online com o tema &#8220;Desafios: Mulher na \u00e1rea tecnol\u00f3gica&#8221;. Participam da live Carmem Petraglia, Diretora Financeira e Coordenadora do Programa Mulher do Crea-RJ; Aliciane Peixoto, Engenheira Ambiental, integrante do Conselho dos Engenheiros Sem&hellip;","_links":{"self":[{"href":"https:\/\/construcaocivil.siriusmarketingedesign.com.br\/index.php?rest_route=\/wp\/v2\/posts\/18926","targetHints":{"allow":["GET"]}}],"collection":[{"href":"https:\/\/construcaocivil.siriusmarketingedesign.com.br\/index.php?rest_route=\/wp\/v2\/posts"}],"about":[{"href":"https:\/\/construcaocivil.siriusmarketingedesign.com.br\/index.php?rest_route=\/wp\/v2\/types\/post"}],"author":[{"embeddable":true,"href":"https:\/\/construcaocivil.siriusmarketingedesign.com.br\/index.php?rest_route=\/wp\/v2\/users\/1"}],"replies":[{"embeddable":true,"href":"https:\/\/construcaocivil.siriusmarketingedesign.com.br\/index.php?rest_route=%2Fwp%2Fv2%2Fcomments&post=18926"}],"version-history":[{"count":0,"href":"https:\/\/construcaocivil.siriusmarketingedesign.com.br\/index.php?rest_route=\/wp\/v2\/posts\/18926\/revisions"}],"wp:featuredmedia":[{"embeddable":true,"href":"https:\/\/construcaocivil.siriusmarketingedesign.com.br\/index.php?rest_route=\/wp\/v2\/media\/18927"}],"wp:attachment":[{"href":"https:\/\/construcaocivil.siriusmarketingedesign.com.br\/index.php?rest_route=%2Fwp%2Fv2%2Fmedia&parent=18926"}],"wp:term":[{"taxonomy":"category","embeddable":true,"href":"https:\/\/construcaocivil.siriusmarketingedesign.com.br\/index.php?rest_route=%2Fwp%2Fv2%2Fcategories&post=18926"},{"taxonomy":"post_tag","embeddable":true,"href":"https:\/\/construcaocivil.siriusmarketingedesign.com.br\/index.php?rest_route=%2Fwp%2Fv2%2Ftags&post=18926"}],"curies":[{"name":"wp","href":"https:\/\/api.w.org\/{rel}","templated":true}]}}