{"id":18937,"date":"2022-03-21T09:43:49","date_gmt":"2022-03-21T12:43:49","guid":{"rendered":"https:\/\/www.jornaldaconstrucaocivil.com.br\/?p=18937"},"modified":"2022-03-21T09:43:49","modified_gmt":"2022-03-21T12:43:49","slug":"fgts-e-patrimonio-do-trabalhador-nao-complemento-de-renda-diz-cbic","status":"publish","type":"post","link":"https:\/\/construcaocivil.siriusmarketingedesign.com.br\/?p=18937","title":{"rendered":"\u201cFGTS \u00e9 patrim\u00f4nio do trabalhador, n\u00e3o complemento de renda\u201d, diz CBIC"},"content":{"rendered":"<p>Boletim CBIC<\/p>\n<p style=\"text-align: justify;\">Mar\u00e7o, 2022 &#8211; Como tentativa de injetar dinheiro na economia, o governo federal anunciou a libera\u00e7\u00e3o de novos saques do Fundo de Garantia do Tempo de Servi\u00e7o (FGTS) para trabalhadores com carteira assinada. A <span style=\"color: #0000ff;\"><a style=\"color: #0000ff;\" href=\"https:\/\/www.in.gov.br\/web\/dou\/-\/medida-provisoria-n-1.105-de-17-de-marco-de-2022-386718032\">Medida Provis\u00f3ria n\u00ba 1105\/2022<\/a><\/span>, que possibilita a movimenta\u00e7\u00e3o da conta vinculada do Fundo, foi publicada no Di\u00e1rio Oficial da Uni\u00e3o (DOU) desta sexta-feira (18\/03). O calend\u00e1rio de saques come\u00e7a em 20\/04 e vai at\u00e9 15\/06. O resgate de R$ 1.000 poder\u00e1 ser realizado at\u00e9 15\/12\/2022.<\/p>\n<p style=\"text-align: justify;\">A C\u00e2mara Brasileira da Ind\u00fastria da Constru\u00e7\u00e3o (CBIC) reconhece a necessidade imediata das pessoas, mas defende que o FGTS \u00e9 patrim\u00f4nio do trabalhador, n\u00e3o complemento de renda.<\/p>\n<p style=\"text-align: justify;\">\u201cCada saque \u00e9 um est\u00edmulo ao consumo e uma dilapida\u00e7\u00e3o do patrim\u00f4nio que o trabalhador pode necessitar no futuro. Troca-se a gera\u00e7\u00e3o de emprego pelo consumo, vis\u00e3o imediatista que todas as experi\u00eancias anteriores demonstraram n\u00e3o ser a melhor\u201d, avaliou o presidente da CBIC, Jos\u00e9 Carlos Martins.<span id=\"more-76826\"><\/span><\/p>\n<div style=\"text-align: justify;\"><\/div>\n<div class=\"the_champ_sharing_container the_champ_horizontal_sharing\" style=\"text-align: justify;\" data-super-socializer-href=\"https:\/\/cbic.org.br\/fgts-e-patrimonio-do-trabalhador-nao-complemento-de-renda-diz-cbic\/\">]<\/div>\n","protected":false},"excerpt":{"rendered":"<p>Boletim CBIC Mar\u00e7o, 2022 &#8211; Como tentativa de injetar dinheiro na economia, o governo federal anunciou a libera\u00e7\u00e3o de novos saques do Fundo de Garantia do Tempo de Servi\u00e7o (FGTS) para trabalhadores com carteira assinada. A Medida Provis\u00f3ria n\u00ba 1105\/2022, que possibilita a movimenta\u00e7\u00e3o da conta vinculada do Fundo, foi publicada no Di\u00e1rio Oficial da [&hellip;]<\/p>\n","protected":false},"author":1,"featured_media":18938,"comment_status":"open","ping_status":"open","sticky":false,"template":"","format":"standard","meta":{"_uag_custom_page_level_css":"","footnotes":""},"categories":[33],"tags":[1569,2029,23493,23494,23492,10686],"class_list":["post-18937","post","type-post","status-publish","format-standard","has-post-thumbnail","hentry","category-mercado","tag-brasilia","tag-cbic","tag-construcao-civil-fgts","tag-fgts-para-consumo","tag-politica-economica-errada","tag-saque-do-fgts"],"blocksy_meta":[],"spectra_blocks_featured_image_url":{"thumbnail":{"url":"https:\/\/construcaocivil.siriusmarketingedesign.com.br\/wp-content\/uploads\/2022\/03\/CBIC-FGTS-150x150.jpg","width":150,"height":150},"medium":{"url":"https:\/\/construcaocivil.siriusmarketingedesign.com.br\/wp-content\/uploads\/2022\/03\/CBIC-FGTS-300x200.jpg","width":300,"height":200},"medium_large":{"url":"https:\/\/construcaocivil.siriusmarketingedesign.com.br\/wp-content\/uploads\/2022\/03\/CBIC-FGTS.jpg","width":600,"height":400},"large":{"url":"https:\/\/construcaocivil.siriusmarketingedesign.com.br\/wp-content\/uploads\/2022\/03\/CBIC-FGTS.jpg","width":600,"height":400},"full":{"url":"https:\/\/construcaocivil.siriusmarketingedesign.com.br\/wp-content\/uploads\/2022\/03\/CBIC-FGTS.jpg","width":600,"height":400}},"spectra_blocks_author_info":{"display_name":"Jornal da Constru\u00e7\u00e3o Civil","avatar_url":"https:\/\/secure.gravatar.com\/avatar\/973c9774fd44ddaceb026973c4962faa70fc512bc4c9da68e8ebb40fecee6540?s=96&d=mm&r=g","author_link":"https:\/\/construcaocivil.siriusmarketingedesign.com.br\/?author=1","description":"Desde de 2013, levando muitas informa\u00e7\u00f5es, lan\u00e7amentos e produtos de qualidade para toda cadeia produtiva da constru\u00e7\u00e3o. O Futuro da constru\u00e7\u00e3o passa por aqui,"},"uagb_featured_image_src":{"full":["https:\/\/construcaocivil.siriusmarketingedesign.com.br\/wp-content\/uploads\/2022\/03\/CBIC-FGTS.jpg",600,400,false],"thumbnail":["https:\/\/construcaocivil.siriusmarketingedesign.com.br\/wp-content\/uploads\/2022\/03\/CBIC-FGTS-150x150.jpg",150,150,true],"medium":["https:\/\/construcaocivil.siriusmarketingedesign.com.br\/wp-content\/uploads\/2022\/03\/CBIC-FGTS-300x200.jpg",300,200,true],"medium_large":["https:\/\/construcaocivil.siriusmarketingedesign.com.br\/wp-content\/uploads\/2022\/03\/CBIC-FGTS.jpg",600,400,false],"large":["https:\/\/construcaocivil.siriusmarketingedesign.com.br\/wp-content\/uploads\/2022\/03\/CBIC-FGTS.jpg",600,400,false],"1536x1536":["https:\/\/construcaocivil.siriusmarketingedesign.com.br\/wp-content\/uploads\/2022\/03\/CBIC-FGTS.jpg",600,400,false],"2048x2048":["https:\/\/construcaocivil.siriusmarketingedesign.com.br\/wp-content\/uploads\/2022\/03\/CBIC-FGTS.jpg",600,400,false]},"uagb_author_info":{"display_name":"Jornal da Constru\u00e7\u00e3o Civil","author_link":"https:\/\/construcaocivil.siriusmarketingedesign.com.br\/?author=1"},"uagb_comment_info":0,"uagb_excerpt":"Boletim CBIC Mar\u00e7o, 2022 &#8211; Como tentativa de injetar dinheiro na economia, o governo federal anunciou a libera\u00e7\u00e3o de novos saques do Fundo de Garantia do Tempo de Servi\u00e7o (FGTS) para trabalhadores com carteira assinada. A Medida Provis\u00f3ria n\u00ba 1105\/2022, que possibilita a movimenta\u00e7\u00e3o da conta vinculada do Fundo, foi publicada no Di\u00e1rio Oficial da&hellip;","_links":{"self":[{"href":"https:\/\/construcaocivil.siriusmarketingedesign.com.br\/index.php?rest_route=\/wp\/v2\/posts\/18937","targetHints":{"allow":["GET"]}}],"collection":[{"href":"https:\/\/construcaocivil.siriusmarketingedesign.com.br\/index.php?rest_route=\/wp\/v2\/posts"}],"about":[{"href":"https:\/\/construcaocivil.siriusmarketingedesign.com.br\/index.php?rest_route=\/wp\/v2\/types\/post"}],"author":[{"embeddable":true,"href":"https:\/\/construcaocivil.siriusmarketingedesign.com.br\/index.php?rest_route=\/wp\/v2\/users\/1"}],"replies":[{"embeddable":true,"href":"https:\/\/construcaocivil.siriusmarketingedesign.com.br\/index.php?rest_route=%2Fwp%2Fv2%2Fcomments&post=18937"}],"version-history":[{"count":0,"href":"https:\/\/construcaocivil.siriusmarketingedesign.com.br\/index.php?rest_route=\/wp\/v2\/posts\/18937\/revisions"}],"wp:featuredmedia":[{"embeddable":true,"href":"https:\/\/construcaocivil.siriusmarketingedesign.com.br\/index.php?rest_route=\/wp\/v2\/media\/18938"}],"wp:attachment":[{"href":"https:\/\/construcaocivil.siriusmarketingedesign.com.br\/index.php?rest_route=%2Fwp%2Fv2%2Fmedia&parent=18937"}],"wp:term":[{"taxonomy":"category","embeddable":true,"href":"https:\/\/construcaocivil.siriusmarketingedesign.com.br\/index.php?rest_route=%2Fwp%2Fv2%2Fcategories&post=18937"},{"taxonomy":"post_tag","embeddable":true,"href":"https:\/\/construcaocivil.siriusmarketingedesign.com.br\/index.php?rest_route=%2Fwp%2Fv2%2Ftags&post=18937"}],"curies":[{"name":"wp","href":"https:\/\/api.w.org\/{rel}","templated":true}]}}