{"id":1895,"date":"2016-05-30T19:55:27","date_gmt":"2016-05-30T19:55:27","guid":{"rendered":"http:\/\/www.jornaldaconstrucaocivil.com.br\/?p=1895"},"modified":"2016-05-30T19:55:27","modified_gmt":"2016-05-30T19:55:27","slug":"nota-as-violencias-contra-mulheres-e-meninas-tem-causas-estruturais-que-precisam-ser-reveladas-e-combatidas","status":"publish","type":"post","link":"https:\/\/construcaocivil.siriusmarketingedesign.com.br\/?p=1895","title":{"rendered":"Nota: as viol\u00eancias contra mulheres e meninas t\u00eam causas estruturais que precisam ser reveladas e combatidas"},"content":{"rendered":"<p><strong><span style=\"color: #000000;\"><span style=\"color: #0000ff;\">A Plan International Brasil<\/span> se solidariza com a v\u00edtima do estupro coletivo noticiado na semana passada no Rio de Janeiro e com todas as outras mulheres e meninas que sofrem viol\u00eancia a cada dia em nosso pa\u00eds. A brutalidade do ocorrido comoveu e mobilizou o Brasil e o mundo, e colocou toda a sociedade em reflex\u00e3o sobre a viol\u00eancia de que s\u00e3o v\u00edtimas meninas e mulheres diariamente.<\/span><\/strong><\/p>\n<p><span style=\"color: #000000;\"><span style=\"color: #993300;\">A viol\u00eancia sexual<\/span> \u00e9 a mostra mais clara das consequ\u00eancias de um modelo cultural machista e patriarcal, onde os homens se sentem no direito de usar o corpo da mulher como objeto, o que faz com que as mulheres, desde as primeiras etapas de sua vida, sejam vistas como propriedade do homem. E o movimento que tenta silenciar a discuss\u00e3o de g\u00eanero, em todas as inst\u00e2ncias, refor\u00e7a esta viol\u00eancia e naturaliza as pr\u00e1ticas abusivas.<\/span><\/p>\n<p><span style=\"color: #000000;\">Nesse momento de dor e tristeza, mas tamb\u00e9m de mobiliza\u00e7\u00e3o e reflex\u00e3o sobre as causas estruturantes da viol\u00eancia baseada em g\u00eanero, a Plan International Brasil:<\/span><\/p>\n<p><span style=\"color: #000000;\"><span style=\"color: #800080;\">Reafirma que as viol\u00eancias contra mulheres e meninas t\u00eam causas estruturais que precisam ser reveladas e combatidas:<\/span> o machismo, o racismo e o classismo marcam o processo de socializa\u00e7\u00e3o da sociedade brasileira e por isso \u00e9 necess\u00e1rio um esfor\u00e7o de toda a sociedade para que as bases da socializa\u00e7\u00e3o sejam os princ\u00edpios da justi\u00e7a, igualdade de g\u00eanero, liberdade e respeito das diferen\u00e7as.<\/span><\/p>\n<p><span style=\"color: #000000;\"><span style=\"color: #800080;\">Exige que as pol\u00edticas p\u00fablicas e legisla\u00e7\u00f5es para a promo\u00e7\u00e3o e prote\u00e7\u00e3o dos direitos de meninas e mulheres sejam mantidas, ampliadas e aperfei\u00e7oadas<\/span>, de modo que se garanta uma aten\u00e7\u00e3o integral e integrada, sem restri\u00e7\u00e3o, evitando a revitimiza\u00e7\u00e3o e garantindo a qualidade do atendimento, assim como a puni\u00e7\u00e3o dos culpados.<\/span><\/p>\n<p><span style=\"color: #000000;\"><span style=\"color: #800080;\">Reitera seus compromissos pela igualdade de g\u00eanero e empoderamento de mulheres e meninas<\/span> e seguir\u00e1 mobilizando a sociedade atrav\u00e9s de seus projetos, campanhas e mobiliza\u00e7\u00f5es, no marco do Movimento Global \u201cPor Ser Menina\u201d (Because I am a Girl), e tamb\u00e9m em conjunto com outras organiza\u00e7\u00f5es e com a Rede de Promo\u00e7\u00e3o dos Direitos das Meninas e Igualdade de G\u00eanero, para que meninas e mulheres sejam protagonistas de suas vidas e alcancem seu pleno potencial, livres de viol\u00eancias e outras barreiras que lhe s\u00e3o impostas pelo fato de serem mulheres.<\/span><\/p>\n<p><span style=\"color: #000000;\">A Plan International Brasil conclama, ent\u00e3o, toda a sociedade brasileira para unir esfor\u00e7os nesse movimento para garantir que meninas e mulheres possam viver livres de viol\u00eancia e que seus direitos sejam realizados plenamente.<\/span><\/p>\n<p><span style=\"color: #000000;\">Mais informa\u00e7\u00f5es sobre a Plan Brasil em<\/span><span style=\"color: #800080;\"> www.plan.org.br<\/span>.<\/p>\n","protected":false},"excerpt":{"rendered":"<p>A Plan International Brasil se solidariza com a v\u00edtima do estupro coletivo noticiado na semana passada no Rio de Janeiro e com todas as outras mulheres e meninas que sofrem viol\u00eancia a cada dia em nosso pa\u00eds. A brutalidade do ocorrido comoveu e mobilizou o Brasil e o mundo, e colocou toda a sociedade em [&hellip;]<\/p>\n","protected":false},"author":1,"featured_media":0,"comment_status":"open","ping_status":"open","sticky":false,"template":"","format":"quote","meta":{"_uag_custom_page_level_css":"","footnotes":""},"categories":[27],"tags":[1535,2022,5537,8975,10211,10375,12423],"class_list":["post-1895","post","type-post","status-publish","format-quote","hentry","category-acontece","tag-brasil","tag-causas","tag-governo","tag-plan-internacional","tag-repudio","tag-rio-de-janeiro","tag-violencia-contra-as-mulheres","post_format-post-format-quote"],"blocksy_meta":[],"spectra_blocks_featured_image_url":null,"spectra_blocks_author_info":{"display_name":"Jornal da Constru\u00e7\u00e3o Civil","avatar_url":"https:\/\/secure.gravatar.com\/avatar\/973c9774fd44ddaceb026973c4962faa70fc512bc4c9da68e8ebb40fecee6540?s=96&d=mm&r=g","author_link":"https:\/\/construcaocivil.siriusmarketingedesign.com.br\/?author=1","description":"Desde de 2013, levando muitas informa\u00e7\u00f5es, lan\u00e7amentos e produtos de qualidade para toda cadeia produtiva da constru\u00e7\u00e3o. O Futuro da constru\u00e7\u00e3o passa por aqui,"},"uagb_featured_image_src":{"full":false,"thumbnail":false,"medium":false,"medium_large":false,"large":false,"1536x1536":false,"2048x2048":false},"uagb_author_info":{"display_name":"Jornal da Constru\u00e7\u00e3o Civil","author_link":"https:\/\/construcaocivil.siriusmarketingedesign.com.br\/?author=1"},"uagb_comment_info":0,"uagb_excerpt":"A Plan International Brasil se solidariza com a v\u00edtima do estupro coletivo noticiado na semana passada no Rio de Janeiro e com todas as outras mulheres e meninas que sofrem viol\u00eancia a cada dia em nosso pa\u00eds. A brutalidade do ocorrido comoveu e mobilizou o Brasil e o mundo, e colocou toda a sociedade em&hellip;","_links":{"self":[{"href":"https:\/\/construcaocivil.siriusmarketingedesign.com.br\/index.php?rest_route=\/wp\/v2\/posts\/1895","targetHints":{"allow":["GET"]}}],"collection":[{"href":"https:\/\/construcaocivil.siriusmarketingedesign.com.br\/index.php?rest_route=\/wp\/v2\/posts"}],"about":[{"href":"https:\/\/construcaocivil.siriusmarketingedesign.com.br\/index.php?rest_route=\/wp\/v2\/types\/post"}],"author":[{"embeddable":true,"href":"https:\/\/construcaocivil.siriusmarketingedesign.com.br\/index.php?rest_route=\/wp\/v2\/users\/1"}],"replies":[{"embeddable":true,"href":"https:\/\/construcaocivil.siriusmarketingedesign.com.br\/index.php?rest_route=%2Fwp%2Fv2%2Fcomments&post=1895"}],"version-history":[{"count":0,"href":"https:\/\/construcaocivil.siriusmarketingedesign.com.br\/index.php?rest_route=\/wp\/v2\/posts\/1895\/revisions"}],"wp:attachment":[{"href":"https:\/\/construcaocivil.siriusmarketingedesign.com.br\/index.php?rest_route=%2Fwp%2Fv2%2Fmedia&parent=1895"}],"wp:term":[{"taxonomy":"category","embeddable":true,"href":"https:\/\/construcaocivil.siriusmarketingedesign.com.br\/index.php?rest_route=%2Fwp%2Fv2%2Fcategories&post=1895"},{"taxonomy":"post_tag","embeddable":true,"href":"https:\/\/construcaocivil.siriusmarketingedesign.com.br\/index.php?rest_route=%2Fwp%2Fv2%2Ftags&post=1895"}],"curies":[{"name":"wp","href":"https:\/\/api.w.org\/{rel}","templated":true}]}}