{"id":18954,"date":"2022-03-25T14:29:10","date_gmt":"2022-03-25T17:29:10","guid":{"rendered":"https:\/\/www.jornaldaconstrucaocivil.com.br\/?p=18954"},"modified":"2022-03-25T14:29:10","modified_gmt":"2022-03-25T17:29:10","slug":"majoracao-do-gas-natural-e-insumos-pressiona-a-industria-ceramica-e-gera-gargalos-em-2022","status":"publish","type":"post","link":"https:\/\/construcaocivil.siriusmarketingedesign.com.br\/?p=18954","title":{"rendered":"Majora\u00e7\u00e3o do g\u00e1s natural e insumos pressiona  a ind\u00fastria cer\u00e2mica e gera gargalos em 2022"},"content":{"rendered":"<p style=\"text-align: justify;\">Mar\u00e7o, 2022 &#8211; O aumento dos custos de produ\u00e7\u00e3o e log\u00edstica para o setor preocupa as empresas nacionais, informa a Anfacer (Associa\u00e7\u00e3o Nacional dos Fabricantes de Cer\u00e2mica para Revestimentos, Lou\u00e7as Sanit\u00e1rias e Cong\u00eaneres). Ap\u00f3s dois anos de crescimento consistente, puxado por exporta\u00e7\u00f5es recordes e aquecimento do mercado interno, a perspectiva para 2022 \u00e9 de um per\u00edodo desafiador.<\/p>\n<p style=\"text-align: justify;\">Proje\u00e7\u00f5es indicam que as vendas totais do ano poder\u00e3o somar 1,022 bilh\u00e3o de metros quadrados, diminuindo 1% em rela\u00e7\u00e3o ao 1,032 bilh\u00e3o registrado em 2021. Esta ser\u00e1 a primeira queda desde 2019, per\u00edodo anterior \u00e0 pandemia.<\/p>\n<p style=\"text-align: justify;\">Este ano, a Anfacer prev\u00ea, ainda, que\u00a0os ganhos setoriais sejam anulados pelo impacto da alta na infla\u00e7\u00e3o.\u00a0Para 2022, a estimativa \u00e9 de retra\u00e7\u00e3o de 1,8% no mercado interno e aumento de 4,4% no externo, com exporta\u00e7\u00f5es de 136 milh\u00f5es de metros quadrados. O cen\u00e1rio \u00e9 permeado de incertezas nos planos nacional e internacional, como a\u00a0instabilidade geopol\u00edtica relativa ao petr\u00f3leo e g\u00e1s.<\/p>\n<p style=\"text-align: justify;\">A ind\u00fastria cer\u00e2mica vinha acompanhando a tend\u00eancia de alta do mercado de constru\u00e7\u00e3o civil, que, al\u00e9m dos novos produtos imobili\u00e1rios, beneficiou-se do aumento significativo do n\u00famero de reformas em casas e apartamentos, no \u00e1pice da pandemia. Al\u00e9m disso, as empresas do segmento realizaram investimentos consider\u00e1veis na expans\u00e3o e modernidade do parque fabril, consequentemente agregando mais qualidade de design e inova\u00e7\u00e3o aos produtos nacionais.<\/p>\n<p style=\"text-align: justify;\">O cen\u00e1rio energ\u00e9tico desafiador \u00e9 o principal gargalo, por conta da postural do empresariado, que fez investimentos com base na expectativa gerada pelo PL 6407\/2013, o Novo Marco Regulat\u00f3rio do G\u00e1s Natural, que n\u00e3o foi correspondida. O insumo, que representa cerca de 30% dos custos de produ\u00e7\u00e3o do setor, teve aumento aproximado de 80% no Sul e 60% para o Sudeste, principais polos produtivos de cer\u00e2mica, no decorrer do \u00faltimo ano. Por esses motivos, a Anfacer alerta para o problema da majora\u00e7\u00e3o.<\/p>\n<p style=\"text-align: justify;\">&#8220;O pre\u00e7o do g\u00e1s natural, que j\u00e1 sofreu reajustes significativos ao longo de 2021, tornou-se um fator ainda mais preocupante em 2022, com a eleva\u00e7\u00e3o em cerca de 50% nos novos contratos anunciada pela Petrobras&#8221;, afirma\u00a0Benjamin Ferreira Neto, presidente do Conselho de Administra\u00e7\u00e3o\u00a0da Anfacer. No Brasil, o segmento de cer\u00e2mica \u00e9 o segundo maior consumidor industrial de g\u00e1s natural, cuja mol\u00e9cula j\u00e1 \u00e9 uma das mais caras do mundo. &#8220;A nova pol\u00edtica de precifica\u00e7\u00e3o da Petrobras impactar\u00e1 de maneira dr\u00e1stica o setor&#8221;, resume o dirigente.\n<\/p>\n<p style=\"text-align: justify;\">&#8220;Ao adotar o g\u00e1s natural no setor cer\u00e2mico, contribu\u00edmos para evitar a emiss\u00e3o de 4,6 milh\u00f5es de toneladas de di\u00f3xido de carbono na atmosfera em dez anos. \u00c9 como salvar do desmatamento uma \u00e1rea de florestas equivalente a 8.861 campos de futebol ou reduzir a emiss\u00e3o de mil carros percorrendo 876 voltas ao redor da Terra&#8221;, diz Ferreira Neto.\n<\/p>\n<p style=\"text-align: justify;\">A entidade foi uma das protagonistas na longa trajet\u00f3ria que culminou com a promulga\u00e7\u00e3o da Lei do G\u00e1s, avan\u00e7o que deveria reduzir os custos, mas ainda sem efeitos pr\u00e1ticos. &#8220;Em nosso pa\u00eds, o insumo j\u00e1 \u00e9 muito mais caro do que em outras na\u00e7\u00f5es e na m\u00e9dia do mercado global, impactando nossa competitividade&#8221;, ressalta\u00a0Ferreira Neto.\n<\/p>\n<p style=\"text-align: justify;\">As mat\u00e9rias-primas tiveram seus pre\u00e7os inflacionados, impactados pelo cen\u00e1rio pand\u00eamico e pela varia\u00e7\u00e3o cambial, pois h\u00e1 parte significativa de insumos importados. No ano passado, os custos totais com materiais de embalagens estavam est\u00e1veis, mas em 2022 o pre\u00e7o m\u00e9dio j\u00e1 subiu cerca de 65%. De 2020 para 2021,\u00a0o pl\u00e1stico filme stretch, usado nas embalagens, aumentou 135%, por exemplo. Materiais de manuten\u00e7\u00e3o e pe\u00e7as de reposi\u00e7\u00e3o, muitos importados, tamb\u00e9m sofreram encarecimento expressivo.<\/p>\n<p style=\"text-align: justify;\">Outro custo que sofreu encarecimento significativo foi o frete mar\u00edtimo. Informa\u00e7\u00f5es divulgadas pela Drewry para cont\u00eaineres de 40 p\u00e9s, indicam que, no comparativo de janeiro de 2022 com o mesmo m\u00eas de 2021, houve aumento de 79,4%. Em rela\u00e7\u00e3o a janeiro de 2020, foram 443,6%.<\/p>\n<p style=\"text-align: justify;\">Para a Anfacer, o cen\u00e1rio global de crise de log\u00edstica e de cont\u00eaineres \u00e9 desafiador. J\u00e1 existem mercados, como Chile e Argentina, para os quais a ind\u00fastria tem escolhido o frete rodovi\u00e1rio para garantir as entregas previstas nos contratos. &#8220;Em decorr\u00eancia do aumento de custos e escassez de cont\u00eaineres, o frete rodovi\u00e1rio torna-se uma op\u00e7\u00e3o para garantir a entrega aos clientes&#8221;, analisa Ferreira Neto.<\/p>\n<p style=\"text-align: justify;\"><strong>Balan\u00e7o de 2021<\/strong><\/p>\n<p style=\"text-align: justify;\">Apesar da inseguran\u00e7a gerada pela sombra da majora\u00e7\u00e3o do g\u00e1s natural e obst\u00e1culos como c\u00e2mbio,\u00a0desvaloriza\u00e7\u00e3o do Real, frete, encarecimento do petr\u00f3leo, IGP-M e da crise h\u00eddrica, que pressionam os custos de produ\u00e7\u00e3o e log\u00edstica, os indicadores revelam que a produ\u00e7\u00e3o do setor foi de 1,048 bilh\u00e3o de metros quadrados, considerando os resultados acumulados de janeiro a dezembro de 2021. O volume representa crescimento de 24,8% em rela\u00e7\u00e3o ao mesmo per\u00edodo de 2020, segundo a Anfacer.<\/p>\n<p style=\"text-align: justify;\">Na mesma base de compara\u00e7\u00e3o, as vendas totais tiveram expans\u00e3o de 12,2%, chegando a 1,032 bilh\u00e3o de metros quadrados. No mercado interno, esse crescimento foi de 9,2%, alcan\u00e7ando 901,9 milh\u00f5es de metros quadrados. As exporta\u00e7\u00f5es alcan\u00e7aram um recorde hist\u00f3rico em abril e somaram, ao longo do ano, 130,3 milh\u00f5es de metros quadrados, uma alta de 38,5% em rela\u00e7\u00e3o a 2020.<\/p>\n<p style=\"text-align: justify;\"><strong>Expo Revestir<\/strong><\/p>\n<p style=\"text-align: justify;\">Em meio a tantos desafios, 2022 tamb\u00e9m trouxe uma boa not\u00edcia para o setor. Em mar\u00e7o, a Anfacer celebrou os 20 anos da Expo Revestir, a maior feira de revestimentos e acabamentos da Am\u00e9rica Latina para revendedores. O evento hist\u00f3rico ocorreu em um momento simb\u00f3lico de retomada respons\u00e1vel de atividades presenciais e reuniu players do setor, arquitetos, designers e interessados no mercado\u00a0<i>art d\u00e9cor<\/i>, em evento h\u00edbrido.<br \/>\nA vers\u00e3o presencial ofereceu todo conforto e seguran\u00e7a, e seguiu os protocolos sanit\u00e1rios contra a Covid-19, enquanto o f\u00f3rum internacional foi exibido nas plataformas digitais para quem optou pela vers\u00e3o\u00a0<i>online<\/i>.<\/p>\n","protected":false},"excerpt":{"rendered":"<p>Mar\u00e7o, 2022 &#8211; O aumento dos custos de produ\u00e7\u00e3o e log\u00edstica para o setor preocupa as empresas nacionais, informa a Anfacer (Associa\u00e7\u00e3o Nacional dos Fabricantes de Cer\u00e2mica para Revestimentos, Lou\u00e7as Sanit\u00e1rias e Cong\u00eaneres). Ap\u00f3s dois anos de crescimento consistente, puxado por exporta\u00e7\u00f5es recordes e aquecimento do mercado interno, a perspectiva para 2022 \u00e9 de um [&hellip;]<\/p>\n","protected":false},"author":1,"featured_media":18955,"comment_status":"open","ping_status":"open","sticky":false,"template":"","format":"standard","meta":{"_uag_custom_page_level_css":"","footnotes":""},"categories":[33],"tags":[726,14976,23510,7046,23507,23509,23511,23508],"class_list":["post-18954","post","type-post","status-publish","format-standard","has-post-thumbnail","hentry","category-mercado","tag-anfacer","tag-expo-revestir","tag-fabricantes-e-varejistas","tag-loucas-sanitarias","tag-majoracao-do-gas-natural","tag-petrobras-preco-do-gas-sobe-50","tag-petrobras-pressiona-inflacao","tag-pl-6407-2013"],"blocksy_meta":[],"spectra_blocks_featured_image_url":{"thumbnail":{"url":"https:\/\/construcaocivil.siriusmarketingedesign.com.br\/wp-content\/uploads\/2022\/03\/AB-LOUCAS-SANITARIAS-OK-150x150.jpg","width":150,"height":150},"medium":{"url":"https:\/\/construcaocivil.siriusmarketingedesign.com.br\/wp-content\/uploads\/2022\/03\/AB-LOUCAS-SANITARIAS-OK-300x225.jpg","width":300,"height":225},"medium_large":{"url":"https:\/\/construcaocivil.siriusmarketingedesign.com.br\/wp-content\/uploads\/2022\/03\/AB-LOUCAS-SANITARIAS-OK.jpg","width":702,"height":527},"large":{"url":"https:\/\/construcaocivil.siriusmarketingedesign.com.br\/wp-content\/uploads\/2022\/03\/AB-LOUCAS-SANITARIAS-OK.jpg","width":702,"height":527},"full":{"url":"https:\/\/construcaocivil.siriusmarketingedesign.com.br\/wp-content\/uploads\/2022\/03\/AB-LOUCAS-SANITARIAS-OK.jpg","width":702,"height":527}},"spectra_blocks_author_info":{"display_name":"Jornal da Constru\u00e7\u00e3o Civil","avatar_url":"https:\/\/secure.gravatar.com\/avatar\/973c9774fd44ddaceb026973c4962faa70fc512bc4c9da68e8ebb40fecee6540?s=96&d=mm&r=g","author_link":"https:\/\/construcaocivil.siriusmarketingedesign.com.br\/?author=1","description":"Desde de 2013, levando muitas informa\u00e7\u00f5es, lan\u00e7amentos e produtos de qualidade para toda cadeia produtiva da constru\u00e7\u00e3o. O Futuro da constru\u00e7\u00e3o passa por aqui,"},"uagb_featured_image_src":{"full":["https:\/\/construcaocivil.siriusmarketingedesign.com.br\/wp-content\/uploads\/2022\/03\/AB-LOUCAS-SANITARIAS-OK.jpg",702,527,false],"thumbnail":["https:\/\/construcaocivil.siriusmarketingedesign.com.br\/wp-content\/uploads\/2022\/03\/AB-LOUCAS-SANITARIAS-OK-150x150.jpg",150,150,true],"medium":["https:\/\/construcaocivil.siriusmarketingedesign.com.br\/wp-content\/uploads\/2022\/03\/AB-LOUCAS-SANITARIAS-OK-300x225.jpg",300,225,true],"medium_large":["https:\/\/construcaocivil.siriusmarketingedesign.com.br\/wp-content\/uploads\/2022\/03\/AB-LOUCAS-SANITARIAS-OK.jpg",702,527,false],"large":["https:\/\/construcaocivil.siriusmarketingedesign.com.br\/wp-content\/uploads\/2022\/03\/AB-LOUCAS-SANITARIAS-OK.jpg",702,527,false],"1536x1536":["https:\/\/construcaocivil.siriusmarketingedesign.com.br\/wp-content\/uploads\/2022\/03\/AB-LOUCAS-SANITARIAS-OK.jpg",702,527,false],"2048x2048":["https:\/\/construcaocivil.siriusmarketingedesign.com.br\/wp-content\/uploads\/2022\/03\/AB-LOUCAS-SANITARIAS-OK.jpg",702,527,false]},"uagb_author_info":{"display_name":"Jornal da Constru\u00e7\u00e3o Civil","author_link":"https:\/\/construcaocivil.siriusmarketingedesign.com.br\/?author=1"},"uagb_comment_info":0,"uagb_excerpt":"Mar\u00e7o, 2022 &#8211; O aumento dos custos de produ\u00e7\u00e3o e log\u00edstica para o setor preocupa as empresas nacionais, informa a Anfacer (Associa\u00e7\u00e3o Nacional dos Fabricantes de Cer\u00e2mica para Revestimentos, Lou\u00e7as Sanit\u00e1rias e Cong\u00eaneres). Ap\u00f3s dois anos de crescimento consistente, puxado por exporta\u00e7\u00f5es recordes e aquecimento do mercado interno, a perspectiva para 2022 \u00e9 de um&hellip;","_links":{"self":[{"href":"https:\/\/construcaocivil.siriusmarketingedesign.com.br\/index.php?rest_route=\/wp\/v2\/posts\/18954","targetHints":{"allow":["GET"]}}],"collection":[{"href":"https:\/\/construcaocivil.siriusmarketingedesign.com.br\/index.php?rest_route=\/wp\/v2\/posts"}],"about":[{"href":"https:\/\/construcaocivil.siriusmarketingedesign.com.br\/index.php?rest_route=\/wp\/v2\/types\/post"}],"author":[{"embeddable":true,"href":"https:\/\/construcaocivil.siriusmarketingedesign.com.br\/index.php?rest_route=\/wp\/v2\/users\/1"}],"replies":[{"embeddable":true,"href":"https:\/\/construcaocivil.siriusmarketingedesign.com.br\/index.php?rest_route=%2Fwp%2Fv2%2Fcomments&post=18954"}],"version-history":[{"count":0,"href":"https:\/\/construcaocivil.siriusmarketingedesign.com.br\/index.php?rest_route=\/wp\/v2\/posts\/18954\/revisions"}],"wp:featuredmedia":[{"embeddable":true,"href":"https:\/\/construcaocivil.siriusmarketingedesign.com.br\/index.php?rest_route=\/wp\/v2\/media\/18955"}],"wp:attachment":[{"href":"https:\/\/construcaocivil.siriusmarketingedesign.com.br\/index.php?rest_route=%2Fwp%2Fv2%2Fmedia&parent=18954"}],"wp:term":[{"taxonomy":"category","embeddable":true,"href":"https:\/\/construcaocivil.siriusmarketingedesign.com.br\/index.php?rest_route=%2Fwp%2Fv2%2Fcategories&post=18954"},{"taxonomy":"post_tag","embeddable":true,"href":"https:\/\/construcaocivil.siriusmarketingedesign.com.br\/index.php?rest_route=%2Fwp%2Fv2%2Ftags&post=18954"}],"curies":[{"name":"wp","href":"https:\/\/api.w.org\/{rel}","templated":true}]}}