{"id":18990,"date":"2022-03-30T00:29:39","date_gmt":"2022-03-30T03:29:39","guid":{"rendered":"https:\/\/www.jornaldaconstrucaocivil.com.br\/?p=18990"},"modified":"2022-03-30T00:29:39","modified_gmt":"2022-03-30T03:29:39","slug":"crescimento-do-pib-e-oportunidades-de-negocios-marcam-abertura-da-feicon-2022","status":"publish","type":"post","link":"https:\/\/construcaocivil.siriusmarketingedesign.com.br\/?p=18990","title":{"rendered":"Crescimento do PIB e oportunidades de neg\u00f3cios marcam abertura da FEICON 2022"},"content":{"rendered":"<p style=\"text-align: justify;\"><span style=\"color: #0000ff;\">Mar\u00e7o<\/span>, 2022 &#8211; Desenvolvimento das tecnologias que t\u00eam potencializado o setor e o avan\u00e7o de parcerias entre empresas, varejistas e profissionais refor\u00e7aram os discursos de abertura da FEICON, maior feira do setor de constru\u00e7\u00e3o civil da Am\u00e9rica Latina, que voltou a abrir as portas para o p\u00fablico, na ter\u00e7a-feira (29), no pavilh\u00e3o S\u00e3o Paulo Expo, ap\u00f3s dois anos de pandemia e quatro adiamentos, em um momento em que o segmento registrou uma alta de 9,7% no PIB em 2021.<\/p>\n<p style=\"text-align: justify;\">\u201cS\u00e3o Paulo foi um dos Estados que consideraram a atividade da constru\u00e7\u00e3o civil, incluindo as lojas de materiais de constru\u00e7\u00e3o como essencial no per\u00edodo de pandemia e isso foi muito importante para a retomada econ\u00f4mica do Estado e o crescimento do PIB, considerando as a\u00e7\u00f5es de maneira geral, desde as casas, as estradas e at\u00e9 mais de 500 mil liga\u00e7\u00f5es de esgotos feitas por esse setor\u201d, destacou Flavio Amary, Secret\u00e1rio de Habita\u00e7\u00e3o do Estado de S\u00e3o Paulo, no discurso de abertura do evento.<\/p>\n<p style=\"text-align: justify;\">Representando a Secretaria de Desenvolvimento Econ\u00f4mico, Ci\u00eancia, Tecnologia e Inova\u00e7\u00e3o do Estado de S\u00e3o Paulo, Patr\u00edcia Ellen, o Deputado Federal Capit\u00e3o Jo\u00e3o Augusto Rosa, Presidente da Comiss\u00e3o Parlamentar do setor na C\u00e2mara dos Deputados, destacou a import\u00e2ncia das parcerias envolvendo poder p\u00fablico e os elos da cadeia construtiva. \u201cNotamos que havia um v\u00e1cuo de representa\u00e7\u00e3o na categoria e nos organizamos para fortalecer o setor\u201d, ressaltou.<\/p>\n<p style=\"text-align: justify;\">Rodrigo Navarro, Presidente da Associa\u00e7\u00e3o Brasileira da Ind\u00fastria de Materiais de Constru\u00e7\u00e3o (Abramat), que conta com 400 f\u00e1bricas associadas, tamb\u00e9m aproveitou para abordar a import\u00e2ncia de a\u00e7\u00f5es conjuntas. \u201cConseguimos demonstrar que a ind\u00fastria de materiais, o varejo e as obras s\u00e3o servi\u00e7os essenciais. O efeito colateral dessa crise toda, para al\u00e9m das quest\u00f5es de sa\u00fade, foi essa aproxima\u00e7\u00e3o que a gente precisa para a retomada da economia, a atra\u00e7\u00e3o de investimentos e a gera\u00e7\u00e3o de empregos. A feira simboliza o esfor\u00e7o de supera\u00e7\u00e3o de 2020 e o crescimento forte em 2021\u201d.<\/p>\n<p style=\"text-align: justify;\">Para Claudio de La Nina, Presidente da RX (Reed Exhibitions) organizadora da FEICON, os \u00faltimos dois anos aumentaram a expectativa para realiza\u00e7\u00e3o da feira, considerada uma vitrine de tend\u00eancias e\u00a0 inova\u00e7\u00f5es e de fortalecimento de neg\u00f3cios. \u201c\u00c9 uma alegria muito grande compartilhar com todos este especial momento. Estamos todos empenhados em fazer um evento cada vez melhor e, com isso, queremos ajudar os nossos clientes a constru\u00edrem os seus neg\u00f3cios.\u201d.<\/p>\n<p style=\"text-align: justify;\">Para Lucia Mourad, Gerente da FEICON, a feira \u00e9 um reflexo do momento positivo. \u201cEm compara\u00e7\u00e3o com a \u00faltima edi\u00e7\u00e3o, realizada em 2019, tivemos um crescimento de 10% no n\u00famero de expositores. Contamos com mais de 700 marcas este ano e a expectativa \u00e9 de mais de 80 mil visitantes durante os quatro dias\u201d.<\/p>\n<p style=\"text-align: justify;\">Oportunidades de neg\u00f3cios tamb\u00e9m foram temas da abertura. Durante a apresenta\u00e7\u00e3o, Ant\u00f4nio Serrano, Presidente da Juntos Somos Mais, startup que atua no desenvolvimento de tecnologias para atua\u00e7\u00e3o\u00a0<em>on-line,\u00a0<\/em>estima R$ 3 milh\u00f5es em neg\u00f3cios com os lojistas que desejam ampliar a atua\u00e7\u00e3o no ambiente virtual.<\/p>\n<p style=\"text-align: justify;\">\u201cCom o evento, temos a oportunidade de apresentar fisicamente os produtos digitais e conhecer novos p\u00fablicos. Para a feira, lan\u00e7amos um pacote de benef\u00edcios que, se colocado em n\u00fameros, chega \u00e0 R$ 1.400 por varejista. A pandemia aumentou o senso de urg\u00eancia dos lojistas e dos profissionais de obras sobre a necessidade de estarem conectados para atender melhor os seus clientes e isso acelerou a digitaliza\u00e7\u00e3o que ia acontecer de qualquer forma\u201d.<\/p>\n<p style=\"text-align: justify;\">A abertura tamb\u00e9m foi espa\u00e7o para o lan\u00e7amento do banco digital da Associa\u00e7\u00e3o Nacional dos Comerciantes de Material de Constru\u00e7\u00e3o (Anamaco), o Anamaco Bank, para auxiliar, em termos de estrutura, o crescimento dos varejistas associados e a gera\u00e7\u00e3o de emprego no segmento. \u201cA FEICON \u00e9 muito importante para os lojistas e o lan\u00e7amento do banco proporciona aos profissionais do com\u00e9rcio o fortalecimento dos seus neg\u00f3cios\u201d, afirmou o Presidente da associa\u00e7\u00e3o, Geraldo Defalco.<\/p>\n<p style=\"text-align: justify;\">A FEICON acontece entre os dias 29 de mar\u00e7o e 01 de abril. Mais informa\u00e7\u00f5es e credenciamento est\u00e3o dispon\u00edveis no site<span style=\"color: #0000ff;\">\u00a0<a style=\"color: #0000ff;\" href=\"https:\/\/www.feicon.com.br\/pt-br\/credenciamento.html\" target=\"_blank\" rel=\"noopener noreferrer\">https:\/\/www.feicon.com.br\/pt-br\/credenciamento.html<\/a>.<\/span><\/p>\n<p style=\"text-align: justify;\"><strong>Servi\u00e7o:<\/strong><\/p>\n<p style=\"text-align: justify;\"><strong>\u00a0<\/strong><strong>FEICON &#8211; 26\u00aa EDI\u00c7\u00c3O<\/strong><\/p>\n<p style=\"text-align: justify;\"><strong>Data:<\/strong>\u00a029 de Mar\u00e7o a 1\u00ba de Abril de 2022<br \/>\n<strong>Hor\u00e1rio:<\/strong>\u00a0Ter\u00e7a a Sexta, das 10h \u00e0s 20h<br \/>\n<strong>Local:<\/strong>\u00a0S\u00e3o Paulo Expo \u2013 S\u00e3o Paulo\/SP<br \/>\n<strong>Endere\u00e7o:<\/strong>\u00a0Rodovia dos Imigrantes, Km 1,5 &#8211; \u00c1gua Funda<\/p>\n<p style=\"text-align: justify;\"><strong>Informa\u00e7\u00f5es:<\/strong>\u00a0<span style=\"color: #0000ff;\"><a style=\"color: #0000ff;\" href=\"https:\/\/www.feicon.com.br\/\" target=\"_blank\" rel=\"noopener noreferrer\">https:\/\/www.feicon.com.br\/<\/a><\/span><\/p>\n<p style=\"text-align: justify;\">\n","protected":false},"excerpt":{"rendered":"<p>Mar\u00e7o, 2022 &#8211; Desenvolvimento das tecnologias que t\u00eam potencializado o setor e o avan\u00e7o de parcerias entre empresas, varejistas e profissionais refor\u00e7aram os discursos de abertura da FEICON, maior feira do setor de constru\u00e7\u00e3o civil da Am\u00e9rica Latina, que voltou a abrir as portas para o p\u00fablico, na ter\u00e7a-feira (29), no pavilh\u00e3o S\u00e3o Paulo Expo, [&hellip;]<\/p>\n","protected":false},"author":1,"featured_media":18991,"comment_status":"open","ping_status":"open","sticky":false,"template":"","format":"standard","meta":{"_uag_custom_page_level_css":"","footnotes":""},"categories":[33],"tags":[2826,4195,23548,23549,23547,10675,10939],"class_list":["post-18990","post","type-post","status-publish","format-standard","has-post-thumbnail","hentry","category-mercado","tag-construcao-civil","tag-empresas","tag-feicon-feira-de-negocios-para-construcao-civil","tag-homecenters-e-lojistas","tag-pib-construcao-civil-2022","tag-sao-paulo-expo","tag-servicos-de-engenharia"],"blocksy_meta":[],"spectra_blocks_featured_image_url":{"thumbnail":{"url":"https:\/\/construcaocivil.siriusmarketingedesign.com.br\/wp-content\/uploads\/2022\/03\/464761d2-9774-44b9-af52-88d84ac02ced-150x150.jpg","width":150,"height":150},"medium":{"url":"https:\/\/construcaocivil.siriusmarketingedesign.com.br\/wp-content\/uploads\/2022\/03\/464761d2-9774-44b9-af52-88d84ac02ced-300x200.jpg","width":300,"height":200},"medium_large":{"url":"https:\/\/construcaocivil.siriusmarketingedesign.com.br\/wp-content\/uploads\/2022\/03\/464761d2-9774-44b9-af52-88d84ac02ced-768x512.jpg","width":768,"height":512},"large":{"url":"https:\/\/construcaocivil.siriusmarketingedesign.com.br\/wp-content\/uploads\/2022\/03\/464761d2-9774-44b9-af52-88d84ac02ced.jpg","width":1024,"height":683},"full":{"url":"https:\/\/construcaocivil.siriusmarketingedesign.com.br\/wp-content\/uploads\/2022\/03\/464761d2-9774-44b9-af52-88d84ac02ced.jpg","width":1024,"height":683}},"spectra_blocks_author_info":{"display_name":"Jornal da Constru\u00e7\u00e3o Civil","avatar_url":"https:\/\/secure.gravatar.com\/avatar\/973c9774fd44ddaceb026973c4962faa70fc512bc4c9da68e8ebb40fecee6540?s=96&d=mm&r=g","author_link":"https:\/\/construcaocivil.siriusmarketingedesign.com.br\/?author=1","description":"Desde de 2013, levando muitas informa\u00e7\u00f5es, lan\u00e7amentos e produtos de qualidade para toda cadeia produtiva da constru\u00e7\u00e3o. O Futuro da constru\u00e7\u00e3o passa por aqui,"},"uagb_featured_image_src":{"full":["https:\/\/construcaocivil.siriusmarketingedesign.com.br\/wp-content\/uploads\/2022\/03\/464761d2-9774-44b9-af52-88d84ac02ced.jpg",1024,683,false],"thumbnail":["https:\/\/construcaocivil.siriusmarketingedesign.com.br\/wp-content\/uploads\/2022\/03\/464761d2-9774-44b9-af52-88d84ac02ced-150x150.jpg",150,150,true],"medium":["https:\/\/construcaocivil.siriusmarketingedesign.com.br\/wp-content\/uploads\/2022\/03\/464761d2-9774-44b9-af52-88d84ac02ced-300x200.jpg",300,200,true],"medium_large":["https:\/\/construcaocivil.siriusmarketingedesign.com.br\/wp-content\/uploads\/2022\/03\/464761d2-9774-44b9-af52-88d84ac02ced-768x512.jpg",768,512,true],"large":["https:\/\/construcaocivil.siriusmarketingedesign.com.br\/wp-content\/uploads\/2022\/03\/464761d2-9774-44b9-af52-88d84ac02ced.jpg",1024,683,false],"1536x1536":["https:\/\/construcaocivil.siriusmarketingedesign.com.br\/wp-content\/uploads\/2022\/03\/464761d2-9774-44b9-af52-88d84ac02ced.jpg",1024,683,false],"2048x2048":["https:\/\/construcaocivil.siriusmarketingedesign.com.br\/wp-content\/uploads\/2022\/03\/464761d2-9774-44b9-af52-88d84ac02ced.jpg",1024,683,false]},"uagb_author_info":{"display_name":"Jornal da Constru\u00e7\u00e3o Civil","author_link":"https:\/\/construcaocivil.siriusmarketingedesign.com.br\/?author=1"},"uagb_comment_info":0,"uagb_excerpt":"Mar\u00e7o, 2022 &#8211; Desenvolvimento das tecnologias que t\u00eam potencializado o setor e o avan\u00e7o de parcerias entre empresas, varejistas e profissionais refor\u00e7aram os discursos de abertura da FEICON, maior feira do setor de constru\u00e7\u00e3o civil da Am\u00e9rica Latina, que voltou a abrir as portas para o p\u00fablico, na ter\u00e7a-feira (29), no pavilh\u00e3o S\u00e3o Paulo Expo,&hellip;","_links":{"self":[{"href":"https:\/\/construcaocivil.siriusmarketingedesign.com.br\/index.php?rest_route=\/wp\/v2\/posts\/18990","targetHints":{"allow":["GET"]}}],"collection":[{"href":"https:\/\/construcaocivil.siriusmarketingedesign.com.br\/index.php?rest_route=\/wp\/v2\/posts"}],"about":[{"href":"https:\/\/construcaocivil.siriusmarketingedesign.com.br\/index.php?rest_route=\/wp\/v2\/types\/post"}],"author":[{"embeddable":true,"href":"https:\/\/construcaocivil.siriusmarketingedesign.com.br\/index.php?rest_route=\/wp\/v2\/users\/1"}],"replies":[{"embeddable":true,"href":"https:\/\/construcaocivil.siriusmarketingedesign.com.br\/index.php?rest_route=%2Fwp%2Fv2%2Fcomments&post=18990"}],"version-history":[{"count":0,"href":"https:\/\/construcaocivil.siriusmarketingedesign.com.br\/index.php?rest_route=\/wp\/v2\/posts\/18990\/revisions"}],"wp:featuredmedia":[{"embeddable":true,"href":"https:\/\/construcaocivil.siriusmarketingedesign.com.br\/index.php?rest_route=\/wp\/v2\/media\/18991"}],"wp:attachment":[{"href":"https:\/\/construcaocivil.siriusmarketingedesign.com.br\/index.php?rest_route=%2Fwp%2Fv2%2Fmedia&parent=18990"}],"wp:term":[{"taxonomy":"category","embeddable":true,"href":"https:\/\/construcaocivil.siriusmarketingedesign.com.br\/index.php?rest_route=%2Fwp%2Fv2%2Fcategories&post=18990"},{"taxonomy":"post_tag","embeddable":true,"href":"https:\/\/construcaocivil.siriusmarketingedesign.com.br\/index.php?rest_route=%2Fwp%2Fv2%2Ftags&post=18990"}],"curies":[{"name":"wp","href":"https:\/\/api.w.org\/{rel}","templated":true}]}}