{"id":19001,"date":"2022-03-31T00:21:18","date_gmt":"2022-03-31T03:21:18","guid":{"rendered":"https:\/\/www.jornaldaconstrucaocivil.com.br\/?p=19001"},"modified":"2022-03-31T00:21:18","modified_gmt":"2022-03-31T03:21:18","slug":"firjan-senai-abre-inscricoes-para-241-cursos-de-qualificacao-e-aperfeicoamento-profissional-em-todo-o-estado-do-rio","status":"publish","type":"post","link":"https:\/\/construcaocivil.siriusmarketingedesign.com.br\/?p=19001","title":{"rendered":"Firjan SENAI abre inscri\u00e7\u00f5es para 241 cursos de qualifica\u00e7\u00e3o e aperfei\u00e7oamento profissional em todo o estado do Rio"},"content":{"rendered":"<p class=\"v1MsoNormal\" style=\"text-align: justify;\"><span style=\"color: #993300;\">Mar\u00e7o<\/span>, 2022 &#8211; A hora \u00e9 essa! A Firjan SENAI est\u00e1 ofertando cursos de qualifica\u00e7\u00e3o e aperfei\u00e7oamento profissional voltados para quem deseja entrar no mercado de trabalho ou precisa se atualizar para se manter empregado ou empreender. <b>As op\u00e7\u00f5es s\u00e3o muitas: 241 cursos com inscri\u00e7\u00f5es abertas, em 22 unidades do estado do Rio, com 4.225 vagas.<\/b><\/p>\n<p class=\"v1MsoNormal\" style=\"text-align: justify;\"><b>\u00a0<\/b>\u201cA Firjan SENAI tem um portf\u00f3lio de cursos variados, atendendo \u00e0 ind\u00fastria e ao trabalhador, pensando nas pessoas que precisam de qualifica\u00e7\u00e3o para entrar ou se manter no mercado, com cursos de empregabilidade verificada acima de 80%. Para o trabalhador que j\u00e1 possui uma profiss\u00e3o e quer se aperfei\u00e7oar ou se atualizar \u00e9 uma excelente alternativa. A Firjan SENAI atende a essa demanda de maneira bastante ampla\u201d,\u00a0<b>garante Luiz C\u00e9sio Caetano, presidente em exerc\u00edcio da Firjan.<\/b><\/p>\n<p class=\"v1MsoNormal\" style=\"text-align: justify;\"><b>Os cursos de aperfei\u00e7oamento s\u00e3o<\/b>\u00a0de curta dura\u00e7\u00e3o e t\u00eam o objetivo de atualizar ou ampliar conhecimentos, t\u00e3o importante para os profissionais empregados e para os que buscam se recolocar no mercado. \u201cEles representam 90% da oferta que estamos disponibilizando a partir de mar\u00e7o. Quase todos s\u00e3o presenciais, mas pensando em atender todos os p\u00fablicos, tamb\u00e9m teremos a oferta de alguns t\u00edtulos em EAD (ensino \u00e0 dist\u00e2ncia), explica\u00a0<b>Edson Melo, gerente de Educa\u00e7\u00e3o Profissional da Firjan SENAI.<\/b><\/p>\n<p class=\"v1MsoNormal\" style=\"text-align: justify;\">E para aqueles que buscam uma profiss\u00e3o, a Firjan SENAI oferta diversos\u00a0<b>cursos de qualifica\u00e7\u00e3o profissional.<\/b>\u00a0\u201cCom carga hor\u00e1ria m\u00e9dia de 200 horas, os cursos visam oferecer uma forma\u00e7\u00e3o mais completa, ampliando as oportunidades de trabalho e renda dos alunos. Com o arrefecimento da pandemia e a tend\u00eancia de melhoria do mercado de trabalho, agora \u00e9 a hora de se preparar para as poss\u00edveis oportunidades\u201d,\u00a0<b>acrescenta Melo.<\/b><\/p>\n<p class=\"v1MsoNormal\" style=\"text-align: justify;\"><b>Cursos em 17 segmentos<\/b><\/p>\n<p class=\"v1MsoNormal\" style=\"text-align: justify;\"><b>Os cursos s\u00e3o oferecidos em 17 segmentos:<\/b>\u00a0Alimentos e Bebidas; Audiovisual; Automa\u00e7\u00e3o; Automotiva; Constru\u00e7\u00e3o Civil; Eletroeletr\u00f4nica; Gest\u00e3o; Gr\u00e1fica e M\u00eddias Impressas e Digitais; Log\u00edstica; Metalmec\u00e2nica; Petr\u00f3leo e G\u00e1s; Qu\u00edmica; Refrigera\u00e7\u00e3o e Climatiza\u00e7\u00e3o; Seguran\u00e7a do Trabalho; Tecnologia da Informa\u00e7\u00e3o; TI \u2013 Software; e Vestu\u00e1rio. \u201cAqueles voltados para as novas tecnologias s\u00e3o mais intensos e t\u00eam o valor em fun\u00e7\u00e3o disso. O que \u00e9 preciso olhar \u00e9 o custo-benef\u00edcio dos nossos cursos\u201d, explica Caetano, que tamb\u00e9m \u00e9 presidente da Firjan Leste Fluminense.<\/p>\n<p class=\"v1MsoNormal\" style=\"text-align: justify;\"><b>A Firjan SENAI conta com unidades e centros que simulam ambientes reais de produ\u00e7\u00e3o, com equipamentos e instrumentos atualizados e que permitem a efetiva aprendizagem, alinhada \u00e0s demandas do mercado.\u00a0<\/b>Alguns cursos j\u00e1 est\u00e3o com inscri\u00e7\u00f5es abertas. Outros abrem em abril e maio. As inscri\u00e7\u00f5es para os presenciais s\u00e3o feitas nas unidades; e na modalidade EaD, no site.<\/p>\n<p class=\"v1MsoNormal\" style=\"text-align: justify;\"><b>Conhe\u00e7a os cursos dispon\u00edveis e matricule-se:<\/b>\u00a0<span style=\"color: #0000ff;\"><a style=\"color: #0000ff;\" href=\"https:\/\/firjansenai.com.br\/cursos\" target=\"_blank\" rel=\"noopener noreferrer\">https:\/\/firjansenai.com.br\/cursos<\/a>.<\/span><\/p>\n","protected":false},"excerpt":{"rendered":"<p>Mar\u00e7o, 2022 &#8211; A hora \u00e9 essa! A Firjan SENAI est\u00e1 ofertando cursos de qualifica\u00e7\u00e3o e aperfei\u00e7oamento profissional voltados para quem deseja entrar no mercado de trabalho ou precisa se atualizar para se manter empregado ou empreender. As op\u00e7\u00f5es s\u00e3o muitas: 241 cursos com inscri\u00e7\u00f5es abertas, em 22 unidades do estado do Rio, com 4.225 [&hellip;]<\/p>\n","protected":false},"author":1,"featured_media":19002,"comment_status":"open","ping_status":"open","sticky":false,"template":"","format":"standard","meta":{"_uag_custom_page_level_css":"","footnotes":""},"categories":[27],"tags":[1129,2826,23563,4047,23564,23561,23562,8869,10375,11578],"class_list":["post-19001","post","type-post","status-publish","format-standard","has-post-thumbnail","hentry","category-acontece","tag-automotiva","tag-construcao-civil","tag-cursos-de-qualificacao-e-aperfeicoamento-profissional","tag-eletroeletronica","tag-empregos-para-profissionais-qualificados","tag-firjan-senai","tag-gestao","tag-petroleo-e-gas","tag-rio-de-janeiro","tag-tecnologia-da-informacao"],"blocksy_meta":[],"spectra_blocks_featured_image_url":{"thumbnail":{"url":"https:\/\/construcaocivil.siriusmarketingedesign.com.br\/wp-content\/uploads\/2022\/03\/construcao-civil-Tijuca\u00a9vinicius-magalhaes_5431-150x150.jpg","width":150,"height":150},"medium":{"url":"https:\/\/construcaocivil.siriusmarketingedesign.com.br\/wp-content\/uploads\/2022\/03\/construcao-civil-Tijuca\u00a9vinicius-magalhaes_5431-300x200.jpg","width":300,"height":200},"medium_large":{"url":"https:\/\/construcaocivil.siriusmarketingedesign.com.br\/wp-content\/uploads\/2022\/03\/construcao-civil-Tijuca\u00a9vinicius-magalhaes_5431-768x512.jpg","width":768,"height":512},"large":{"url":"https:\/\/construcaocivil.siriusmarketingedesign.com.br\/wp-content\/uploads\/2022\/03\/construcao-civil-Tijuca\u00a9vinicius-magalhaes_5431-1024x683.jpg","width":1024,"height":683},"full":{"url":"https:\/\/construcaocivil.siriusmarketingedesign.com.br\/wp-content\/uploads\/2022\/03\/construcao-civil-Tijuca\u00a9vinicius-magalhaes_5431-scaled.jpg","width":2560,"height":1707}},"spectra_blocks_author_info":{"display_name":"Jornal da Constru\u00e7\u00e3o Civil","avatar_url":"https:\/\/secure.gravatar.com\/avatar\/973c9774fd44ddaceb026973c4962faa70fc512bc4c9da68e8ebb40fecee6540?s=96&d=mm&r=g","author_link":"https:\/\/construcaocivil.siriusmarketingedesign.com.br\/?author=1","description":"Desde de 2013, levando muitas informa\u00e7\u00f5es, lan\u00e7amentos e produtos de qualidade para toda cadeia produtiva da constru\u00e7\u00e3o. O Futuro da constru\u00e7\u00e3o passa por aqui,"},"uagb_featured_image_src":{"full":["https:\/\/construcaocivil.siriusmarketingedesign.com.br\/wp-content\/uploads\/2022\/03\/construcao-civil-Tijuca\u00a9vinicius-magalhaes_5431-scaled.jpg",2560,1707,false],"thumbnail":["https:\/\/construcaocivil.siriusmarketingedesign.com.br\/wp-content\/uploads\/2022\/03\/construcao-civil-Tijuca\u00a9vinicius-magalhaes_5431-150x150.jpg",150,150,true],"medium":["https:\/\/construcaocivil.siriusmarketingedesign.com.br\/wp-content\/uploads\/2022\/03\/construcao-civil-Tijuca\u00a9vinicius-magalhaes_5431-300x200.jpg",300,200,true],"medium_large":["https:\/\/construcaocivil.siriusmarketingedesign.com.br\/wp-content\/uploads\/2022\/03\/construcao-civil-Tijuca\u00a9vinicius-magalhaes_5431-768x512.jpg",768,512,true],"large":["https:\/\/construcaocivil.siriusmarketingedesign.com.br\/wp-content\/uploads\/2022\/03\/construcao-civil-Tijuca\u00a9vinicius-magalhaes_5431-1024x683.jpg",1024,683,true],"1536x1536":["https:\/\/construcaocivil.siriusmarketingedesign.com.br\/wp-content\/uploads\/2022\/03\/construcao-civil-Tijuca\u00a9vinicius-magalhaes_5431-1536x1024.jpg",1536,1024,true],"2048x2048":["https:\/\/construcaocivil.siriusmarketingedesign.com.br\/wp-content\/uploads\/2022\/03\/construcao-civil-Tijuca\u00a9vinicius-magalhaes_5431-2048x1365.jpg",2048,1365,true]},"uagb_author_info":{"display_name":"Jornal da Constru\u00e7\u00e3o Civil","author_link":"https:\/\/construcaocivil.siriusmarketingedesign.com.br\/?author=1"},"uagb_comment_info":0,"uagb_excerpt":"Mar\u00e7o, 2022 &#8211; A hora \u00e9 essa! A Firjan SENAI est\u00e1 ofertando cursos de qualifica\u00e7\u00e3o e aperfei\u00e7oamento profissional voltados para quem deseja entrar no mercado de trabalho ou precisa se atualizar para se manter empregado ou empreender. As op\u00e7\u00f5es s\u00e3o muitas: 241 cursos com inscri\u00e7\u00f5es abertas, em 22 unidades do estado do Rio, com 4.225&hellip;","_links":{"self":[{"href":"https:\/\/construcaocivil.siriusmarketingedesign.com.br\/index.php?rest_route=\/wp\/v2\/posts\/19001","targetHints":{"allow":["GET"]}}],"collection":[{"href":"https:\/\/construcaocivil.siriusmarketingedesign.com.br\/index.php?rest_route=\/wp\/v2\/posts"}],"about":[{"href":"https:\/\/construcaocivil.siriusmarketingedesign.com.br\/index.php?rest_route=\/wp\/v2\/types\/post"}],"author":[{"embeddable":true,"href":"https:\/\/construcaocivil.siriusmarketingedesign.com.br\/index.php?rest_route=\/wp\/v2\/users\/1"}],"replies":[{"embeddable":true,"href":"https:\/\/construcaocivil.siriusmarketingedesign.com.br\/index.php?rest_route=%2Fwp%2Fv2%2Fcomments&post=19001"}],"version-history":[{"count":0,"href":"https:\/\/construcaocivil.siriusmarketingedesign.com.br\/index.php?rest_route=\/wp\/v2\/posts\/19001\/revisions"}],"wp:featuredmedia":[{"embeddable":true,"href":"https:\/\/construcaocivil.siriusmarketingedesign.com.br\/index.php?rest_route=\/wp\/v2\/media\/19002"}],"wp:attachment":[{"href":"https:\/\/construcaocivil.siriusmarketingedesign.com.br\/index.php?rest_route=%2Fwp%2Fv2%2Fmedia&parent=19001"}],"wp:term":[{"taxonomy":"category","embeddable":true,"href":"https:\/\/construcaocivil.siriusmarketingedesign.com.br\/index.php?rest_route=%2Fwp%2Fv2%2Fcategories&post=19001"},{"taxonomy":"post_tag","embeddable":true,"href":"https:\/\/construcaocivil.siriusmarketingedesign.com.br\/index.php?rest_route=%2Fwp%2Fv2%2Ftags&post=19001"}],"curies":[{"name":"wp","href":"https:\/\/api.w.org\/{rel}","templated":true}]}}