{"id":19004,"date":"2022-03-31T13:10:08","date_gmt":"2022-03-31T16:10:08","guid":{"rendered":"https:\/\/www.jornaldaconstrucaocivil.com.br\/?p=19004"},"modified":"2022-03-31T13:10:08","modified_gmt":"2022-03-31T16:10:08","slug":"ipefem-lanca-pesquisa-inedita-sobre-burnout-feminino-no-mercado-imobiliario-e-da-construcao","status":"publish","type":"post","link":"https:\/\/construcaocivil.siriusmarketingedesign.com.br\/?p=19004","title":{"rendered":"Ipefem lan\u00e7a pesquisa in\u00e9dita sobre burnout feminino no mercado imobili\u00e1rio e da constru\u00e7\u00e3o"},"content":{"rendered":"<p style=\"text-align: justify;\"><span style=\"color: #0000ff;\">Mar\u00e7o<\/span>, 2022 &#8211; O trabalho remoto e\/ou h\u00edbrido desencadeou um aumento da s\u00edndrome Burnout e acelerou a deteriora\u00e7\u00e3o da sa\u00fade mental para 45% dos l\u00edderes da Gera\u00e7\u00e3o Z (nascidos entre 1995 e 2010) ao redor do mundo. Os dados s\u00e3o da pesquisa realizada pelo Grupo Adecco, que ouviu 15 mil pessoas em 2021. Esse \u00e9 apenas um n\u00famero dentre tantos outros recortes dessa s\u00edndrome que virou uma &#8220;pandemia dentro da pandemia&#8221;.<\/p>\n<p style=\"text-align: justify;\">Meio milh\u00e3o de pessoas pedem demiss\u00e3o todo m\u00eas no Brasil, ainda que tenhamos em torno de 13 milh\u00f5es de pessoas desempregadas no pa\u00eds. O que est\u00e1 acontecendo? O burnout \u00e9 um fen\u00f4meno ocupacional, e que ocorre n\u00e3o s\u00f3 pelo excesso de trabalho, mas pela maneira como as rela\u00e7\u00f5es s\u00e3o constru\u00eddas no ambiente profissional.<\/p>\n<p style=\"text-align: justify;\">&#8220;O ass\u00e9dio moral e os constrangimentos s\u00e3o a segunda maior causa de dano mental nas empresas, como j\u00e1 mostram alguns estudos. E as profissionais mulheres s\u00e3o quase tr\u00eas vezes mais acometidas pelo burnout do que os homens&#8221;, pontua Ana Tomazelli (@anatomazellibr), fundadora da ONG Ipefem &#8211; Instituto de Pesquisas &amp; Estudos do Feminino (@ipefem). O Instituto acaba de lan\u00e7ar o <strong>IRA &#8211; \u00cdndice Regional de Assimetrias | Imobili\u00e1rio &amp; Constru\u00e7\u00e3o &#8211; S\u00e3o Paulo Edition<\/strong>, em parceria com a iniciativa Mulheres do Imobili\u00e1rio, com a Associa\u00e7\u00e3o Brasileira dos Escrit\u00f3rios de Arquitetura (ASBEA-SP) e a InfraWomen Brazil.<\/p>\n<p style=\"text-align: justify;\">&#8220;O \u00cdndice Regional de Assimetrias \u00e9 uma pesquisa, um mapeamento que tem o objetivo de verificar se a exposi\u00e7\u00e3o a rela\u00e7\u00f5es de trabalho baseadas em microagress\u00f5es tem rela\u00e7\u00e3o direta com o n\u00edvel de burnout das mulheres no mesmo ambiente profissional&#8221;, explica Ana. &#8220;Quando a gente fala de problemas em sa\u00fade mental, de burnout, existem diversas causas e uma delas est\u00e1 relacionada a assimetrias de g\u00eanero, ou seja, rela\u00e7\u00f5es que n\u00e3o s\u00e3o sim\u00e9tricas, equilibradas. Essas din\u00e2micas em desequil\u00edbrio v\u00e3o atravessar pontos identit\u00e1rios, acionar gatilhos individuais, e, a\u00ed, surge um problema cr\u00f4nico de adoecimento do ambiente, do grupo&#8221;.<\/p>\n<p style=\"text-align: justify;\">E n\u00e3o adianta s\u00f3 incentivar as pessoas a fazer terapia, por exemplo. A pessoa, sozinha, n\u00e3o tem como resolver o problema. &#8220;\u00c9 como se ela estivesse com o p\u00e9 machucado por um prego: ela cuida, passa rem\u00e9dio, mas, antes de cicatrizar, volta para o mesmo lugar e pisou no prego enferrujado de novo. Ent\u00e3o, al\u00e9m de resolver o p\u00e9, o que n\u00f3s precisamos \u00e9 resolver o prego&#8221;.\n<\/p>\n<p style=\"text-align: justify;\"><strong>Pesquisa quer estimular solu\u00e7\u00f5es<\/strong>\n<\/p>\n<p style=\"text-align: justify;\">Segundo a pesquisa Mulheres do Imobili\u00e1rio (@mulheresdoimobiliario) realizada em 2021, mais de 60% das mulheres que trabalham no setor sentem que s\u00e3o interrompidas e desconsideradas nas suas decis\u00f5es. Al\u00e9m disso, 87% das mulheres s\u00e3o decisoras na compra do im\u00f3vel, mas n\u00e3o s\u00e3o as mais procuradas em uma poss\u00edvel negocia\u00e7\u00e3o.<\/p>\n<p style=\"text-align: justify;\">\n&#8220;Foram esses primeiros resultados que me fizeram sugerir que o Ipefem come\u00e7asse pelo setor&#8221;, afirma Elisa Tawil (@elisatawil), fundadora do movimento Mulheres do Imobili\u00e1rio e autora do livro Propriet\u00e1rias &#8211; A ascens\u00e3o da lideran\u00e7a feminina no setor imobili\u00e1rio. &#8220;Achei a provoca\u00e7\u00e3o muito pertinente; trazer a ira, a raiva pro centro da mesa, mas de um jeito construtivo&#8221;.<\/p>\n<p style=\"text-align: justify;\">A sigla do projeto &#8211; IRA &#8211; \u00e9 uma provoca\u00e7\u00e3o sobre a indigna\u00e7\u00e3o. &#8220;Sem indigna\u00e7\u00e3o, a gente n\u00e3o levanta pra mudar nada&#8221;, ressalta Ana. &#8220;At\u00e9 o Dalai Lama tem um livro chamado RAIVA, ent\u00e3o a gente tamb\u00e9m pode sentir &#8211; e agir.&#8221;<\/p>\n<p style=\"text-align: justify;\">A pesquisa \u00e9 gratuita, fica aberta at\u00e9 o dia 10 de abril de 2022 e pode ser acessada <a href=\"https:\/\/ira-ipefem.questionpro.com\/\" target=\"_blank\" rel=\"noopener noreferrer\">aqui<\/a>.\u00a0Podem responder mulheres e pessoas de identidades n\u00e3o-masculinas que trabalhem no setor imobili\u00e1rio e de constru\u00e7\u00e3o no Estado de S\u00e3o Paulo. Isso inclui a cadeia de todo o segmento, incluindo imobili\u00e1rias, corretoras, construtoras, incorporadoras, f\u00e1bricas e lojas de materiais e acess\u00f3rios de constru\u00e7\u00e3o, profissionais do direito imobili\u00e1rio, arquitetura e toda a cadeia envolvida. Quem responder a pesquisa ganha a inscri\u00e7\u00e3o de um workshop com representantes do setor que v\u00e3o apresentar os resultados e debater planos de a\u00e7\u00e3o em conjunto, no m\u00eas de maio.<\/p>\n<p style=\"text-align: justify;\">&#8220;Esse segmento foi escolhido pela (des)proporcionalidade entre masculino e feminino n\u00e3o somente no volume, mas, tamb\u00e9m, na distribui\u00e7\u00e3o das cadeiras de decis\u00e3o e comando. A ideia \u00e9 articular o setor como um todo, para que possamos coordenar esfor\u00e7os e a\u00e7\u00f5es afirmativas em bloco&#8221;, resume Ana.<\/p>\n<p style=\"text-align: justify;\">Os resultados do \u00cdndice Regional de Assimetrias ser\u00e3o divulgados no final de abril, no evento liderado pelo Mulheres do Imobili\u00e1rio &#8211; o SOMA, com uma palestra dedicada ao tema. O relat\u00f3rio com todos os n\u00fameros tamb\u00e9m fica dispon\u00edvel, como as demais pesquisas do Ipefem, gratuitamente para baixar. Ana completa: &#8220;Essa \u00e9 uma informa\u00e7\u00e3o de interesse p\u00fablico e precisa circular, o ESG n\u00e3o \u00e9 s\u00f3 uma responsabilidade do CNPJ &#8211; todo CPF tamb\u00e9m precisa agir. Fica o nosso convite para que as institui\u00e7\u00f5es e empresas do setor se aproximem, abram as portas e nos ou\u00e7am. N\u00e3o v\u00e3o se arrepender&#8221;.<\/p>\n<p style=\"text-align: justify;\">\n","protected":false},"excerpt":{"rendered":"<p>Mar\u00e7o, 2022 &#8211; O trabalho remoto e\/ou h\u00edbrido desencadeou um aumento da s\u00edndrome Burnout e acelerou a deteriora\u00e7\u00e3o da sa\u00fade mental para 45% dos l\u00edderes da Gera\u00e7\u00e3o Z (nascidos entre 1995 e 2010) ao redor do mundo. Os dados s\u00e3o da pesquisa realizada pelo Grupo Adecco, que ouviu 15 mil pessoas em 2021. Esse \u00e9 [&hellip;]<\/p>\n","protected":false},"author":1,"featured_media":19005,"comment_status":"open","ping_status":"open","sticky":false,"template":"","format":"standard","meta":{"_uag_custom_page_level_css":"","footnotes":""},"categories":[27],"tags":[23566,23568,23565,7563,20257,23567],"class_list":["post-19004","post","type-post","status-publish","format-standard","has-post-thumbnail","hentry","category-acontece","tag-imobiliario-construcao","tag-ipefem","tag-ira-indice-regional-de-assimetrias","tag-mercado-imobiliario","tag-mulheres-na-construcao","tag-sao-paulo-edition"],"blocksy_meta":[],"spectra_blocks_featured_image_url":{"thumbnail":{"url":"https:\/\/construcaocivil.siriusmarketingedesign.com.br\/wp-content\/uploads\/2022\/03\/CONSTRUCAO-FEMENININO-150x150.jpg","width":150,"height":150},"medium":{"url":"https:\/\/construcaocivil.siriusmarketingedesign.com.br\/wp-content\/uploads\/2022\/03\/CONSTRUCAO-FEMENININO-300x200.jpg","width":300,"height":200},"medium_large":{"url":"https:\/\/construcaocivil.siriusmarketingedesign.com.br\/wp-content\/uploads\/2022\/03\/CONSTRUCAO-FEMENININO-768x513.jpg","width":768,"height":513},"large":{"url":"https:\/\/construcaocivil.siriusmarketingedesign.com.br\/wp-content\/uploads\/2022\/03\/CONSTRUCAO-FEMENININO-1024x684.jpg","width":1024,"height":684},"full":{"url":"https:\/\/construcaocivil.siriusmarketingedesign.com.br\/wp-content\/uploads\/2022\/03\/CONSTRUCAO-FEMENININO.jpg","width":1600,"height":1068}},"spectra_blocks_author_info":{"display_name":"Jornal da Constru\u00e7\u00e3o Civil","avatar_url":"https:\/\/secure.gravatar.com\/avatar\/973c9774fd44ddaceb026973c4962faa70fc512bc4c9da68e8ebb40fecee6540?s=96&d=mm&r=g","author_link":"https:\/\/construcaocivil.siriusmarketingedesign.com.br\/?author=1","description":"Desde de 2013, levando muitas informa\u00e7\u00f5es, lan\u00e7amentos e produtos de qualidade para toda cadeia produtiva da constru\u00e7\u00e3o. O Futuro da constru\u00e7\u00e3o passa por aqui,"},"uagb_featured_image_src":{"full":["https:\/\/construcaocivil.siriusmarketingedesign.com.br\/wp-content\/uploads\/2022\/03\/CONSTRUCAO-FEMENININO.jpg",1600,1068,false],"thumbnail":["https:\/\/construcaocivil.siriusmarketingedesign.com.br\/wp-content\/uploads\/2022\/03\/CONSTRUCAO-FEMENININO-150x150.jpg",150,150,true],"medium":["https:\/\/construcaocivil.siriusmarketingedesign.com.br\/wp-content\/uploads\/2022\/03\/CONSTRUCAO-FEMENININO-300x200.jpg",300,200,true],"medium_large":["https:\/\/construcaocivil.siriusmarketingedesign.com.br\/wp-content\/uploads\/2022\/03\/CONSTRUCAO-FEMENININO-768x513.jpg",768,513,true],"large":["https:\/\/construcaocivil.siriusmarketingedesign.com.br\/wp-content\/uploads\/2022\/03\/CONSTRUCAO-FEMENININO-1024x684.jpg",1024,684,true],"1536x1536":["https:\/\/construcaocivil.siriusmarketingedesign.com.br\/wp-content\/uploads\/2022\/03\/CONSTRUCAO-FEMENININO-1536x1025.jpg",1536,1025,true],"2048x2048":["https:\/\/construcaocivil.siriusmarketingedesign.com.br\/wp-content\/uploads\/2022\/03\/CONSTRUCAO-FEMENININO.jpg",1600,1068,false]},"uagb_author_info":{"display_name":"Jornal da Constru\u00e7\u00e3o Civil","author_link":"https:\/\/construcaocivil.siriusmarketingedesign.com.br\/?author=1"},"uagb_comment_info":0,"uagb_excerpt":"Mar\u00e7o, 2022 &#8211; O trabalho remoto e\/ou h\u00edbrido desencadeou um aumento da s\u00edndrome Burnout e acelerou a deteriora\u00e7\u00e3o da sa\u00fade mental para 45% dos l\u00edderes da Gera\u00e7\u00e3o Z (nascidos entre 1995 e 2010) ao redor do mundo. Os dados s\u00e3o da pesquisa realizada pelo Grupo Adecco, que ouviu 15 mil pessoas em 2021. Esse \u00e9&hellip;","_links":{"self":[{"href":"https:\/\/construcaocivil.siriusmarketingedesign.com.br\/index.php?rest_route=\/wp\/v2\/posts\/19004","targetHints":{"allow":["GET"]}}],"collection":[{"href":"https:\/\/construcaocivil.siriusmarketingedesign.com.br\/index.php?rest_route=\/wp\/v2\/posts"}],"about":[{"href":"https:\/\/construcaocivil.siriusmarketingedesign.com.br\/index.php?rest_route=\/wp\/v2\/types\/post"}],"author":[{"embeddable":true,"href":"https:\/\/construcaocivil.siriusmarketingedesign.com.br\/index.php?rest_route=\/wp\/v2\/users\/1"}],"replies":[{"embeddable":true,"href":"https:\/\/construcaocivil.siriusmarketingedesign.com.br\/index.php?rest_route=%2Fwp%2Fv2%2Fcomments&post=19004"}],"version-history":[{"count":0,"href":"https:\/\/construcaocivil.siriusmarketingedesign.com.br\/index.php?rest_route=\/wp\/v2\/posts\/19004\/revisions"}],"wp:featuredmedia":[{"embeddable":true,"href":"https:\/\/construcaocivil.siriusmarketingedesign.com.br\/index.php?rest_route=\/wp\/v2\/media\/19005"}],"wp:attachment":[{"href":"https:\/\/construcaocivil.siriusmarketingedesign.com.br\/index.php?rest_route=%2Fwp%2Fv2%2Fmedia&parent=19004"}],"wp:term":[{"taxonomy":"category","embeddable":true,"href":"https:\/\/construcaocivil.siriusmarketingedesign.com.br\/index.php?rest_route=%2Fwp%2Fv2%2Fcategories&post=19004"},{"taxonomy":"post_tag","embeddable":true,"href":"https:\/\/construcaocivil.siriusmarketingedesign.com.br\/index.php?rest_route=%2Fwp%2Fv2%2Ftags&post=19004"}],"curies":[{"name":"wp","href":"https:\/\/api.w.org\/{rel}","templated":true}]}}