{"id":19032,"date":"2022-04-05T13:56:01","date_gmt":"2022-04-05T16:56:01","guid":{"rendered":"https:\/\/www.jornaldaconstrucaocivil.com.br\/?p=19032"},"modified":"2022-04-05T13:56:01","modified_gmt":"2022-04-05T16:56:01","slug":"lava-jato-foi-invencao-que-enganou-imprensa-e-causou-mal-ao-brasil-diz-lula","status":"publish","type":"post","link":"https:\/\/construcaocivil.siriusmarketingedesign.com.br\/?p=19032","title":{"rendered":"Lava Jato foi inven\u00e7\u00e3o que enganou imprensa e causou mal ao Brasil, diz Lula"},"content":{"rendered":"<p><span style=\"color: #993300;\">Abril<\/span>, 2022 &#8211; Em entrevista ao vivo hoje (05) \u00e0 r\u00e1dio Lagoa Dourada FM, da Rede T do Paran\u00e1, o ex-presidente Luiz In\u00e1cio Lula da Silva afirmou que a <span style=\"color: #0000ff;\"><a style=\"color: #0000ff;\" href=\"https:\/\/lula.com.br\/a-inocencia-de-lula-ponto-a-ponto\/\" target=\"_blank\" rel=\"noreferrer noopener\">Lava Jato foi inven\u00e7\u00e3o<\/a>\u00a0<\/span>que enganou a imprensa e causou mal \u00e0 hist\u00f3ria e ao desenvolvimento do Brasil. Lula disse ser preciso combater den\u00fancias de corrup\u00e7\u00e3o prendendo os respons\u00e1veis pela corrup\u00e7\u00e3o, mas sem destruir o sistema produtivo, como aconteceu no Brasil<\/p>\n<figure id=\"attachment_19042\" aria-describedby=\"caption-attachment-19042\" style=\"width: 300px\" class=\"wp-caption alignleft\"><img loading=\"lazy\" decoding=\"async\" class=\"size-medium wp-image-19042\" src=\"https:\/\/www.jornaldaconstrucaocivil.com.br\/wp-content\/uploads\/2022\/04\/LAVA-JATO-300x200.jpeg\" alt=\"\" width=\"300\" height=\"200\" srcset=\"https:\/\/construcaocivil.siriusmarketingedesign.com.br\/wp-content\/uploads\/2022\/04\/LAVA-JATO-300x200.jpeg 300w, https:\/\/construcaocivil.siriusmarketingedesign.com.br\/wp-content\/uploads\/2022\/04\/LAVA-JATO-768x512.jpeg 768w, https:\/\/construcaocivil.siriusmarketingedesign.com.br\/wp-content\/uploads\/2022\/04\/LAVA-JATO-450x300.jpeg 450w, https:\/\/construcaocivil.siriusmarketingedesign.com.br\/wp-content\/uploads\/2022\/04\/LAVA-JATO.jpeg 1024w\" sizes=\"auto, (max-width: 300px) 100vw, 300px\" \/><figcaption id=\"caption-attachment-19042\" class=\"wp-caption-text\">Lula lidera inten\u00e7\u00e3o de votos para presidente em 2022. Foto: Ricardo Stuckert<\/figcaption><\/figure>\n<p>\u201cO processo da Lava Jato foi inven\u00e7\u00e3o montada por Moro (Sergio) e Dallagnol (Deltan) para enganar a imprensa, e a imprensa aceitou divulgar mentiras como se fossem verdade. Causou mal \u00e0 hist\u00f3ria do Brasil, ao desenvolvimento do Brasil e ao crescimento do Brasil. Voc\u00ea pode combater corrup\u00e7\u00e3o, prendendo algu\u00e9m que roubou, O que n\u00e3o pode \u00e9 destruir todo um sistema produtivo, a ind\u00fastria naval, a ind\u00fastria de \u00f3leo e g\u00e1s, a ind\u00fastria de engenharia e a Petrobras, que perdeu valores na bolsa por causa de tantas den\u00fancias, quando voc\u00ea poderia ter prendido quem roubou e deixado a empresa com seus contratos funcionando normalmente\u201d.<\/p>\n<p>O ex-presidente lembrou da forte exposi\u00e7\u00e3o negativa que teve na m\u00eddia, por causa das falsas den\u00fancias e sem direito de respostas. Segundo ele, em nove meses, foram 13 horas de mat\u00e9rias contr\u00e1rias a ele no Jornal Nacional, mais de 680 primeira s p\u00e1ginas de jornal e 59 capas de revistas. \u201cSequer o meu advogado tinha direito de resposta\u201d.<\/p>\n<p>\u201cDepois que passou tudo isso, todos os meus processos ca\u00edram porque o juiz foi considerado suspeito. Voc\u00eas do Paran\u00e1 s\u00e3o testemunhas de que, na primeira audi\u00eancia, eu disse (ao ex-juiz Sergio Moro) voc\u00ea est\u00e1 condenado a me condenar porque deixou a mentira ir longe demais. E aconteceu o que estava previsto\u201d, disse, refor\u00e7ando que o Minist\u00e9rio P\u00fablico n\u00e3o pode acusar sem provas.<\/p>\n<p>\u201cSe algu\u00e9m comete erro, esse algu\u00e9m \u00e9 punido. O que n\u00e3o pode \u00e9 voc\u00ea acusar algu\u00e9m de um erro que n\u00e3o cometeu. Isso \u00e9 que \u00e9 o grave. \u00a0Qual \u00e9 a puni\u00e7\u00e3o que recebe um cidad\u00e3o que te acusa de ladr\u00e3o, que destr\u00f3i sua fam\u00edlia, que destr\u00f3i uma biografia que voc\u00ea construiu?\u00a0 O que sobra desse cara depois que prova que ele errou na acusa\u00e7\u00e3o? Significa que quem est\u00e1 no Minist\u00e9rio P\u00fablico tem que ser muito s\u00e9rio. Ele n\u00e3o pode n\u00e3o pode ser moleque n\u00e3o pode ser leviano. Quando ele fizer uma acusa\u00e7\u00e3o, ele tem que ter prova\u201d, lembrando que todas as acusa\u00e7\u00f5es contra ele ca\u00edram. \u201cComo fica esse cidad\u00e3o que conta uma mentira deslavada para a sociedade, que a imprensa acredita nele e divulga de forma farta essa mentira?<\/p>\n<p>Lula comentou sobre a inten\u00e7\u00e3o de Moro e Dallagnol se candidataram a uma vaga na C\u00e2mara dos Deputados. \u201cEu acho maravilhoso que essa gente se candidate a deputado, acho maravilhoso que essa gente entre no mundo da pol\u00edtica. Eles v\u00e3o perceber que a pol\u00edtica \u00e9 muito mais complicada do que imaginaram quando estavam me julgado. \u00c9 importante que participem do debate, que fa\u00e7am discurso na tribuna para ver que o mundo da pol\u00edtica \u00e9 mais dif\u00edcil do que ficar atr\u00e1s de uma toga e do c\u00f3digo penal, julgando\u201d, disse.<\/p>\n<p><i>Fonte: lula.com.br\u00a0<\/i><\/p>\n<figure class=\"wp-block-embed is-type-rich is-provider-twitter wp-block-embed-twitter\">\n<div class=\"wp-block-embed__wrapper\"><\/div>\n<\/figure>\n","protected":false},"excerpt":{"rendered":"<p>Abril, 2022 &#8211; Em entrevista ao vivo hoje (05) \u00e0 r\u00e1dio Lagoa Dourada FM, da Rede T do Paran\u00e1, o ex-presidente Luiz In\u00e1cio Lula da Silva afirmou que a Lava Jato foi inven\u00e7\u00e3o\u00a0que enganou a imprensa e causou mal \u00e0 hist\u00f3ria e ao desenvolvimento do Brasil. Lula disse ser preciso combater den\u00fancias de corrup\u00e7\u00e3o prendendo [&hellip;]<\/p>\n","protected":false},"author":1,"featured_media":19041,"comment_status":"open","ping_status":"open","sticky":false,"template":"","format":"standard","meta":{"_uag_custom_page_level_css":"","footnotes":""},"categories":[33],"tags":[23588,20578,23590,23586,23585,15931,23589,23587],"class_list":["post-19032","post","type-post","status-publish","format-standard","has-post-thumbnail","hentry","category-mercado","tag-brasil-milhoes-de-desempregados","tag-eleicoes-2022","tag-inflacao-afeta-os-mais-pobres","tag-lava-jato-quebrou-construcao-civil","tag-lula-lidera-corrida-presidencial","tag-moro-e-dallagnol","tag-pib-2022","tag-quebraram-o-brasil"],"blocksy_meta":[],"spectra_blocks_featured_image_url":{"thumbnail":{"url":"https:\/\/construcaocivil.siriusmarketingedesign.com.br\/wp-content\/uploads\/2022\/04\/LAVA-JATO-LULA-150x150.jpg","width":150,"height":150},"medium":{"url":"https:\/\/construcaocivil.siriusmarketingedesign.com.br\/wp-content\/uploads\/2022\/04\/LAVA-JATO-LULA-300x168.jpg","width":300,"height":168},"medium_large":{"url":"https:\/\/construcaocivil.siriusmarketingedesign.com.br\/wp-content\/uploads\/2022\/04\/LAVA-JATO-LULA-768x429.jpg","width":768,"height":429},"large":{"url":"https:\/\/construcaocivil.siriusmarketingedesign.com.br\/wp-content\/uploads\/2022\/04\/LAVA-JATO-LULA-1024x572.jpg","width":1024,"height":572},"full":{"url":"https:\/\/construcaocivil.siriusmarketingedesign.com.br\/wp-content\/uploads\/2022\/04\/LAVA-JATO-LULA.jpg","width":1200,"height":670}},"spectra_blocks_author_info":{"display_name":"Jornal da Constru\u00e7\u00e3o Civil","avatar_url":"https:\/\/secure.gravatar.com\/avatar\/973c9774fd44ddaceb026973c4962faa70fc512bc4c9da68e8ebb40fecee6540?s=96&d=mm&r=g","author_link":"https:\/\/construcaocivil.siriusmarketingedesign.com.br\/?author=1","description":"Desde de 2013, levando muitas informa\u00e7\u00f5es, lan\u00e7amentos e produtos de qualidade para toda cadeia produtiva da constru\u00e7\u00e3o. O Futuro da constru\u00e7\u00e3o passa por aqui,"},"uagb_featured_image_src":{"full":["https:\/\/construcaocivil.siriusmarketingedesign.com.br\/wp-content\/uploads\/2022\/04\/LAVA-JATO-LULA.jpg",1200,670,false],"thumbnail":["https:\/\/construcaocivil.siriusmarketingedesign.com.br\/wp-content\/uploads\/2022\/04\/LAVA-JATO-LULA-150x150.jpg",150,150,true],"medium":["https:\/\/construcaocivil.siriusmarketingedesign.com.br\/wp-content\/uploads\/2022\/04\/LAVA-JATO-LULA-300x168.jpg",300,168,true],"medium_large":["https:\/\/construcaocivil.siriusmarketingedesign.com.br\/wp-content\/uploads\/2022\/04\/LAVA-JATO-LULA-768x429.jpg",768,429,true],"large":["https:\/\/construcaocivil.siriusmarketingedesign.com.br\/wp-content\/uploads\/2022\/04\/LAVA-JATO-LULA-1024x572.jpg",1024,572,true],"1536x1536":["https:\/\/construcaocivil.siriusmarketingedesign.com.br\/wp-content\/uploads\/2022\/04\/LAVA-JATO-LULA.jpg",1200,670,false],"2048x2048":["https:\/\/construcaocivil.siriusmarketingedesign.com.br\/wp-content\/uploads\/2022\/04\/LAVA-JATO-LULA.jpg",1200,670,false]},"uagb_author_info":{"display_name":"Jornal da Constru\u00e7\u00e3o Civil","author_link":"https:\/\/construcaocivil.siriusmarketingedesign.com.br\/?author=1"},"uagb_comment_info":0,"uagb_excerpt":"Abril, 2022 &#8211; Em entrevista ao vivo hoje (05) \u00e0 r\u00e1dio Lagoa Dourada FM, da Rede T do Paran\u00e1, o ex-presidente Luiz In\u00e1cio Lula da Silva afirmou que a Lava Jato foi inven\u00e7\u00e3o\u00a0que enganou a imprensa e causou mal \u00e0 hist\u00f3ria e ao desenvolvimento do Brasil. Lula disse ser preciso combater den\u00fancias de corrup\u00e7\u00e3o prendendo&hellip;","_links":{"self":[{"href":"https:\/\/construcaocivil.siriusmarketingedesign.com.br\/index.php?rest_route=\/wp\/v2\/posts\/19032","targetHints":{"allow":["GET"]}}],"collection":[{"href":"https:\/\/construcaocivil.siriusmarketingedesign.com.br\/index.php?rest_route=\/wp\/v2\/posts"}],"about":[{"href":"https:\/\/construcaocivil.siriusmarketingedesign.com.br\/index.php?rest_route=\/wp\/v2\/types\/post"}],"author":[{"embeddable":true,"href":"https:\/\/construcaocivil.siriusmarketingedesign.com.br\/index.php?rest_route=\/wp\/v2\/users\/1"}],"replies":[{"embeddable":true,"href":"https:\/\/construcaocivil.siriusmarketingedesign.com.br\/index.php?rest_route=%2Fwp%2Fv2%2Fcomments&post=19032"}],"version-history":[{"count":0,"href":"https:\/\/construcaocivil.siriusmarketingedesign.com.br\/index.php?rest_route=\/wp\/v2\/posts\/19032\/revisions"}],"wp:featuredmedia":[{"embeddable":true,"href":"https:\/\/construcaocivil.siriusmarketingedesign.com.br\/index.php?rest_route=\/wp\/v2\/media\/19041"}],"wp:attachment":[{"href":"https:\/\/construcaocivil.siriusmarketingedesign.com.br\/index.php?rest_route=%2Fwp%2Fv2%2Fmedia&parent=19032"}],"wp:term":[{"taxonomy":"category","embeddable":true,"href":"https:\/\/construcaocivil.siriusmarketingedesign.com.br\/index.php?rest_route=%2Fwp%2Fv2%2Fcategories&post=19032"},{"taxonomy":"post_tag","embeddable":true,"href":"https:\/\/construcaocivil.siriusmarketingedesign.com.br\/index.php?rest_route=%2Fwp%2Fv2%2Ftags&post=19032"}],"curies":[{"name":"wp","href":"https:\/\/api.w.org\/{rel}","templated":true}]}}