{"id":19045,"date":"2022-04-06T00:20:57","date_gmt":"2022-04-06T03:20:57","guid":{"rendered":"https:\/\/www.jornaldaconstrucaocivil.com.br\/?p=19045"},"modified":"2022-04-06T00:20:57","modified_gmt":"2022-04-06T03:20:57","slug":"apos-forte-recuperacao-em-2021-industria-latino-americana-de-aco-inicia-2022-com-cautela-devido-ao-contexto-global","status":"publish","type":"post","link":"https:\/\/construcaocivil.siriusmarketingedesign.com.br\/?p=19045","title":{"rendered":"Ap\u00f3s forte recupera\u00e7\u00e3o em 2021, ind\u00fastria latino-americana de a\u00e7o inicia 2022 com cautela devido ao contexto global"},"content":{"rendered":"<p style=\"text-align: justify;\">Alacero &#8211; S\u00e3o Paulo, Brasil, abril de 2022. Em 2021, a produ\u00e7\u00e3o de a\u00e7o bruto aumentou 15,7% em rela\u00e7\u00e3o ao ano anterior, atingindo um total de 64,8 Mt, enquanto a produ\u00e7\u00e3o de laminados aumentou 19,5% (55,7 Mt). O ano terminou com um consumo regional total de 74,8 Mt, um aumento de 26,6% em rela\u00e7\u00e3o ao ano anterior (59,1 Mt) e 15,4% em rela\u00e7\u00e3o a 2019 (64,8 Mt). Exporta\u00e7\u00f5es que atingiram 9,0 Mt, 19,9% a mais que em 2020 (7,5 Mt). As importa\u00e7\u00f5es acumuladas j\u00e1 somaram 28,8 Mt, 46,7% acima do mesmo per\u00edodo de 2020 (19,6 Mt). &#8220;Os n\u00fameros do ano passado mostram mais uma vez a forte resili\u00eancia do nosso setor, impulsionado pelos setores de constru\u00e7\u00e3o, agr\u00edcola e automotivo&#8221;, afirma Alejandro Wagner, diretor executivo da Alacero.\n<\/p>\n<p style=\"text-align: justify;\">&#8220;Para 2022, espera-se uma leve queda de 2,1% no consumo aparente, principalmente devido a uma forte recomposi\u00e7\u00e3o de estoque na cadeia. Mesmo assim, \u00e9 um bom n\u00edvel em rela\u00e7\u00e3o aos anos pr\u00e9-pandemia (2017-19 a m\u00e9dia de 66,1 Mt\/ano)&#8221;, acrescenta Alejandro.<\/p>\n<p style=\"text-align: justify;\">\n<p style=\"text-align: justify;\">No entanto, em fevereiro de 2022, a produ\u00e7\u00e3o de a\u00e7o bruto diminuiu 6,8% em rela\u00e7\u00e3o ao m\u00eas anterior, atingindo 4,8 Mt. Com o acumulado entre ENE-FEB de 10,0 Mt, 2,2% inferior ao mesmo per\u00edodo de 2021. Enquanto a produ\u00e7\u00e3o de laminados foi 3,3% menor em rela\u00e7\u00e3o a janeiro, totalizando 4,2 Mt. A produ\u00e7\u00e3o acumulada de laminados nos dois meses foi de 8,6 Mt, com 2,3% a mais que no ano anterior. Em janeiro de 2022, o consumo aparente foi de 5,6 Mt (-8,0% em rela\u00e7\u00e3o a janeiro de 2021 e +4,6% em rela\u00e7\u00e3o ao m\u00eas anterior).\n<\/p>\n<p style=\"text-align: justify;\">O d\u00e9ficit comercial acumulado para 2021 ainda \u00e9 cr\u00edtico, 63,5% superior ao ano anterior, com -19,8 Mt. &#8220;Ainda n\u00e3o sa\u00edmos do per\u00edodo de incertezas, pelo contr\u00e1rio, come\u00e7amos um ano com incertezas dom\u00e9sticas com elei\u00e7\u00f5es, infla\u00e7\u00e3o e pol\u00edticas monet\u00e1rias r\u00edgidas que podem ter impacto sobre a atividade industrial. E a tudo isso se soma a incerteza de um conflito global, com o aumento das mat\u00e9rias-primas do a\u00e7o, bem como o custo da energia global&#8221;, conclui Alejandro Wagner.<\/p>\n<p style=\"text-align: justify;\">\n<p style=\"text-align: justify;\">Outro ponto importante para o setor sider\u00fargico em 2022 \u00e9 o impacto do conflito entre R\u00fassia e Ucr\u00e2nia. A Ucr\u00e2nia \u00e9 o 14\u00ba maior produtor de a\u00e7o bruto (21,4Mt em 2021) e o 8\u00ba maior exportador de a\u00e7o do mundo (15Mt em 2021), segundo dados da OCDE. Outro estudo da mesma organiza\u00e7\u00e3o indica que a R\u00fassia \u00e9 o nono maior exportador de min\u00e9rio de ferro do mundo, com produ\u00e7\u00e3o de 25,7Mt em 2020, e o terceiro maior exportador de carv\u00e3o. Portanto, o conflito entre os pa\u00edses pode ter um impacto substancial nos pre\u00e7os das mat\u00e9rias-primas.\n<\/p>\n<p style=\"text-align: justify;\">&#8220;O mercado internacional teve que buscar novas alternativas devido \u00e0 indisponibilidade de a\u00e7o e mat\u00e9rias-primas da Ucr\u00e2nia ou da R\u00fassia. Isso afeta principalmente os Estados Unidos e a Europa, embora os efeitos n\u00e3o sejam descartados em alguns pa\u00edses da Am\u00e9rica Latina.\n<\/p>\n<p style=\"text-align: justify;\">Devido \u00e0 quebra de oferta devido \u00e0 indisponibilidade de fornecimentos da Ucr\u00e2nia ou da R\u00fassia, a situa\u00e7\u00e3o tem causado uma situa\u00e7\u00e3o generalizada no mundo de aumentos de pre\u00e7os, quer porque estes novos fornecedores t\u00eam custos mais elevados, quer por simples excesso de procura de mat\u00e9ria-prima que alguns fornecedores t\u00eam&#8221;, diz Alejandro Wagner.<\/p>\n<p style=\"text-align: justify;\">\n<p style=\"text-align: justify;\">No mercado dominicano, por exemplo, a maior parte da mat\u00e9ria-prima utilizada para o acabamento dos produtos sider\u00fargicos veio da Ucr\u00e2nia. Devido \u00e0 guerra, o pa\u00eds teve que buscar novas fontes de produ\u00e7\u00e3o para garantir o abastecimento da Rep\u00fablica.<br \/>\n<img decoding=\"async\" class=\"aligncenter\" src=\"https:\/\/enviosinbound.com\/0==gN1QDO1IjOyJmLt92YuwWa2l2YvF2Y1JHdz52bjFGZsFmby9maA9WYjFGZlJnO0kTMxYDMxYDM0ozZuBnL4YjM2YDN2ADM0YkMlADM08Gd1FmRyUyM2AzMx8VL0ETLfpzM\" \/><\/p>\n<p style=\"text-align: justify;\">Ainda outro fator que prejudica os pa\u00edses latino-americanos com a compra de a\u00e7o \u00e9 a taxa de infla\u00e7\u00e3o. Os governos aumentaram as taxas de juros para cont\u00ea-lo, mas com as elei\u00e7\u00f5es de 2022, mudan\u00e7as nas linhas pol\u00edticas podem impactar a implementa\u00e7\u00e3o das reformas econ\u00f4micas. &#8220;Ent\u00e3o, \u00e9 importante buscar o equil\u00edbrio entre demanda e produ\u00e7\u00e3o e tamb\u00e9m a coopera\u00e7\u00e3o dos pa\u00edses para continuar alcan\u00e7ando melhores resultados. Por exemplo, h\u00e1 uma oportunidade de modernizar e renovar a siderurgia com novos investimentos verdes no m\u00e9dio e longo prazo, pois a renova\u00e7\u00e3o em um momento de escassez de energia aumentaria os custos&#8221;, conclui Alejandro Wagner.<\/p>\n<p style=\"text-align: justify;\">\n","protected":false},"excerpt":{"rendered":"<p>Alacero &#8211; S\u00e3o Paulo, Brasil, abril de 2022. Em 2021, a produ\u00e7\u00e3o de a\u00e7o bruto aumentou 15,7% em rela\u00e7\u00e3o ao ano anterior, atingindo um total de 64,8 Mt, enquanto a produ\u00e7\u00e3o de laminados aumentou 19,5% (55,7 Mt). O ano terminou com um consumo regional total de 74,8 Mt, um aumento de 26,6% em rela\u00e7\u00e3o ao [&hellip;]<\/p>\n","protected":false},"author":1,"featured_media":19046,"comment_status":"open","ping_status":"open","sticky":false,"template":"","format":"standard","meta":{"_uag_custom_page_level_css":"","footnotes":""},"categories":[33],"tags":[23593,19250,2826,23592,23594,23591],"class_list":["post-19045","post","type-post","status-publish","format-standard","has-post-thumbnail","hentry","category-mercado","tag-aco-em-tempos-de-guerra","tag-alacero","tag-construcao-civil","tag-novos-fornecedores-de-aco","tag-vendas-de-aco-em-2022","tag-vendas-de-aco-na-america-latina"],"blocksy_meta":[],"spectra_blocks_featured_image_url":{"thumbnail":{"url":"https:\/\/construcaocivil.siriusmarketingedesign.com.br\/wp-content\/uploads\/2022\/04\/IMG_20220115_134439_2-1-150x150.jpg","width":150,"height":150},"medium":{"url":"https:\/\/construcaocivil.siriusmarketingedesign.com.br\/wp-content\/uploads\/2022\/04\/IMG_20220115_134439_2-1-221x300.jpg","width":221,"height":300},"medium_large":{"url":"https:\/\/construcaocivil.siriusmarketingedesign.com.br\/wp-content\/uploads\/2022\/04\/IMG_20220115_134439_2-1-768x1042.jpg","width":768,"height":1042},"large":{"url":"https:\/\/construcaocivil.siriusmarketingedesign.com.br\/wp-content\/uploads\/2022\/04\/IMG_20220115_134439_2-1-755x1024.jpg","width":755,"height":1024},"full":{"url":"https:\/\/construcaocivil.siriusmarketingedesign.com.br\/wp-content\/uploads\/2022\/04\/IMG_20220115_134439_2-1-scaled.jpg","width":1887,"height":2560}},"spectra_blocks_author_info":{"display_name":"Jornal da Constru\u00e7\u00e3o Civil","avatar_url":"https:\/\/secure.gravatar.com\/avatar\/973c9774fd44ddaceb026973c4962faa70fc512bc4c9da68e8ebb40fecee6540?s=96&d=mm&r=g","author_link":"https:\/\/construcaocivil.siriusmarketingedesign.com.br\/?author=1","description":"Desde de 2013, levando muitas informa\u00e7\u00f5es, lan\u00e7amentos e produtos de qualidade para toda cadeia produtiva da constru\u00e7\u00e3o. O Futuro da constru\u00e7\u00e3o passa por aqui,"},"uagb_featured_image_src":{"full":["https:\/\/construcaocivil.siriusmarketingedesign.com.br\/wp-content\/uploads\/2022\/04\/IMG_20220115_134439_2-1-scaled.jpg",1887,2560,false],"thumbnail":["https:\/\/construcaocivil.siriusmarketingedesign.com.br\/wp-content\/uploads\/2022\/04\/IMG_20220115_134439_2-1-150x150.jpg",150,150,true],"medium":["https:\/\/construcaocivil.siriusmarketingedesign.com.br\/wp-content\/uploads\/2022\/04\/IMG_20220115_134439_2-1-221x300.jpg",221,300,true],"medium_large":["https:\/\/construcaocivil.siriusmarketingedesign.com.br\/wp-content\/uploads\/2022\/04\/IMG_20220115_134439_2-1-768x1042.jpg",768,1042,true],"large":["https:\/\/construcaocivil.siriusmarketingedesign.com.br\/wp-content\/uploads\/2022\/04\/IMG_20220115_134439_2-1-755x1024.jpg",755,1024,true],"1536x1536":["https:\/\/construcaocivil.siriusmarketingedesign.com.br\/wp-content\/uploads\/2022\/04\/IMG_20220115_134439_2-1-1132x1536.jpg",1132,1536,true],"2048x2048":["https:\/\/construcaocivil.siriusmarketingedesign.com.br\/wp-content\/uploads\/2022\/04\/IMG_20220115_134439_2-1-1510x2048.jpg",1510,2048,true]},"uagb_author_info":{"display_name":"Jornal da Constru\u00e7\u00e3o Civil","author_link":"https:\/\/construcaocivil.siriusmarketingedesign.com.br\/?author=1"},"uagb_comment_info":0,"uagb_excerpt":"Alacero &#8211; S\u00e3o Paulo, Brasil, abril de 2022. Em 2021, a produ\u00e7\u00e3o de a\u00e7o bruto aumentou 15,7% em rela\u00e7\u00e3o ao ano anterior, atingindo um total de 64,8 Mt, enquanto a produ\u00e7\u00e3o de laminados aumentou 19,5% (55,7 Mt). O ano terminou com um consumo regional total de 74,8 Mt, um aumento de 26,6% em rela\u00e7\u00e3o ao&hellip;","_links":{"self":[{"href":"https:\/\/construcaocivil.siriusmarketingedesign.com.br\/index.php?rest_route=\/wp\/v2\/posts\/19045","targetHints":{"allow":["GET"]}}],"collection":[{"href":"https:\/\/construcaocivil.siriusmarketingedesign.com.br\/index.php?rest_route=\/wp\/v2\/posts"}],"about":[{"href":"https:\/\/construcaocivil.siriusmarketingedesign.com.br\/index.php?rest_route=\/wp\/v2\/types\/post"}],"author":[{"embeddable":true,"href":"https:\/\/construcaocivil.siriusmarketingedesign.com.br\/index.php?rest_route=\/wp\/v2\/users\/1"}],"replies":[{"embeddable":true,"href":"https:\/\/construcaocivil.siriusmarketingedesign.com.br\/index.php?rest_route=%2Fwp%2Fv2%2Fcomments&post=19045"}],"version-history":[{"count":0,"href":"https:\/\/construcaocivil.siriusmarketingedesign.com.br\/index.php?rest_route=\/wp\/v2\/posts\/19045\/revisions"}],"wp:featuredmedia":[{"embeddable":true,"href":"https:\/\/construcaocivil.siriusmarketingedesign.com.br\/index.php?rest_route=\/wp\/v2\/media\/19046"}],"wp:attachment":[{"href":"https:\/\/construcaocivil.siriusmarketingedesign.com.br\/index.php?rest_route=%2Fwp%2Fv2%2Fmedia&parent=19045"}],"wp:term":[{"taxonomy":"category","embeddable":true,"href":"https:\/\/construcaocivil.siriusmarketingedesign.com.br\/index.php?rest_route=%2Fwp%2Fv2%2Fcategories&post=19045"},{"taxonomy":"post_tag","embeddable":true,"href":"https:\/\/construcaocivil.siriusmarketingedesign.com.br\/index.php?rest_route=%2Fwp%2Fv2%2Ftags&post=19045"}],"curies":[{"name":"wp","href":"https:\/\/api.w.org\/{rel}","templated":true}]}}