{"id":19055,"date":"2022-04-07T22:06:41","date_gmt":"2022-04-08T01:06:41","guid":{"rendered":"https:\/\/www.jornaldaconstrucaocivil.com.br\/?p=19055"},"modified":"2022-04-07T22:06:41","modified_gmt":"2022-04-08T01:06:41","slug":"macae-inicia-campanha-de-vacinacao-contra-a-influenza","status":"publish","type":"post","link":"https:\/\/construcaocivil.siriusmarketingedesign.com.br\/?p=19055","title":{"rendered":"Maca\u00e9 inicia campanha de vacina\u00e7\u00e3o contra a Influenza"},"content":{"rendered":"<div class=\"v1gmail_quote\">\n<div dir=\"ltr\">\n<p class=\"v1MsoNormal\" style=\"text-align: justify;\"><span style=\"color: #993300;\">Abril<\/span>, 2022 &#8211; A campanha municipal de vacina\u00e7\u00e3o contra a Influenza come\u00e7ou nesta ter\u00e7a-feira (5) nos 32 polos espalhados por Maca\u00e9. Nesta primeira etapa, o atendimento \u00e9 direcionado a idosos a partir de 80 anos e trabalhadores da Sa\u00fade.<\/p>\n<p class=\"v1MsoNormal\" style=\"text-align: justify;\">A vacina\u00e7\u00e3o ocorre de 8h \u00e0s 17h, de acordo com a rotina das unidades da Estrat\u00e9gia de Sa\u00fade da Fam\u00edlia (ESF), das Unidades B\u00e1sicas de Sa\u00fade (UBS) Morro de Sant&#8217;Anna e Barramares, al\u00e9m da sala de vacina do Pronto Socorro do Parque Aeroporto. A Casa da Vacina tamb\u00e9m faz parte desta campanha.<\/p>\n<p class=\"v1MsoNormal\" style=\"text-align: justify;\">O p\u00fablico alvo da vacina\u00e7\u00e3o contra a Influenza \u00e9 definido pelo Minist\u00e9rio da Sa\u00fade e ser\u00e1 ampliado de acordo com a disponibilidade de doses entregues pela Secretaria Estadual de Sa\u00fade.<\/p>\n<p class=\"v1MsoNormal\" style=\"text-align: justify;\">Confira nas redes sociais e site oficial da prefeitura o p\u00fablico alvo, al\u00e9m dos dias e hor\u00e1rios de atendimento das unidades que participam da campanha municipal de vacina\u00e7\u00e3o contra a Influenza.<\/p>\n<p>Edi\u00e7\u00e3o e Texto:<\/p>\n<p class=\"v1MsoNormal\">Jornalista: M\u00e1rcio Siqueira<\/p>\n<p>Fonte: Ascom\/Maca\u00e9<\/p>\n<\/div>\n<\/div>\n<div style=\"text-align: justify;\"><\/div>\n","protected":false},"excerpt":{"rendered":"<p>Abril, 2022 &#8211; A campanha municipal de vacina\u00e7\u00e3o contra a Influenza come\u00e7ou nesta ter\u00e7a-feira (5) nos 32 polos espalhados por Maca\u00e9. Nesta primeira etapa, o atendimento \u00e9 direcionado a idosos a partir de 80 anos e trabalhadores da Sa\u00fade. A vacina\u00e7\u00e3o ocorre de 8h \u00e0s 17h, de acordo com a rotina das unidades da Estrat\u00e9gia [&hellip;]<\/p>\n","protected":false},"author":1,"featured_media":19056,"comment_status":"open","ping_status":"open","sticky":false,"template":"","format":"standard","meta":{"_uag_custom_page_level_css":"","footnotes":""},"categories":[27],"tags":[7106,23603,8180,10693,23602],"class_list":["post-19055","post","type-post","status-publish","format-standard","has-post-thumbnail","hentry","category-acontece","tag-macae","tag-morro-de-santanna-e-barramares","tag-norte-fluminense","tag-saude","tag-vacinacao-contra-a-influenza"],"blocksy_meta":[],"spectra_blocks_featured_image_url":{"thumbnail":{"url":"https:\/\/construcaocivil.siriusmarketingedesign.com.br\/wp-content\/uploads\/2022\/04\/20210422-Vacinacao-COVID-na-Fronteira-Foto-Joao-Barreto-10-1-150x150.jpg","width":150,"height":150},"medium":{"url":"https:\/\/construcaocivil.siriusmarketingedesign.com.br\/wp-content\/uploads\/2022\/04\/20210422-Vacinacao-COVID-na-Fronteira-Foto-Joao-Barreto-10-1-300x200.jpg","width":300,"height":200},"medium_large":{"url":"https:\/\/construcaocivil.siriusmarketingedesign.com.br\/wp-content\/uploads\/2022\/04\/20210422-Vacinacao-COVID-na-Fronteira-Foto-Joao-Barreto-10-1-768x512.jpg","width":768,"height":512},"large":{"url":"https:\/\/construcaocivil.siriusmarketingedesign.com.br\/wp-content\/uploads\/2022\/04\/20210422-Vacinacao-COVID-na-Fronteira-Foto-Joao-Barreto-10-1-1024x683.jpg","width":1024,"height":683},"full":{"url":"https:\/\/construcaocivil.siriusmarketingedesign.com.br\/wp-content\/uploads\/2022\/04\/20210422-Vacinacao-COVID-na-Fronteira-Foto-Joao-Barreto-10-1.jpg","width":1417,"height":945}},"spectra_blocks_author_info":{"display_name":"Jornal da Constru\u00e7\u00e3o Civil","avatar_url":"https:\/\/secure.gravatar.com\/avatar\/973c9774fd44ddaceb026973c4962faa70fc512bc4c9da68e8ebb40fecee6540?s=96&d=mm&r=g","author_link":"https:\/\/construcaocivil.siriusmarketingedesign.com.br\/?author=1","description":"Desde de 2013, levando muitas informa\u00e7\u00f5es, lan\u00e7amentos e produtos de qualidade para toda cadeia produtiva da constru\u00e7\u00e3o. O Futuro da constru\u00e7\u00e3o passa por aqui,"},"uagb_featured_image_src":{"full":["https:\/\/construcaocivil.siriusmarketingedesign.com.br\/wp-content\/uploads\/2022\/04\/20210422-Vacinacao-COVID-na-Fronteira-Foto-Joao-Barreto-10-1.jpg",1417,945,false],"thumbnail":["https:\/\/construcaocivil.siriusmarketingedesign.com.br\/wp-content\/uploads\/2022\/04\/20210422-Vacinacao-COVID-na-Fronteira-Foto-Joao-Barreto-10-1-150x150.jpg",150,150,true],"medium":["https:\/\/construcaocivil.siriusmarketingedesign.com.br\/wp-content\/uploads\/2022\/04\/20210422-Vacinacao-COVID-na-Fronteira-Foto-Joao-Barreto-10-1-300x200.jpg",300,200,true],"medium_large":["https:\/\/construcaocivil.siriusmarketingedesign.com.br\/wp-content\/uploads\/2022\/04\/20210422-Vacinacao-COVID-na-Fronteira-Foto-Joao-Barreto-10-1-768x512.jpg",768,512,true],"large":["https:\/\/construcaocivil.siriusmarketingedesign.com.br\/wp-content\/uploads\/2022\/04\/20210422-Vacinacao-COVID-na-Fronteira-Foto-Joao-Barreto-10-1-1024x683.jpg",1024,683,true],"1536x1536":["https:\/\/construcaocivil.siriusmarketingedesign.com.br\/wp-content\/uploads\/2022\/04\/20210422-Vacinacao-COVID-na-Fronteira-Foto-Joao-Barreto-10-1.jpg",1417,945,false],"2048x2048":["https:\/\/construcaocivil.siriusmarketingedesign.com.br\/wp-content\/uploads\/2022\/04\/20210422-Vacinacao-COVID-na-Fronteira-Foto-Joao-Barreto-10-1.jpg",1417,945,false]},"uagb_author_info":{"display_name":"Jornal da Constru\u00e7\u00e3o Civil","author_link":"https:\/\/construcaocivil.siriusmarketingedesign.com.br\/?author=1"},"uagb_comment_info":0,"uagb_excerpt":"Abril, 2022 &#8211; A campanha municipal de vacina\u00e7\u00e3o contra a Influenza come\u00e7ou nesta ter\u00e7a-feira (5) nos 32 polos espalhados por Maca\u00e9. Nesta primeira etapa, o atendimento \u00e9 direcionado a idosos a partir de 80 anos e trabalhadores da Sa\u00fade. A vacina\u00e7\u00e3o ocorre de 8h \u00e0s 17h, de acordo com a rotina das unidades da Estrat\u00e9gia&hellip;","_links":{"self":[{"href":"https:\/\/construcaocivil.siriusmarketingedesign.com.br\/index.php?rest_route=\/wp\/v2\/posts\/19055","targetHints":{"allow":["GET"]}}],"collection":[{"href":"https:\/\/construcaocivil.siriusmarketingedesign.com.br\/index.php?rest_route=\/wp\/v2\/posts"}],"about":[{"href":"https:\/\/construcaocivil.siriusmarketingedesign.com.br\/index.php?rest_route=\/wp\/v2\/types\/post"}],"author":[{"embeddable":true,"href":"https:\/\/construcaocivil.siriusmarketingedesign.com.br\/index.php?rest_route=\/wp\/v2\/users\/1"}],"replies":[{"embeddable":true,"href":"https:\/\/construcaocivil.siriusmarketingedesign.com.br\/index.php?rest_route=%2Fwp%2Fv2%2Fcomments&post=19055"}],"version-history":[{"count":0,"href":"https:\/\/construcaocivil.siriusmarketingedesign.com.br\/index.php?rest_route=\/wp\/v2\/posts\/19055\/revisions"}],"wp:featuredmedia":[{"embeddable":true,"href":"https:\/\/construcaocivil.siriusmarketingedesign.com.br\/index.php?rest_route=\/wp\/v2\/media\/19056"}],"wp:attachment":[{"href":"https:\/\/construcaocivil.siriusmarketingedesign.com.br\/index.php?rest_route=%2Fwp%2Fv2%2Fmedia&parent=19055"}],"wp:term":[{"taxonomy":"category","embeddable":true,"href":"https:\/\/construcaocivil.siriusmarketingedesign.com.br\/index.php?rest_route=%2Fwp%2Fv2%2Fcategories&post=19055"},{"taxonomy":"post_tag","embeddable":true,"href":"https:\/\/construcaocivil.siriusmarketingedesign.com.br\/index.php?rest_route=%2Fwp%2Fv2%2Ftags&post=19055"}],"curies":[{"name":"wp","href":"https:\/\/api.w.org\/{rel}","templated":true}]}}