{"id":19088,"date":"2022-04-11T13:16:18","date_gmt":"2022-04-11T16:16:18","guid":{"rendered":"https:\/\/www.jornaldaconstrucaocivil.com.br\/?p=19088"},"modified":"2022-04-11T13:16:18","modified_gmt":"2022-04-11T16:16:18","slug":"abril-verde-cuidado-com-sst-deve-partir-da-alta-direcao-das-empresas","status":"publish","type":"post","link":"https:\/\/construcaocivil.siriusmarketingedesign.com.br\/?p=19088","title":{"rendered":"Abril Verde: cuidado com SST deve partir da alta dire\u00e7\u00e3o das empresas"},"content":{"rendered":"<p class=\"v1MsoNormal\" style=\"text-align: justify;\"><b>S\u00e3o Paulo, 11 de abril de 2022<\/b>\u00a0\u2013 Em v\u00eddeo lan\u00e7ado por ocasi\u00e3o da campanha Abril Verde, de preven\u00e7\u00e3o de acidentes de trabalho, Haruo Ishikawa, membro do Conselho Deliberativo do\u00a0<span class=\"v1MsoHyperlink\"><a href=\"https:\/\/www.seconci-sp.org.br\/\" target=\"_blank\" rel=\"noopener noreferrer\"><span style=\"color: #0000ff;\">Seconci<\/span>&#8211;<span style=\"color: #0000ff;\">SP<\/span><\/a><\/span><span style=\"color: #0000ff;\">\u00a0<\/span>(Servi\u00e7o Social da Constru\u00e7\u00e3o), afirma que a conscientiza\u00e7\u00e3o sobre esses cuidados precisa partir da alta dire\u00e7\u00e3o das empresas.<\/p>\n<p class=\"v1MsoNormal\" style=\"text-align: justify;\">&#8220;Trabalhar com sa\u00fade\u00a0\u00e9 investimento, d\u00e1 lucro para as empresas.\u00a0Portanto, inclua o planejamento da seguran\u00e7a do trabalho desde a fase de projeto&#8221;, recomenda \u00e0s empresas Haruo, que tamb\u00e9m \u00e9 vice-presidente do SindusCon-SP (Sindicato da Constru\u00e7\u00e3o) e coordenador do Grupo de Interc\u00e2mbio de Sa\u00fade e Seguran\u00e7a do Trabalho da CBIC (C\u00e2mara Brasileira da Ind\u00fastria da Constru\u00e7\u00e3o).<\/p>\n<p style=\"text-align: justify;\">&#8220;D\u00ea \u00e0 sa\u00fade e \u00e0 seguran\u00e7a do trabalho a mesma import\u00e2ncia que voc\u00ea proporciona \u00e0 gest\u00e3o e \u00e0 execu\u00e7\u00e3o da obra.\u00a0N\u00e3o hesite em procurar orienta\u00e7\u00f5es de nossas entidades.\u00a0Mantenha-se atualizado, por meio de nossos cursos e webinars&#8221;, completa.<\/p>\n<p><iframe loading=\"lazy\" title=\"Abril Verde | Haruo Ishikawa\" width=\"1290\" height=\"968\" src=\"https:\/\/www.youtube.com\/embed\/W4vIyPhMdpo?feature=oembed\" frameborder=\"0\" allow=\"accelerometer; autoplay; clipboard-write; encrypted-media; gyroscope; picture-in-picture; web-share\" referrerpolicy=\"strict-origin-when-cross-origin\" allowfullscreen><\/iframe><\/p>\n<p><span style=\"color: #0000ff;\"><b>Meta zero de acidente<\/b><\/span><\/p>\n<p>\u00c9 a seguinte a \u00edntegra do pronunciamento do conselheiro do Seconci-SP:<\/p>\n<p>&#8220;A ind\u00fastria da constru\u00e7\u00e3o tem sido um dos setores que mais gente empregou na pandemia.<\/p>\n<p>S\u00f3 nos \u00faltimos 12 meses, geramos mais de 230 mil empregos no Brasil.<\/p>\n<p>A sa\u00fade e seguran\u00e7a do trabalhador s\u00e3o fundamentais para a qualidade de vida e a produtividade nas obras.<\/p>\n<p>Por isso, nosso esfor\u00e7o cont\u00ednuo \u00e9 proporcionar conhecimento e servi\u00e7os \u00e0s construtoras, visando a meta de zero acidente de trabalho.<\/p>\n<p>Al\u00e9m disso, realizamos um trabalho de sucesso na conten\u00e7\u00e3o da Covid nas obras.<\/p>\n<p>Hoje a contamina\u00e7\u00e3o est\u00e1 muito reduzida gra\u00e7as \u00e0 vacina\u00e7\u00e3o e \u00e0s medidas de prote\u00e7\u00e3o adotadas pelo setor desde o in\u00edcio da pandemia.<\/p>\n<p>N\u00f3s da CBIC, do SindusCon-SP e do Seconci-SP, entendemos que a conscientiza\u00e7\u00e3o desses cuidados precisa partir da alta dire\u00e7\u00e3o das empresas.<\/p>\n<p>Trabalhar com sa\u00fade e seguran\u00e7a \u00e9 investimento, d\u00e1 lucro para as empresas.<\/p>\n<p>Portanto, inclua o planejamento da seguran\u00e7a do trabalho desde a fase de projeto.<\/p>\n<p>E\u00a0d\u00ea \u00e0 sa\u00fade e \u00e0 seguran\u00e7a do trabalho a mesma import\u00e2ncia que voc\u00ea proporciona \u00e0 gest\u00e3o e \u00e0 execu\u00e7\u00e3o da obra.<\/p>\n<p>N\u00e3o hesite em procurar orienta\u00e7\u00f5es de nossas entidades.<\/p>\n<p>Mantenha-se atualizado, por meio de nossos cursos e webinars.<\/p>\n<p>Abra\u00e7o a todos!&#8221;<\/p>\n","protected":false},"excerpt":{"rendered":"<p>S\u00e3o Paulo, 11 de abril de 2022\u00a0\u2013 Em v\u00eddeo lan\u00e7ado por ocasi\u00e3o da campanha Abril Verde, de preven\u00e7\u00e3o de acidentes de trabalho, Haruo Ishikawa, membro do Conselho Deliberativo do\u00a0Seconci&#8211;SP\u00a0(Servi\u00e7o Social da Constru\u00e7\u00e3o), afirma que a conscientiza\u00e7\u00e3o sobre esses cuidados precisa partir da alta dire\u00e7\u00e3o das empresas. &#8220;Trabalhar com sa\u00fade\u00a0\u00e9 investimento, d\u00e1 lucro para as empresas.\u00a0Portanto, [&hellip;]<\/p>\n","protected":false},"author":1,"featured_media":19089,"comment_status":"open","ping_status":"open","sticky":false,"template":"","format":"standard","meta":{"_uag_custom_page_level_css":"","footnotes":""},"categories":[27],"tags":[23613,23631,23630,10734,17003],"class_list":["post-19088","post","type-post","status-publish","format-standard","has-post-thumbnail","hentry","category-acontece","tag-abril-verde","tag-saude-e-seguranca-do-trabalho","tag-saude-no-canteiro-de-obras","tag-seconci-sp","tag-servicos-medicos"],"blocksy_meta":[],"spectra_blocks_featured_image_url":{"thumbnail":{"url":"https:\/\/construcaocivil.siriusmarketingedesign.com.br\/wp-content\/uploads\/2022\/04\/ABRIL-VERDE-150x150.jpg","width":150,"height":150},"medium":{"url":"https:\/\/construcaocivil.siriusmarketingedesign.com.br\/wp-content\/uploads\/2022\/04\/ABRIL-VERDE.jpg","width":225,"height":225},"medium_large":{"url":"https:\/\/construcaocivil.siriusmarketingedesign.com.br\/wp-content\/uploads\/2022\/04\/ABRIL-VERDE.jpg","width":225,"height":225},"large":{"url":"https:\/\/construcaocivil.siriusmarketingedesign.com.br\/wp-content\/uploads\/2022\/04\/ABRIL-VERDE.jpg","width":225,"height":225},"full":{"url":"https:\/\/construcaocivil.siriusmarketingedesign.com.br\/wp-content\/uploads\/2022\/04\/ABRIL-VERDE.jpg","width":225,"height":225}},"spectra_blocks_author_info":{"display_name":"Jornal da Constru\u00e7\u00e3o Civil","avatar_url":"https:\/\/secure.gravatar.com\/avatar\/973c9774fd44ddaceb026973c4962faa70fc512bc4c9da68e8ebb40fecee6540?s=96&d=mm&r=g","author_link":"https:\/\/construcaocivil.siriusmarketingedesign.com.br\/?author=1","description":"Desde de 2013, levando muitas informa\u00e7\u00f5es, lan\u00e7amentos e produtos de qualidade para toda cadeia produtiva da constru\u00e7\u00e3o. O Futuro da constru\u00e7\u00e3o passa por aqui,"},"uagb_featured_image_src":{"full":["https:\/\/construcaocivil.siriusmarketingedesign.com.br\/wp-content\/uploads\/2022\/04\/ABRIL-VERDE.jpg",225,225,false],"thumbnail":["https:\/\/construcaocivil.siriusmarketingedesign.com.br\/wp-content\/uploads\/2022\/04\/ABRIL-VERDE-150x150.jpg",150,150,true],"medium":["https:\/\/construcaocivil.siriusmarketingedesign.com.br\/wp-content\/uploads\/2022\/04\/ABRIL-VERDE.jpg",225,225,false],"medium_large":["https:\/\/construcaocivil.siriusmarketingedesign.com.br\/wp-content\/uploads\/2022\/04\/ABRIL-VERDE.jpg",225,225,false],"large":["https:\/\/construcaocivil.siriusmarketingedesign.com.br\/wp-content\/uploads\/2022\/04\/ABRIL-VERDE.jpg",225,225,false],"1536x1536":["https:\/\/construcaocivil.siriusmarketingedesign.com.br\/wp-content\/uploads\/2022\/04\/ABRIL-VERDE.jpg",225,225,false],"2048x2048":["https:\/\/construcaocivil.siriusmarketingedesign.com.br\/wp-content\/uploads\/2022\/04\/ABRIL-VERDE.jpg",225,225,false]},"uagb_author_info":{"display_name":"Jornal da Constru\u00e7\u00e3o Civil","author_link":"https:\/\/construcaocivil.siriusmarketingedesign.com.br\/?author=1"},"uagb_comment_info":0,"uagb_excerpt":"S\u00e3o Paulo, 11 de abril de 2022\u00a0\u2013 Em v\u00eddeo lan\u00e7ado por ocasi\u00e3o da campanha Abril Verde, de preven\u00e7\u00e3o de acidentes de trabalho, Haruo Ishikawa, membro do Conselho Deliberativo do\u00a0Seconci&#8211;SP\u00a0(Servi\u00e7o Social da Constru\u00e7\u00e3o), afirma que a conscientiza\u00e7\u00e3o sobre esses cuidados precisa partir da alta dire\u00e7\u00e3o das empresas. &#8220;Trabalhar com sa\u00fade\u00a0\u00e9 investimento, d\u00e1 lucro para as empresas.\u00a0Portanto,&hellip;","_links":{"self":[{"href":"https:\/\/construcaocivil.siriusmarketingedesign.com.br\/index.php?rest_route=\/wp\/v2\/posts\/19088","targetHints":{"allow":["GET"]}}],"collection":[{"href":"https:\/\/construcaocivil.siriusmarketingedesign.com.br\/index.php?rest_route=\/wp\/v2\/posts"}],"about":[{"href":"https:\/\/construcaocivil.siriusmarketingedesign.com.br\/index.php?rest_route=\/wp\/v2\/types\/post"}],"author":[{"embeddable":true,"href":"https:\/\/construcaocivil.siriusmarketingedesign.com.br\/index.php?rest_route=\/wp\/v2\/users\/1"}],"replies":[{"embeddable":true,"href":"https:\/\/construcaocivil.siriusmarketingedesign.com.br\/index.php?rest_route=%2Fwp%2Fv2%2Fcomments&post=19088"}],"version-history":[{"count":0,"href":"https:\/\/construcaocivil.siriusmarketingedesign.com.br\/index.php?rest_route=\/wp\/v2\/posts\/19088\/revisions"}],"wp:featuredmedia":[{"embeddable":true,"href":"https:\/\/construcaocivil.siriusmarketingedesign.com.br\/index.php?rest_route=\/wp\/v2\/media\/19089"}],"wp:attachment":[{"href":"https:\/\/construcaocivil.siriusmarketingedesign.com.br\/index.php?rest_route=%2Fwp%2Fv2%2Fmedia&parent=19088"}],"wp:term":[{"taxonomy":"category","embeddable":true,"href":"https:\/\/construcaocivil.siriusmarketingedesign.com.br\/index.php?rest_route=%2Fwp%2Fv2%2Fcategories&post=19088"},{"taxonomy":"post_tag","embeddable":true,"href":"https:\/\/construcaocivil.siriusmarketingedesign.com.br\/index.php?rest_route=%2Fwp%2Fv2%2Ftags&post=19088"}],"curies":[{"name":"wp","href":"https:\/\/api.w.org\/{rel}","templated":true}]}}