{"id":19096,"date":"2023-01-27T18:04:35","date_gmt":"2023-01-27T21:04:35","guid":{"rendered":"https:\/\/www.jornaldaconstrucaocivil.com.br\/?p=19096"},"modified":"2023-01-27T18:04:35","modified_gmt":"2023-01-27T21:04:35","slug":"conheca-as-principais-nuances-do-pacote-verde-que-teve-o-julgamento-adiado-pelo-stf-apos-pedido-de-vistas","status":"publish","type":"post","link":"https:\/\/construcaocivil.siriusmarketingedesign.com.br\/?p=19096","title":{"rendered":"Conhe\u00e7a as principais nuances do Pacote Verde, que teve o julgamento adiado pelo STF ap\u00f3s pedido de vistas"},"content":{"rendered":"<p class=\"v1MsoNormal\" style=\"text-align: justify;\"><span style=\"color: #993300;\">Abril de 2022<\/span> &#8211; O julgamento do chamado &#8220;pacote verde&#8221; pelo Supremo Tribunal Federal foi reagendado e ficou para o dia 6 de abril, no entanto, como teve pedido de vistas do Ministro Andr\u00e9 Mendon\u00e7a do STF, o julgamento foi adiado.<\/p>\n<p class=\"v1MsoNormal\" style=\"text-align: justify;\">Destacado como de grande import\u00e2ncia para o Pa\u00eds, que vem sofrendo constantemente com o desmatamento ilegal de suas florestas nativas, tem em duas a\u00e7\u00f5es que fazem parte desse pacote, a Argui\u00e7\u00e3o de Descumprimento de Preceito Fundamental (ADPF) 760 e a A\u00e7\u00e3o Direito de Inconstitucionalidade por Omiss\u00e3o (ADO) 54, grande parte do interesse da sociedade civil.<\/p>\n<p class=\"v1MsoNormal\" style=\"text-align: justify;\">O Brasil, um Pa\u00eds que tem sua economia interna e externa baseada na agricultura e pecu\u00e1ria, viu suas florestas, em especial a Amaz\u00f4nica, sofrer com o desmatamento desenfreado.<\/p>\n<p class=\"v1MsoNormal\" style=\"text-align: justify;\">Desde 2009 a Uni\u00e3o se comprometeu internacionalmente em reduzir a zero o desmatamento ilegal, bem como introduzir pol\u00edticas ambientais que favorecessem o replantio nativo e a redu\u00e7\u00e3o das emiss\u00f5es de poluentes.<\/p>\n<p class=\"v1MsoNormal\" style=\"text-align: justify;\">O que se viu foi justamente o contr\u00e1rio, principalmente nos \u00faltimos tr\u00eas anos, s\u00e3o pol\u00edticas ambientais de d\u00e9cadas que foram deixadas de lado, planos que foram estabelecidos e hoje est\u00e3o abandonados como o Plano de A\u00e7\u00e3o para Preven\u00e7\u00e3o e Controle do Desmatamento na Amaz\u00f4nia Legal (PPCDAm).<\/p>\n<p class=\"v1MsoNormal\" style=\"text-align: justify;\">&#8220;As pol\u00edticas ambientais s\u00e3o importantes porque trazem seguran\u00e7a jur\u00eddica para a\u00e7\u00f5es no campo da agricultura e pecu\u00e1ria sem que haja dano \u00e0 sociedade que depende da natureza para um futuro mais promissor&#8221;, destaca o advogado especialista em Direito Ambiental e Miner\u00e1rio Luiz Paulo Dammski.<\/p>\n<p class=\"v1MsoNormal\" style=\"text-align: justify;\">As a\u00e7\u00f5es s\u00e3o de grande import\u00e2ncia e o objetivo delas, segundo Dammski s\u00e3o<b>:\u00a0<\/b>&#8220;a ADPF 760, em que sete partidos pol\u00edticos pedem que a Corte determine \u00e0 Uni\u00e3o, aos \u00f3rg\u00e3os e \u00e0s entidades federais competentes que executem, de maneira efetiva, o Plano de A\u00e7\u00e3o para Preven\u00e7\u00e3o e Controle do Desmatamento na Amaz\u00f4nia (PPCDAm); e da ADO 54, proposta pela Rede, em que se questiona suposta omiss\u00e3o do Presidente da Rep\u00fablica, Jair Bolsonaro, e do Minist\u00e9rio do Meio Ambiente, em coibir o desmatamento na Amaz\u00f4nia.&#8221;<\/p>\n<p class=\"v1MsoNormal\" style=\"text-align: justify;\">Para o especialista o julgamento deve levar em conta dados do Instituto Nacional de Pesquisas Espaciais, o INPE, al\u00e9m da demonstra\u00e7\u00e3o do governo de implanta\u00e7\u00e3o de pol\u00edticas ambientais que estejam em compasso com os compromissos assumidos em \u00e2mbito internacional.<\/p>\n<p class=\"v1MsoNormal\" style=\"text-align: justify;\">&#8220;\u00c9 o caso do acordo para redu\u00e7\u00e3o das emiss\u00f5es e desmatamento assinado na ONU em 2009 e mais recentemente na COP26, em que o Brasil se comprometeu em reduzir drasticamente o desmatamento ilegal&#8221; afirma Dammski.<\/p>\n<p class=\"v1MsoNormal\" style=\"text-align: justify;\">Em que pese ainda n\u00e3o ter sido finalizado o julgamento, a Ministra C\u00e1rmen L\u00facia, relatora de ambos os casos, iniciou a apresenta\u00e7\u00e3o de seu voto, apontando a exist\u00eancia de um estado de coisas inconstitucional relacionado \u00e0 atua\u00e7\u00e3o do Governo Federal na prote\u00e7\u00e3o da Amaz\u00f4nia.<\/p>\n<p class=\"v1MsoNormal\" style=\"text-align: justify;\"><b>* Luiz Paulo Dammski \u00e9 s\u00f3cio do escrit\u00f3rio Dammski &amp; Machado Advogados Associados, Professor universit\u00e1rio e Doutorando em Direito pela Universidade Federal do Paran\u00e1.<\/b><\/p>\n<p class=\"v1MsoNormal\" style=\"text-align: justify;\">\n","protected":false},"excerpt":{"rendered":"<p>Abril de 2022 &#8211; O julgamento do chamado &#8220;pacote verde&#8221; pelo Supremo Tribunal Federal foi reagendado e ficou para o dia 6 de abril, no entanto, como teve pedido de vistas do Ministro Andr\u00e9 Mendon\u00e7a do STF, o julgamento foi adiado. Destacado como de grande import\u00e2ncia para o Pa\u00eds, que vem sofrendo constantemente com o [&hellip;]<\/p>\n","protected":false},"author":1,"featured_media":19097,"comment_status":"open","ping_status":"open","sticky":false,"template":"","format":"standard","meta":{"_uag_custom_page_level_css":"","footnotes":""},"categories":[37],"tags":[24691,24807,24764,13326,14662,11414,23637,11722],"class_list":["post-19096","post","type-post","status-publish","format-standard","has-post-thumbnail","hentry","category-sustentabilidade","tag-desmatamentozero","tag-salveamazonia","tag-terrasindigenas","tag-garimpo-ilegal","tag-regiao-amazonica","tag-stf","tag-stf-pacote-verde","tag-terras-indigenas"],"blocksy_meta":[],"spectra_blocks_featured_image_url":{"thumbnail":{"url":"https:\/\/construcaocivil.siriusmarketingedesign.com.br\/wp-content\/uploads\/2022\/04\/pacote-verde-150x150.jpg","width":150,"height":150},"medium":{"url":"https:\/\/construcaocivil.siriusmarketingedesign.com.br\/wp-content\/uploads\/2022\/04\/pacote-verde-300x189.jpg","width":300,"height":189},"medium_large":{"url":"https:\/\/construcaocivil.siriusmarketingedesign.com.br\/wp-content\/uploads\/2022\/04\/pacote-verde-768x483.jpg","width":768,"height":483},"large":{"url":"https:\/\/construcaocivil.siriusmarketingedesign.com.br\/wp-content\/uploads\/2022\/04\/pacote-verde-1024x643.jpg","width":1024,"height":643},"full":{"url":"https:\/\/construcaocivil.siriusmarketingedesign.com.br\/wp-content\/uploads\/2022\/04\/pacote-verde.jpg","width":1200,"height":754}},"spectra_blocks_author_info":{"display_name":"Jornal da Constru\u00e7\u00e3o Civil","avatar_url":"https:\/\/secure.gravatar.com\/avatar\/973c9774fd44ddaceb026973c4962faa70fc512bc4c9da68e8ebb40fecee6540?s=96&d=mm&r=g","author_link":"https:\/\/construcaocivil.siriusmarketingedesign.com.br\/?author=1","description":"Desde de 2013, levando muitas informa\u00e7\u00f5es, lan\u00e7amentos e produtos de qualidade para toda cadeia produtiva da constru\u00e7\u00e3o. O Futuro da constru\u00e7\u00e3o passa por aqui,"},"uagb_featured_image_src":{"full":["https:\/\/construcaocivil.siriusmarketingedesign.com.br\/wp-content\/uploads\/2022\/04\/pacote-verde.jpg",1200,754,false],"thumbnail":["https:\/\/construcaocivil.siriusmarketingedesign.com.br\/wp-content\/uploads\/2022\/04\/pacote-verde-150x150.jpg",150,150,true],"medium":["https:\/\/construcaocivil.siriusmarketingedesign.com.br\/wp-content\/uploads\/2022\/04\/pacote-verde-300x189.jpg",300,189,true],"medium_large":["https:\/\/construcaocivil.siriusmarketingedesign.com.br\/wp-content\/uploads\/2022\/04\/pacote-verde-768x483.jpg",768,483,true],"large":["https:\/\/construcaocivil.siriusmarketingedesign.com.br\/wp-content\/uploads\/2022\/04\/pacote-verde-1024x643.jpg",1024,643,true],"1536x1536":["https:\/\/construcaocivil.siriusmarketingedesign.com.br\/wp-content\/uploads\/2022\/04\/pacote-verde.jpg",1200,754,false],"2048x2048":["https:\/\/construcaocivil.siriusmarketingedesign.com.br\/wp-content\/uploads\/2022\/04\/pacote-verde.jpg",1200,754,false]},"uagb_author_info":{"display_name":"Jornal da Constru\u00e7\u00e3o Civil","author_link":"https:\/\/construcaocivil.siriusmarketingedesign.com.br\/?author=1"},"uagb_comment_info":0,"uagb_excerpt":"Abril de 2022 &#8211; O julgamento do chamado &#8220;pacote verde&#8221; pelo Supremo Tribunal Federal foi reagendado e ficou para o dia 6 de abril, no entanto, como teve pedido de vistas do Ministro Andr\u00e9 Mendon\u00e7a do STF, o julgamento foi adiado. Destacado como de grande import\u00e2ncia para o Pa\u00eds, que vem sofrendo constantemente com o&hellip;","_links":{"self":[{"href":"https:\/\/construcaocivil.siriusmarketingedesign.com.br\/index.php?rest_route=\/wp\/v2\/posts\/19096","targetHints":{"allow":["GET"]}}],"collection":[{"href":"https:\/\/construcaocivil.siriusmarketingedesign.com.br\/index.php?rest_route=\/wp\/v2\/posts"}],"about":[{"href":"https:\/\/construcaocivil.siriusmarketingedesign.com.br\/index.php?rest_route=\/wp\/v2\/types\/post"}],"author":[{"embeddable":true,"href":"https:\/\/construcaocivil.siriusmarketingedesign.com.br\/index.php?rest_route=\/wp\/v2\/users\/1"}],"replies":[{"embeddable":true,"href":"https:\/\/construcaocivil.siriusmarketingedesign.com.br\/index.php?rest_route=%2Fwp%2Fv2%2Fcomments&post=19096"}],"version-history":[{"count":0,"href":"https:\/\/construcaocivil.siriusmarketingedesign.com.br\/index.php?rest_route=\/wp\/v2\/posts\/19096\/revisions"}],"wp:featuredmedia":[{"embeddable":true,"href":"https:\/\/construcaocivil.siriusmarketingedesign.com.br\/index.php?rest_route=\/wp\/v2\/media\/19097"}],"wp:attachment":[{"href":"https:\/\/construcaocivil.siriusmarketingedesign.com.br\/index.php?rest_route=%2Fwp%2Fv2%2Fmedia&parent=19096"}],"wp:term":[{"taxonomy":"category","embeddable":true,"href":"https:\/\/construcaocivil.siriusmarketingedesign.com.br\/index.php?rest_route=%2Fwp%2Fv2%2Fcategories&post=19096"},{"taxonomy":"post_tag","embeddable":true,"href":"https:\/\/construcaocivil.siriusmarketingedesign.com.br\/index.php?rest_route=%2Fwp%2Fv2%2Ftags&post=19096"}],"curies":[{"name":"wp","href":"https:\/\/api.w.org\/{rel}","templated":true}]}}