{"id":19112,"date":"2022-04-13T18:37:30","date_gmt":"2022-04-13T21:37:30","guid":{"rendered":"https:\/\/www.jornaldaconstrucaocivil.com.br\/?p=19112"},"modified":"2022-04-13T18:37:30","modified_gmt":"2022-04-13T21:37:30","slug":"mpt-mg-fazenda-e-flagrada-submetendo-24-pessoas-a-situacao-de-trabalho-analogo-ao-de-escravo","status":"publish","type":"post","link":"https:\/\/construcaocivil.siriusmarketingedesign.com.br\/?p=19112","title":{"rendered":"MPT\/MG: Fazenda \u00e9 flagrada submetendo 24 pessoas \u00e0 situa\u00e7\u00e3o de trabalho an\u00e1logo ao de escravo"},"content":{"rendered":"<p class=\"v1ql-align-justify\" style=\"text-align: justify;\"><strong>Montes Claros (MG) &#8211;<\/strong>\u00a0Um grupo de 24 trabalhadores foi resgatado em condi\u00e7\u00f5es an\u00e1logas \u00e0 de escravos, \u00e0s quais estavam sendo submetidos na fazenda \u00c1gua Limpa. A propriedade pertence \u00e0 empresa PH Agroneg\u00f3cios e Participa\u00e7\u00f5es \u2013 Exporta\u00e7\u00e3o e Importa\u00e7\u00e3o Ltda., de corte de eucalipto e produ\u00e7\u00e3o de carv\u00e3o, localizada na zona rural do munic\u00edpio de Olhos D&#8217;\u00c1gua (MG).<\/p>\n<p class=\"v1ql-align-justify\" style=\"text-align: justify;\">Entre os trabalhadores, havia um jovem de 17 anos na fun\u00e7\u00e3o de desgalhador, atividade que consta na\u00a0<span style=\"color: #0000ff;\"><a style=\"color: #0000ff;\" href=\"https:\/\/click.cse360.com.br\/Click\/AddCampaignEmailClick\/26233ed0-9b6c-4466-5e67-08da1c1d10c3\/http%253a%252f%252fwww.planalto.gov.br%252fccivil_03%252f_ato2007-2010%252f2008%252fdecreto%252fd6481.htm\/e5a1d2fa-94bb-4a21-b332-08d7c5ff26d1\/redacao@jornaldaconstrucaocivil.com.br\/True\" target=\"_blank\" rel=\"noopener noreferrer\">Lista das Piores Formas de Trabalho Infantil<\/a>.<\/span> A opera\u00e7\u00e3o de resgate foi realizada ap\u00f3s den\u00fancia recebida pela unidade do Minist\u00e9rio P\u00fablico do Trabalho (MPT) em Montes Claros e mobilizou equipes do Minist\u00e9rio P\u00fablico do Trabalho em Minas Gerais (MPT-MG), da Auditoria Fiscal do Trabalho (Minist\u00e9rio da Economia) e da Pol\u00edcia Federal (PF).<\/p>\n<p class=\"v1ql-align-justify\" style=\"text-align: justify;\">A procuradora do Trabalho que est\u00e1 atuando no caso, Sarah Bonaccorsi, relata que &#8220;os trabalhadores estavam submetidos a condi\u00e7\u00f5es subumanas, em um alojamento de alvenaria e telha de amianto, sem \u00e1gua pot\u00e1vel, energia el\u00e9trica, geladeira e sanit\u00e1rios, sendo os trabalhadores obrigados a fazer necessidades fisiol\u00f3gicas no mato. Um caso t\u00edpico de trabalho escravo contempor\u00e2neo, por conta das condi\u00e7\u00f5es degradantes&#8221;, classificou a procuradora. &#8220;Na presta\u00e7\u00e3o de servi\u00e7o, n\u00e3o estava sendo realizado o controle de jornada, n\u00e3o foram fornecidos os devidos equipamentos de prote\u00e7\u00e3o individual (EPI&#8217;s) e tampouco havia treinamento para os trabalhadores&#8221;, descreve a procuradora.<\/p>\n<p class=\"v1ql-align-justify\" style=\"text-align: justify;\">A empresa ser\u00e1 acionada judicialmente para assumir obriga\u00e7\u00f5es de fazer e n\u00e3o fazer, bem como o pagamento de indeniza\u00e7\u00f5es por dano moral individual e coletivo. &#8220;A partir de agora iremos judicializar a quest\u00e3o, oficiar o Minist\u00e9rio P\u00fablico Federal (MPF) para o crime de submiss\u00e3o de pessoas a trabalho an\u00e1logo ao de escravo e buscar a imposi\u00e7\u00e3o das diversas restri\u00e7\u00f5es que existem para as empresas que s\u00e3o flagradas nesse tipo de conduta, como a inser\u00e7\u00e3o do nome da empresa na Lista Suja do Trabalho Escravo, a proibi\u00e7\u00e3o de obter empr\u00e9stimos com as institui\u00e7\u00f5es financeiras de car\u00e1ter p\u00fablico, a poss\u00edvel expropria\u00e7\u00e3o da terra, entre outras medidas&#8221;.<\/p>\n<p class=\"v1ql-align-justify\" style=\"text-align: justify;\">Por fim, Sarah relata que &#8220;o MPT j\u00e1 est\u00e1 em contato com as empresas sider\u00fargicas que compram o carv\u00e3o da PH Agroneg\u00f3cios e Participa\u00e7\u00f5es para informar a elas que o fornecedor foi flagrado em fiscaliza\u00e7\u00e3o do trabalho como empregador escravocrata&#8221;.<\/p>\n<p>Fonte: MPT\/MG<\/p>\n","protected":false},"excerpt":{"rendered":"<p>Montes Claros (MG) &#8211;\u00a0Um grupo de 24 trabalhadores foi resgatado em condi\u00e7\u00f5es an\u00e1logas \u00e0 de escravos, \u00e0s quais estavam sendo submetidos na fazenda \u00c1gua Limpa. A propriedade pertence \u00e0 empresa PH Agroneg\u00f3cios e Participa\u00e7\u00f5es \u2013 Exporta\u00e7\u00e3o e Importa\u00e7\u00e3o Ltda., de corte de eucalipto e produ\u00e7\u00e3o de carv\u00e3o, localizada na zona rural do munic\u00edpio de Olhos [&hellip;]<\/p>\n","protected":false},"author":1,"featured_media":19114,"comment_status":"open","ping_status":"open","sticky":false,"template":"","format":"standard","meta":{"_uag_custom_page_level_css":"","footnotes":""},"categories":[27],"tags":[23656,23658,23657,23654,7950,23655],"class_list":["post-19112","post","type-post","status-publish","format-standard","has-post-thumbnail","hentry","category-acontece","tag-fazenda-de-carvao","tag-fazenda-de-corte-de-eucalipto","tag-garoto-de-17-anos-resgatado","tag-montes-claros-mg","tag-mpt-mg","tag-trabalho-escravo-na-fazenda-de-algodao"],"blocksy_meta":[],"spectra_blocks_featured_image_url":{"thumbnail":{"url":"https:\/\/construcaocivil.siriusmarketingedesign.com.br\/wp-content\/uploads\/2022\/04\/MP-MG-II-150x150.jpeg","width":150,"height":150},"medium":{"url":"https:\/\/construcaocivil.siriusmarketingedesign.com.br\/wp-content\/uploads\/2022\/04\/MP-MG-II-300x204.jpeg","width":300,"height":204},"medium_large":{"url":"https:\/\/construcaocivil.siriusmarketingedesign.com.br\/wp-content\/uploads\/2022\/04\/MP-MG-II-768x522.jpeg","width":768,"height":522},"large":{"url":"https:\/\/construcaocivil.siriusmarketingedesign.com.br\/wp-content\/uploads\/2022\/04\/MP-MG-II.jpeg","width":835,"height":568},"full":{"url":"https:\/\/construcaocivil.siriusmarketingedesign.com.br\/wp-content\/uploads\/2022\/04\/MP-MG-II.jpeg","width":835,"height":568}},"spectra_blocks_author_info":{"display_name":"Jornal da Constru\u00e7\u00e3o Civil","avatar_url":"https:\/\/secure.gravatar.com\/avatar\/973c9774fd44ddaceb026973c4962faa70fc512bc4c9da68e8ebb40fecee6540?s=96&d=mm&r=g","author_link":"https:\/\/construcaocivil.siriusmarketingedesign.com.br\/?author=1","description":"Desde de 2013, levando muitas informa\u00e7\u00f5es, lan\u00e7amentos e produtos de qualidade para toda cadeia produtiva da constru\u00e7\u00e3o. O Futuro da constru\u00e7\u00e3o passa por aqui,"},"uagb_featured_image_src":{"full":["https:\/\/construcaocivil.siriusmarketingedesign.com.br\/wp-content\/uploads\/2022\/04\/MP-MG-II.jpeg",835,568,false],"thumbnail":["https:\/\/construcaocivil.siriusmarketingedesign.com.br\/wp-content\/uploads\/2022\/04\/MP-MG-II-150x150.jpeg",150,150,true],"medium":["https:\/\/construcaocivil.siriusmarketingedesign.com.br\/wp-content\/uploads\/2022\/04\/MP-MG-II-300x204.jpeg",300,204,true],"medium_large":["https:\/\/construcaocivil.siriusmarketingedesign.com.br\/wp-content\/uploads\/2022\/04\/MP-MG-II-768x522.jpeg",768,522,true],"large":["https:\/\/construcaocivil.siriusmarketingedesign.com.br\/wp-content\/uploads\/2022\/04\/MP-MG-II.jpeg",835,568,false],"1536x1536":["https:\/\/construcaocivil.siriusmarketingedesign.com.br\/wp-content\/uploads\/2022\/04\/MP-MG-II.jpeg",835,568,false],"2048x2048":["https:\/\/construcaocivil.siriusmarketingedesign.com.br\/wp-content\/uploads\/2022\/04\/MP-MG-II.jpeg",835,568,false]},"uagb_author_info":{"display_name":"Jornal da Constru\u00e7\u00e3o Civil","author_link":"https:\/\/construcaocivil.siriusmarketingedesign.com.br\/?author=1"},"uagb_comment_info":0,"uagb_excerpt":"Montes Claros (MG) &#8211;\u00a0Um grupo de 24 trabalhadores foi resgatado em condi\u00e7\u00f5es an\u00e1logas \u00e0 de escravos, \u00e0s quais estavam sendo submetidos na fazenda \u00c1gua Limpa. A propriedade pertence \u00e0 empresa PH Agroneg\u00f3cios e Participa\u00e7\u00f5es \u2013 Exporta\u00e7\u00e3o e Importa\u00e7\u00e3o Ltda., de corte de eucalipto e produ\u00e7\u00e3o de carv\u00e3o, localizada na zona rural do munic\u00edpio de Olhos&hellip;","_links":{"self":[{"href":"https:\/\/construcaocivil.siriusmarketingedesign.com.br\/index.php?rest_route=\/wp\/v2\/posts\/19112","targetHints":{"allow":["GET"]}}],"collection":[{"href":"https:\/\/construcaocivil.siriusmarketingedesign.com.br\/index.php?rest_route=\/wp\/v2\/posts"}],"about":[{"href":"https:\/\/construcaocivil.siriusmarketingedesign.com.br\/index.php?rest_route=\/wp\/v2\/types\/post"}],"author":[{"embeddable":true,"href":"https:\/\/construcaocivil.siriusmarketingedesign.com.br\/index.php?rest_route=\/wp\/v2\/users\/1"}],"replies":[{"embeddable":true,"href":"https:\/\/construcaocivil.siriusmarketingedesign.com.br\/index.php?rest_route=%2Fwp%2Fv2%2Fcomments&post=19112"}],"version-history":[{"count":0,"href":"https:\/\/construcaocivil.siriusmarketingedesign.com.br\/index.php?rest_route=\/wp\/v2\/posts\/19112\/revisions"}],"wp:featuredmedia":[{"embeddable":true,"href":"https:\/\/construcaocivil.siriusmarketingedesign.com.br\/index.php?rest_route=\/wp\/v2\/media\/19114"}],"wp:attachment":[{"href":"https:\/\/construcaocivil.siriusmarketingedesign.com.br\/index.php?rest_route=%2Fwp%2Fv2%2Fmedia&parent=19112"}],"wp:term":[{"taxonomy":"category","embeddable":true,"href":"https:\/\/construcaocivil.siriusmarketingedesign.com.br\/index.php?rest_route=%2Fwp%2Fv2%2Fcategories&post=19112"},{"taxonomy":"post_tag","embeddable":true,"href":"https:\/\/construcaocivil.siriusmarketingedesign.com.br\/index.php?rest_route=%2Fwp%2Fv2%2Ftags&post=19112"}],"curies":[{"name":"wp","href":"https:\/\/api.w.org\/{rel}","templated":true}]}}