{"id":19172,"date":"2022-04-25T01:16:39","date_gmt":"2022-04-25T04:16:39","guid":{"rendered":"https:\/\/www.jornaldaconstrucaocivil.com.br\/?p=19172"},"modified":"2022-04-25T01:16:39","modified_gmt":"2022-04-25T04:16:39","slug":"valores-de-imoveis-no-rio-de-janeiro-ficam-abaixo-da-inflacao-nos-ultimos-12-meses","status":"publish","type":"post","link":"https:\/\/construcaocivil.siriusmarketingedesign.com.br\/?p=19172","title":{"rendered":"Valores de im\u00f3veis no Rio de Janeiro ficam abaixo da infla\u00e7\u00e3o nos \u00faltimos 12 meses"},"content":{"rendered":"<p><strong>Rio de Janeiro, abril de 2022 &#8212;\u00a0<\/strong>De acordo com o\u00a0relat\u00f3rio mensal de pre\u00e7os do\u00a0<strong>Imovelweb<\/strong>,\u00a0um dos maiores portais imobili\u00e1rios do Pa\u00eds,\u00a0os valores das propriedades na capital carioca fecharam o m\u00eas de mar\u00e7o\u00a0<strong>abaixo da infla\u00e7\u00e3o<\/strong>.\u00a0<strong>O levantamento \u00e9 baseado nas buscas realizadas pelos usu\u00e1rios no site durante o terceiro m\u00eas de 2022.<\/strong><\/p>\n<p><span style=\"color: #0000ff;\"><strong>Aluguel no Rio de Janeiro<\/strong><\/span><\/p>\n<p>No m\u00eas de\u00a0<strong>mar\u00e7o<\/strong>, o relat\u00f3rio aponta que pre\u00e7o m\u00e9dio do aluguel mensal fechou em\u00a0<strong>R\uff04 1.966 para os apartamentos de dois quartos<\/strong>, subindo\u00a0<strong>1,4%<\/strong>\u00a0no m\u00eas.\u00a0<strong>Nos \u00faltimos 12 meses<\/strong>, os valores aumentaram\u00a0<strong>1,7%<\/strong>, bem abaixo da infla\u00e7\u00e3o o que, em termos reais, implica em uma queda de\u00a0<strong>9,1%<\/strong>\u00a0no valor do aluguel.<\/p>\n<p>A\u00a0<strong>Zona Sul<\/strong>\u00a0\u00e9 a regi\u00e3o mais cara da cidade com aluguel mensal de\u00a0<strong>R\uff04 2.807<\/strong>.\u00a0<strong>Zona Oeste<\/strong>\u00a0aparece como a regi\u00e3o\u00a0<strong>mais econ\u00f4mica<\/strong>. J\u00e1 a\u00a0<strong>Barra da Tijuca<\/strong>\u00a0\u00e9 a \u00fanica com\u00a0<strong>retrocesso interanual<\/strong>.<\/p>\n<table class=\"v1table\" width=\"210\" align=\"center\">\n<tbody>\n<tr class=\"v1tr51\">\n<td>\n<table class=\"v1looset\">\n<tbody>\n<tr>\n<td><strong>Regi\u00e3o<\/strong><\/td>\n<td><strong>Valor do aluguel (R\uff04)<\/strong><\/td>\n<td><strong>Varia\u00e7\u00e3o Mensal<\/strong><\/td>\n<td><strong>Varia\u00e7\u00e3o Anual<\/strong><\/td>\n<\/tr>\n<tr>\n<td>Zona Oeste<\/td>\n<td>1.071<\/td>\n<td>0,2%<\/td>\n<td>1,5%<\/td>\n<\/tr>\n<tr>\n<td>Grande M\u00e9ier<\/td>\n<td>1.161<\/td>\n<td>0,7%<\/td>\n<td>0,3%<\/td>\n<\/tr>\n<tr>\n<td>Zona Norte<\/td>\n<td>1.211<\/td>\n<td>1,9%<\/td>\n<td>3,8%<\/td>\n<\/tr>\n<tr>\n<td>Ilha do Governador e Zona da Leopoldina<\/td>\n<td>1.342<\/td>\n<td>-1,6%<\/td>\n<td>6,6%<\/td>\n<\/tr>\n<tr>\n<td>Grande Tijuca<\/td>\n<td>1.502<\/td>\n<td>1,4%<\/td>\n<td>2,4%<\/td>\n<\/tr>\n<tr>\n<td>Barra da Tijuca e Baixada de Jacarepagu\u00e1<\/td>\n<td>1.632<\/td>\n<td>1,4%<\/td>\n<td>-2,9%<\/td>\n<\/tr>\n<tr>\n<td>Centro<\/td>\n<td>1.752<\/td>\n<td>3,2%<\/td>\n<td>0,6%<\/td>\n<\/tr>\n<tr>\n<td>Zona Sul<\/td>\n<td>2.807<\/td>\n<td>1,3%<\/td>\n<td>3,2%<\/td>\n<\/tr>\n<\/tbody>\n<\/table>\n<\/td>\n<\/tr>\n<\/tbody>\n<\/table>\n<p>&nbsp;<\/p>\n<p>Na an\u00e1lise por bairros,<strong>\u00a0Leblon\u00a0<\/strong>e<strong>\u00a0Ipanema\u00a0<\/strong>t\u00eam o maior pre\u00e7o m\u00e9dio da cidade,<strong>\u00a0acima de R\uff04 4.000 por m\u00eas.\u00a0<\/strong><strong>Inhoa\u00edba<\/strong>\u00a0\u00e9 o bairro mais\u00a0<strong>barato<\/strong>\u00a0para morar de aluguel.<\/p>\n<p>&nbsp;<\/p>\n<table class=\"v1table\" width=\"210\" align=\"center\">\n<tbody>\n<tr class=\"v1tr51\">\n<td>\n<table class=\"v1looset\">\n<tbody>\n<tr>\n<td colspan=\"2\"><strong>Mais baratos (R\uff04)<\/strong><\/td>\n<td><strong>Varia\u00e7\u00e3o Mensal<\/strong><\/td>\n<td><strong>Varia\u00e7\u00e3o Anual<\/strong><\/td>\n<\/tr>\n<tr>\n<td>Inhoa\u00edba<\/td>\n<td>899<\/td>\n<td>3,2%<\/td>\n<td>-5,0%<\/td>\n<\/tr>\n<tr>\n<td>Engenheiro Leal<\/td>\n<td>921<\/td>\n<td>-6,1%<\/td>\n<td>-17,2%<\/td>\n<\/tr>\n<tr>\n<td>Senador Vasconcelos<\/td>\n<td>946<\/td>\n<td>2,5%<\/td>\n<td>14,4%<\/td>\n<\/tr>\n<tr>\n<td colspan=\"2\"><strong>Mais caros (R\uff04)<\/strong><\/td>\n<td><strong>Varia\u00e7\u00e3o Mensal<\/strong><\/td>\n<td><strong>Varia\u00e7\u00e3o Anual<\/strong><\/td>\n<\/tr>\n<tr>\n<td>Urca<\/td>\n<td>3.283<\/td>\n<td>6,7%<\/td>\n<td>S\/D<\/td>\n<\/tr>\n<tr>\n<td>Ipanema<\/td>\n<td>4.020<\/td>\n<td>4,2%<\/td>\n<td>1,7%<\/td>\n<\/tr>\n<tr>\n<td>Leblon<\/td>\n<td>4.555<\/td>\n<td>1,2%<\/td>\n<td>S\/D<\/td>\n<\/tr>\n<\/tbody>\n<\/table>\n<\/td>\n<\/tr>\n<\/tbody>\n<\/table>\n<p>&nbsp;<\/p>\n<p><strong>Im\u00f3veis \u00e0 venda<\/strong><\/p>\n<p>Para comprar um im\u00f3vel no Rio de Janeiro, o consumidor ter\u00e1 que desembolsar um valor m\u00e9dio de\u00a0<strong>R\uff04 8.807 por m\u00b2<\/strong>, de acordo com o levantamento de mar\u00e7o. Nos \u00faltimos doze meses, o pre\u00e7o subiu\u00a0<strong>1,8%<\/strong>, bem abaixo da infla\u00e7\u00e3o (<strong>10,8%<\/strong>), o que implica em uma queda real de\u00a0<strong>9%<\/strong>.<\/p>\n<p>&nbsp;<\/p>\n<p>As\u00a0<strong>Zonas Sul<\/strong>\u00a0e\u00a0<strong>Oeste<\/strong>, assim como para o aluguel, s\u00e3o as regi\u00f5es mais caras e baratas para a compra de propriedades respectivamente<\/p>\n<p>&nbsp;<\/p>\n<p><u>Confira o pre\u00e7o por m\u00b2 nas regi\u00f5es do Rio de Janeiro:<\/u><\/p>\n<p>&nbsp;<\/p>\n<table class=\"v1table\" width=\"210\" align=\"center\">\n<tbody>\n<tr class=\"v1tr51\">\n<td>\n<table class=\"v1looset\">\n<tbody>\n<tr>\n<td><strong>Regi\u00e3o<\/strong><\/td>\n<td><strong>Valor do m\u00b2<\/strong><\/td>\n<td><strong>Varia\u00e7\u00e3o Mensal<\/strong><\/td>\n<td><strong>Varia\u00e7\u00e3o Anual<\/strong><\/td>\n<\/tr>\n<tr>\n<td>Zona Oeste<\/td>\n<td>3.565<\/td>\n<td>0,9%<\/td>\n<td>1,5%<\/td>\n<\/tr>\n<tr>\n<td>Grande Bangu<\/td>\n<td>3.641<\/td>\n<td>0,1%<\/td>\n<td>4,2%<\/td>\n<\/tr>\n<tr>\n<td>Zona Norte<\/td>\n<td>4.054<\/td>\n<td>0,1%<\/td>\n<td>-0,5%<\/td>\n<\/tr>\n<tr>\n<td>Grande M\u00e9ier<\/td>\n<td>4.533<\/td>\n<td>0,4%<\/td>\n<td>-3,9%<\/td>\n<\/tr>\n<tr>\n<td>Ilha do Governador e Zona da Leopoldina<\/td>\n<td>4.985<\/td>\n<td>-0,6%<\/td>\n<td>-2,7%<\/td>\n<\/tr>\n<tr>\n<td>Grande Tijuca<\/td>\n<td>6.519<\/td>\n<td>0,1%<\/td>\n<td>0,7%<\/td>\n<\/tr>\n<tr>\n<td>Centro<\/td>\n<td>6.747<\/td>\n<td>0,0%<\/td>\n<td>-1,2%<\/td>\n<\/tr>\n<tr>\n<td>Barra da Tijuca e Baixada de Jacarepagu\u00e1<\/td>\n<td>7.505<\/td>\n<td>0,6%<\/td>\n<td>4,5%<\/td>\n<\/tr>\n<tr>\n<td>Zona Sul<\/td>\n<td>13.377<\/td>\n<td>-0,2%<\/td>\n<td>1,3%<\/td>\n<\/tr>\n<\/tbody>\n<\/table>\n<\/td>\n<\/tr>\n<\/tbody>\n<\/table>\n<p>&nbsp;<\/p>\n<p>No corte por bairros,\u00a0<strong>Leblon<\/strong>\u00a0\u00e9 o mais caro, custando\u00a0<strong>R\uff04 21.565 por m\u00b2<\/strong>.\u00a0<strong>Turia\u00e7u<\/strong>, na Zona Norte, \u00e9 o mais barato, com um pre\u00e7o de\u00a0<strong>R\uff04 2.201 por m\u00b2<\/strong>.<\/p>\n<p>&nbsp;<\/p>\n<table class=\"v1table\" width=\"210\" align=\"center\">\n<tbody>\n<tr class=\"v1tr51\">\n<td>\n<table class=\"v1looset\">\n<tbody>\n<tr>\n<td colspan=\"2\"><strong>Mais baratos (R\uff04\/m\u00b2)<\/strong><\/td>\n<td><strong>Varia\u00e7\u00e3o Mensal<\/strong><\/td>\n<td><strong>Varia\u00e7\u00e3o Anual<\/strong><\/td>\n<\/tr>\n<tr>\n<td>Turia\u00e7u<\/td>\n<td>2.201<\/td>\n<td>-3,3%<\/td>\n<td>-6,2%<\/td>\n<\/tr>\n<tr>\n<td>Coelho Neto<\/td>\n<td>2.480<\/td>\n<td>-3,8%<\/td>\n<td>4,7%<\/td>\n<\/tr>\n<tr>\n<td>Hon\u00f3rio Gurgel<\/td>\n<td>2.806<\/td>\n<td>7,0%<\/td>\n<td>2,1%<\/td>\n<\/tr>\n<tr>\n<td colspan=\"2\"><strong>Mais caros (R\uff04\/m\u00b2)<\/strong><\/td>\n<td><strong>Varia\u00e7\u00e3o Mensal<\/strong><\/td>\n<td><strong>Varia\u00e7\u00e3o Anual<\/strong><\/td>\n<\/tr>\n<tr>\n<td>Vidigal<\/td>\n<td>17.959<\/td>\n<td>4,0%<\/td>\n<td>S\/D<\/td>\n<\/tr>\n<tr>\n<td>Ipanema<\/td>\n<td>19.720<\/td>\n<td>0,1%<\/td>\n<td>2,7%<\/td>\n<\/tr>\n<tr>\n<td>Leblon<\/td>\n<td>21.565<\/td>\n<td>0,2%<\/td>\n<td>-1,8%<\/td>\n<\/tr>\n<\/tbody>\n<\/table>\n<\/td>\n<\/tr>\n<\/tbody>\n<\/table>\n<p>&nbsp;<\/p>\n<p><strong>Sepetiba\u00a0<\/strong>aparece como o bairro com maior incremento interanual e<strong>\u00a0Sa\u00fade\u00a0<\/strong>com o maior retrocesso.<\/p>\n<p>&nbsp;<\/p>\n<table class=\"v1table\" width=\"210\" align=\"center\">\n<tbody>\n<tr class=\"v1tr51\">\n<td>\n<table class=\"v1looset\">\n<tbody>\n<tr>\n<td><strong>Bairro<\/strong><\/td>\n<td><strong>Valor do m\u00b2 (R\uff04\/m\u00eas)<\/strong><\/td>\n<td><strong>Varia\u00e7\u00e3o anual<\/strong><\/td>\n<\/tr>\n<tr>\n<td>Sa\u00fade<\/td>\n<td>5.464<\/td>\n<td>-18,7%<\/td>\n<\/tr>\n<tr>\n<td>Caju<\/td>\n<td>3.817<\/td>\n<td>-16,9%<\/td>\n<\/tr>\n<tr>\n<td>Encantado<\/td>\n<td>4.132<\/td>\n<td>-14,2%<\/td>\n<\/tr>\n<tr>\n<td>Realengo<\/td>\n<td>3.650<\/td>\n<td>17,2%<\/td>\n<\/tr>\n<tr>\n<td>Pedra de Guaratiba<\/td>\n<td>3.204<\/td>\n<td>18,2%<\/td>\n<\/tr>\n<tr>\n<td>Sepetiba<\/td>\n<td>5.345<\/td>\n<td>18,9%<\/td>\n<\/tr>\n<\/tbody>\n<\/table>\n<\/td>\n<\/tr>\n<\/tbody>\n<\/table>\n<p>&nbsp;<\/p>\n<p><strong>Rentabilidade: retorno anual de 4,36%<\/strong><\/p>\n<p>O \u00edndice de rentabilidade imobili\u00e1ria relaciona o pre\u00e7o de venda e valor de loca\u00e7\u00e3o do im\u00f3vel para verificar o tempo necess\u00e1rio para recuperar o dinheiro utilizado na aquisi\u00e7\u00e3o do im\u00f3vel. O relat\u00f3rio de mar\u00e7o apontou um \u00edndice de\u00a0<strong>4,36%\u00a0<\/strong><strong>bruto anual,\u00a0<\/strong>o que significa que s\u00e3o necess\u00e1rios\u00a0<strong>22,9 anos<\/strong>\u00a0de aluguel para reembolsar o investimento de compra,\u00a0<strong>5,7%<\/strong>\u00a0a menos que um ano atr\u00e1s.<\/p>\n<p>&nbsp;<\/p>\n<p><strong>Zona Norte, Ilha do Governador e Zona da Leopoldina<\/strong>\u00a0s\u00e3o as regi\u00f5es que oferecem<\/p>\n<p><strong>maior retorno<\/strong>\u00a0para os investidores. J\u00e1\u00a0<strong>Vaz Lobo<\/strong>\u00a0e<strong>\u00a0Parada de Lucas<\/strong>\u00a0s\u00e3o os melhores bairros para quem busca investir.<\/p>\n<p>&nbsp;<\/p>\n<p><u>Rentabilidade por regi\u00e3o:<\/u><\/p>\n<p><u>\u00a0<\/u><\/p>\n<table class=\"v1table\" width=\"210\" align=\"center\">\n<tbody>\n<tr class=\"v1tr51\">\n<td>\n<table class=\"v1looset\">\n<tbody>\n<tr>\n<td><strong>Regi\u00e3o<\/strong><\/td>\n<td><strong>Rentabilidade<\/strong><\/td>\n<\/tr>\n<tr>\n<td>Zona Sul<\/td>\n<td>3,7%<\/td>\n<\/tr>\n<tr>\n<td>Barra da Tijuca e Baixada de Jacarepagu\u00e1<\/td>\n<td>4,5%<\/td>\n<\/tr>\n<tr>\n<td>Grande Tijuca<\/td>\n<td>4,7%<\/td>\n<\/tr>\n<tr>\n<td>Centro<\/td>\n<td>4,7%<\/td>\n<\/tr>\n<tr>\n<td>Grande M\u00e9ier<\/td>\n<td>4,9%<\/td>\n<\/tr>\n<tr>\n<td>Zona Oeste<\/td>\n<td>5,0%<\/td>\n<\/tr>\n<tr>\n<td>Ilha do Governador e Zona da Leopoldina<\/td>\n<td>5,1%<\/td>\n<\/tr>\n<tr>\n<td>Zona Norte<\/td>\n<td>5,2%<\/td>\n<\/tr>\n<\/tbody>\n<\/table>\n<\/td>\n<\/tr>\n<\/tbody>\n<\/table>\n<p>Mais informa\u00e7\u00f5es\u00a0<strong><span style=\"color: #0000ff;\"><a style=\"color: #0000ff;\" href=\"https:\/\/www.imovelweb.com.br\/\" target=\"_blank\" rel=\"noopener noreferrer\">aqui<\/a><\/span><\/strong>.<\/p>\n","protected":false},"excerpt":{"rendered":"<p>Rio de Janeiro, abril de 2022 &#8212;\u00a0De acordo com o\u00a0relat\u00f3rio mensal de pre\u00e7os do\u00a0Imovelweb,\u00a0um dos maiores portais imobili\u00e1rios do Pa\u00eds,\u00a0os valores das propriedades na capital carioca fecharam o m\u00eas de mar\u00e7o\u00a0abaixo da infla\u00e7\u00e3o.\u00a0O levantamento \u00e9 baseado nas buscas realizadas pelos usu\u00e1rios no site durante o terceiro m\u00eas de 2022. Aluguel no Rio de Janeiro No [&hellip;]<\/p>\n","protected":false},"author":1,"featured_media":19173,"comment_status":"open","ping_status":"open","sticky":false,"template":"","format":"standard","meta":{"_uag_custom_page_level_css":"","footnotes":""},"categories":[33],"tags":[13884,22390,1295,23692,22392,23691],"class_list":["post-19172","post","type-post","status-publish","format-standard","has-post-thumbnail","hentry","category-mercado","tag-apartamentos-e-casas","tag-bairros-da-zona-norte","tag-barra-da-tijuca","tag-ilha-do-governador-e-zona-da-leopoldina","tag-imovelweb","tag-precos-de-imoveis-rio-de-janeiro"],"blocksy_meta":[],"spectra_blocks_featured_image_url":{"thumbnail":{"url":"https:\/\/construcaocivil.siriusmarketingedesign.com.br\/wp-content\/uploads\/2022\/04\/MERCADO-150x150.jpg","width":150,"height":150},"medium":{"url":"https:\/\/construcaocivil.siriusmarketingedesign.com.br\/wp-content\/uploads\/2022\/04\/MERCADO-300x172.jpg","width":300,"height":172},"medium_large":{"url":"https:\/\/construcaocivil.siriusmarketingedesign.com.br\/wp-content\/uploads\/2022\/04\/MERCADO.jpg","width":750,"height":430},"large":{"url":"https:\/\/construcaocivil.siriusmarketingedesign.com.br\/wp-content\/uploads\/2022\/04\/MERCADO.jpg","width":750,"height":430},"full":{"url":"https:\/\/construcaocivil.siriusmarketingedesign.com.br\/wp-content\/uploads\/2022\/04\/MERCADO.jpg","width":750,"height":430}},"spectra_blocks_author_info":{"display_name":"Jornal da Constru\u00e7\u00e3o Civil","avatar_url":"https:\/\/secure.gravatar.com\/avatar\/973c9774fd44ddaceb026973c4962faa70fc512bc4c9da68e8ebb40fecee6540?s=96&d=mm&r=g","author_link":"https:\/\/construcaocivil.siriusmarketingedesign.com.br\/?author=1","description":"Desde de 2013, levando muitas informa\u00e7\u00f5es, lan\u00e7amentos e produtos de qualidade para toda cadeia produtiva da constru\u00e7\u00e3o. O Futuro da constru\u00e7\u00e3o passa por aqui,"},"uagb_featured_image_src":{"full":["https:\/\/construcaocivil.siriusmarketingedesign.com.br\/wp-content\/uploads\/2022\/04\/MERCADO.jpg",750,430,false],"thumbnail":["https:\/\/construcaocivil.siriusmarketingedesign.com.br\/wp-content\/uploads\/2022\/04\/MERCADO-150x150.jpg",150,150,true],"medium":["https:\/\/construcaocivil.siriusmarketingedesign.com.br\/wp-content\/uploads\/2022\/04\/MERCADO-300x172.jpg",300,172,true],"medium_large":["https:\/\/construcaocivil.siriusmarketingedesign.com.br\/wp-content\/uploads\/2022\/04\/MERCADO.jpg",750,430,false],"large":["https:\/\/construcaocivil.siriusmarketingedesign.com.br\/wp-content\/uploads\/2022\/04\/MERCADO.jpg",750,430,false],"1536x1536":["https:\/\/construcaocivil.siriusmarketingedesign.com.br\/wp-content\/uploads\/2022\/04\/MERCADO.jpg",750,430,false],"2048x2048":["https:\/\/construcaocivil.siriusmarketingedesign.com.br\/wp-content\/uploads\/2022\/04\/MERCADO.jpg",750,430,false]},"uagb_author_info":{"display_name":"Jornal da Constru\u00e7\u00e3o Civil","author_link":"https:\/\/construcaocivil.siriusmarketingedesign.com.br\/?author=1"},"uagb_comment_info":0,"uagb_excerpt":"Rio de Janeiro, abril de 2022 &#8212;\u00a0De acordo com o\u00a0relat\u00f3rio mensal de pre\u00e7os do\u00a0Imovelweb,\u00a0um dos maiores portais imobili\u00e1rios do Pa\u00eds,\u00a0os valores das propriedades na capital carioca fecharam o m\u00eas de mar\u00e7o\u00a0abaixo da infla\u00e7\u00e3o.\u00a0O levantamento \u00e9 baseado nas buscas realizadas pelos usu\u00e1rios no site durante o terceiro m\u00eas de 2022. Aluguel no Rio de Janeiro No&hellip;","_links":{"self":[{"href":"https:\/\/construcaocivil.siriusmarketingedesign.com.br\/index.php?rest_route=\/wp\/v2\/posts\/19172","targetHints":{"allow":["GET"]}}],"collection":[{"href":"https:\/\/construcaocivil.siriusmarketingedesign.com.br\/index.php?rest_route=\/wp\/v2\/posts"}],"about":[{"href":"https:\/\/construcaocivil.siriusmarketingedesign.com.br\/index.php?rest_route=\/wp\/v2\/types\/post"}],"author":[{"embeddable":true,"href":"https:\/\/construcaocivil.siriusmarketingedesign.com.br\/index.php?rest_route=\/wp\/v2\/users\/1"}],"replies":[{"embeddable":true,"href":"https:\/\/construcaocivil.siriusmarketingedesign.com.br\/index.php?rest_route=%2Fwp%2Fv2%2Fcomments&post=19172"}],"version-history":[{"count":0,"href":"https:\/\/construcaocivil.siriusmarketingedesign.com.br\/index.php?rest_route=\/wp\/v2\/posts\/19172\/revisions"}],"wp:featuredmedia":[{"embeddable":true,"href":"https:\/\/construcaocivil.siriusmarketingedesign.com.br\/index.php?rest_route=\/wp\/v2\/media\/19173"}],"wp:attachment":[{"href":"https:\/\/construcaocivil.siriusmarketingedesign.com.br\/index.php?rest_route=%2Fwp%2Fv2%2Fmedia&parent=19172"}],"wp:term":[{"taxonomy":"category","embeddable":true,"href":"https:\/\/construcaocivil.siriusmarketingedesign.com.br\/index.php?rest_route=%2Fwp%2Fv2%2Fcategories&post=19172"},{"taxonomy":"post_tag","embeddable":true,"href":"https:\/\/construcaocivil.siriusmarketingedesign.com.br\/index.php?rest_route=%2Fwp%2Fv2%2Ftags&post=19172"}],"curies":[{"name":"wp","href":"https:\/\/api.w.org\/{rel}","templated":true}]}}