{"id":19186,"date":"2022-04-27T00:10:53","date_gmt":"2022-04-27T03:10:53","guid":{"rendered":"https:\/\/www.jornaldaconstrucaocivil.com.br\/?p=19186"},"modified":"2022-04-27T00:10:53","modified_gmt":"2022-04-27T03:10:53","slug":"brasil-tem-mais-de-50-das-familias-na-pobreza-ou-extrema-pobreza","status":"publish","type":"post","link":"https:\/\/construcaocivil.siriusmarketingedesign.com.br\/?p=19186","title":{"rendered":"Brasil tem mais de 50% das fam\u00edlias na pobreza ou extrema pobreza"},"content":{"rendered":"<div class=\"row\">\n<div class=\"column large-12\">\n<p style=\"text-align: justify;\">Diferentemente dos tempos do PT na Presid\u00eancia da Rep\u00fablica, quando pessoas da base da pir\u00e2mide social ascenderam para melhores condi\u00e7\u00f5es de vida, por causa de pol\u00edticas p\u00fablicas inclusivas, nos tempos de desgoverno atual a popula\u00e7\u00e3o brasileira tem n\u00famero maior de pessoas pobres ou extremamente pobres.<\/p>\n<p style=\"text-align: justify;\">Reportagem do dia (25) do Valor Econ\u00f4mico aborda estudo da Tend\u00eancias Consultoria, segundo o qual 2022 deve fechar com <span style=\"color: #0000ff;\"><a style=\"color: #0000ff;\" href=\"https:\/\/valor.globo.com\/brasil\/noticia\/2022\/04\/25\/pais-tem-51-dos-domicilios-nas-classes-d-e.ghtml\">50,7% dos domic\u00edlios brasileiros nas classes D e E<\/a>,<\/span> nas quais se enquadram fam\u00edlias cuja renda total \u00e9 de at\u00e9 R$ 2,9 mil.<\/p>\n<p style=\"text-align: justify;\">O percentual \u00e9 menor do que em 2021 (51,3%), mas bem acima dos 47% de 2014, quando se encerrou o primeiro mandato da ex-presidenta Dilma Rousseff num ciclo de 12 anos de governos petistas. Os 47% de 2014 foram o menor percentual da s\u00e9rie hist\u00f3rica iniciada em 1999. A estimativa da consultoria respons\u00e1vel pelo estudo \u00e9 de que ser\u00e3o preciso sete anos para se retomar o n\u00edvel verificado h\u00e1 oito anos.<\/p>\n<p style=\"text-align: justify;\"><strong>Poder de compra<\/strong><br \/>\nOutro dado que d\u00e1 a dimens\u00e3o das dificuldades enfrentadas pelas classes mais pobres para sobreviver \u00e9 a queda da renda m\u00e9dia do trabalho. Outra reportagem do Valor registra que,\u00a0<span style=\"color: #0000ff;\"><a style=\"color: #0000ff;\" href=\"https:\/\/valor.globo.com\/brasil\/noticia\/2022\/04\/25\/renda-do-trabalho-recua-mesmo-com-melhora-do-emprego.ghtml\">em queda, a renda m\u00e9dia do trabalho est\u00e1 abaixo do per\u00edodo pr\u00e9-pandemia e deve se manter nos n\u00edveis atuais ou ainda pior<\/a><\/span>\u00a0por causa da infla\u00e7\u00e3o alta e perspectiva de baixo crescimento econ\u00f4mico, segundo levantamento do Instituto Brasileiro de Economia da Funda\u00e7\u00e3o Get\u00falio Vargas (FGV Ibre). com base em microdados da Pnad.<\/p>\n<p style=\"text-align: justify;\">Em entrevista ao di\u00e1rio, o economista Daniel Duque disse que a popula\u00e7\u00e3o ocupada no Brasil \u00e9 equivalente \u00e0quela do per\u00edodo pr\u00e9-pandemia, mas o total de horas trabalhadas \u00e9 maior o que puxa a renda para baixo. O indicador estaria mais de 8% abaixo do n\u00edvel do \u00faltimo trimestre de 2019. Segundo ele, os trabalhadores est\u00e3o trabalhando mais horas do que em 2019, mas n\u00e3o est\u00e3o conseguindo renda com os ajustes nominais, o que leva a perda do poder de compra.<br \/>\nTrabalhadores dos setores ind\u00fastria e servi\u00e7os seriam os mais afetados.<\/p>\n<p style=\"text-align: justify;\">\u201cA ind\u00fastria come\u00e7ou a se recuperar primeiro, mas tem sofrido bastante com quest\u00f5es globais, de log\u00edstica e cadeias de produ\u00e7\u00e3o afetadas. Isso tem feito empregadores manter trabalhadores, mas sem reajustes, deixando a infla\u00e7\u00e3o comer esses sal\u00e1rios. Em segundo lugar, em termos de queda de renda, v\u00eam servi\u00e7os. \u00c1reas como alojamento, alimenta\u00e7\u00e3o e entretenimento foram muito afetadas e ainda n\u00e3o recuperaram o n\u00edvel pr\u00e9-pandemia, o que acaba se refletindo em sal\u00e1rios menores\u201d, declarou o economista ao jornal.<\/p>\n<p style=\"text-align: justify;\"><strong>Dinamismo da economia<\/strong><br \/>\nO ex-presidente Lula tem se manifestado sobre a import\u00e2ncia de os trabalhadores terem reajustes ao menos igual \u00e0 infla\u00e7\u00e3o para n\u00e3o perder poder de compra. Ele lembra que nos tempos do PT\u00a0<span style=\"color: #0000ff;\"><a style=\"color: #0000ff;\" href=\"https:\/\/lula.com.br\/gerar-emprego-e-obsessao-coisa-sagrada-diz-lula\/\">foram criados 22 milh\u00f5es de emprego<\/a>s<\/span> com carteira assinada e que cerca de 90% dos acordos salariais das categorias organizadas eram iguais ou superiores \u00e0 infla\u00e7\u00e3o.<\/p>\n<p style=\"text-align: justify;\">\u201cNo meu tempo de presidente, 89% dos reajustes de sal\u00e1rio dos trabalhadores eram acima da infla\u00e7\u00e3o. Hoje apenas 7% dos reajustes est\u00e3o acima da infla\u00e7\u00e3o, o restante \u00e9 a menos da infla\u00e7\u00e3o. Ent\u00e3o, significa que o povo est\u00e1 ganhando menos, trabalhando menos, comendo menos, e tendo menos alegria\u201d, declarou recentemente. O ex-presidente, destaca a import\u00e2ncia de incluir o pobre no or\u00e7amento e adotar medidas para gerar emprego e fazer o Brasil voltar a crescer.<\/p>\n<p style=\"text-align: justify;\">\u201cO que vai gerar emprego, na verdade, \u00e9 o dinamismo da economia, quando a economia come\u00e7a a funcionar, quando um com\u00e9rcio come\u00e7a a vender, quando a ind\u00fastria come\u00e7a a produzir, quando os empregos come\u00e7am a ser gerados, a economia cresce e tudo melhora. \u00c9 como se fosse uma roda gigante funcionando, ou seja, o povo tem que ter recurso, o povo vai comprar, o com\u00e9rcio vai vender, a ind\u00fastria vai produzir, vai ter mais emprego, vai ter mais sal\u00e1rio, vai ter mais renda\u201d, afirmou em entrevista recente.<\/p>\n<p>FONTE: lula.com.br<\/p>\n<\/div>\n<\/div>\n<div class=\"row tags\" style=\"text-align: justify;\"><\/div>\n","protected":false},"excerpt":{"rendered":"<p>Diferentemente dos tempos do PT na Presid\u00eancia da Rep\u00fablica, quando pessoas da base da pir\u00e2mide social ascenderam para melhores condi\u00e7\u00f5es de vida, por causa de pol\u00edticas p\u00fablicas inclusivas, nos tempos de desgoverno atual a popula\u00e7\u00e3o brasileira tem n\u00famero maior de pessoas pobres ou extremamente pobres. Reportagem do dia (25) do Valor Econ\u00f4mico aborda estudo da [&hellip;]<\/p>\n","protected":false},"author":1,"featured_media":19187,"comment_status":"open","ping_status":"open","sticky":false,"template":"","format":"standard","meta":{"_uag_custom_page_level_css":"","footnotes":""},"categories":[33],"tags":[23703,23705,23702,23704,21352],"class_list":["post-19186","post","type-post","status-publish","format-standard","has-post-thumbnail","hentry","category-mercado","tag-23-milhoes-de-brasileiros-sem-renda-e-emprego","tag-63-milhoes-de-brasileiros-endividados","tag-brasil-50-na-pobrea-extrema","tag-crise-atinge-50-das-familias","tag-lula-lidera-pesquisas"],"blocksy_meta":[],"spectra_blocks_featured_image_url":{"thumbnail":{"url":"https:\/\/construcaocivil.siriusmarketingedesign.com.br\/wp-content\/uploads\/2022\/04\/desigualdade-rico-pobre-cresce-2-150x150.jpeg","width":150,"height":150},"medium":{"url":"https:\/\/construcaocivil.siriusmarketingedesign.com.br\/wp-content\/uploads\/2022\/04\/desigualdade-rico-pobre-cresce-2-300x200.jpeg","width":300,"height":200},"medium_large":{"url":"https:\/\/construcaocivil.siriusmarketingedesign.com.br\/wp-content\/uploads\/2022\/04\/desigualdade-rico-pobre-cresce-2.jpeg","width":750,"height":500},"large":{"url":"https:\/\/construcaocivil.siriusmarketingedesign.com.br\/wp-content\/uploads\/2022\/04\/desigualdade-rico-pobre-cresce-2.jpeg","width":750,"height":500},"full":{"url":"https:\/\/construcaocivil.siriusmarketingedesign.com.br\/wp-content\/uploads\/2022\/04\/desigualdade-rico-pobre-cresce-2.jpeg","width":750,"height":500}},"spectra_blocks_author_info":{"display_name":"Jornal da Constru\u00e7\u00e3o Civil","avatar_url":"https:\/\/secure.gravatar.com\/avatar\/973c9774fd44ddaceb026973c4962faa70fc512bc4c9da68e8ebb40fecee6540?s=96&d=mm&r=g","author_link":"https:\/\/construcaocivil.siriusmarketingedesign.com.br\/?author=1","description":"Desde de 2013, levando muitas informa\u00e7\u00f5es, lan\u00e7amentos e produtos de qualidade para toda cadeia produtiva da constru\u00e7\u00e3o. O Futuro da constru\u00e7\u00e3o passa por aqui,"},"uagb_featured_image_src":{"full":["https:\/\/construcaocivil.siriusmarketingedesign.com.br\/wp-content\/uploads\/2022\/04\/desigualdade-rico-pobre-cresce-2.jpeg",750,500,false],"thumbnail":["https:\/\/construcaocivil.siriusmarketingedesign.com.br\/wp-content\/uploads\/2022\/04\/desigualdade-rico-pobre-cresce-2-150x150.jpeg",150,150,true],"medium":["https:\/\/construcaocivil.siriusmarketingedesign.com.br\/wp-content\/uploads\/2022\/04\/desigualdade-rico-pobre-cresce-2-300x200.jpeg",300,200,true],"medium_large":["https:\/\/construcaocivil.siriusmarketingedesign.com.br\/wp-content\/uploads\/2022\/04\/desigualdade-rico-pobre-cresce-2.jpeg",750,500,false],"large":["https:\/\/construcaocivil.siriusmarketingedesign.com.br\/wp-content\/uploads\/2022\/04\/desigualdade-rico-pobre-cresce-2.jpeg",750,500,false],"1536x1536":["https:\/\/construcaocivil.siriusmarketingedesign.com.br\/wp-content\/uploads\/2022\/04\/desigualdade-rico-pobre-cresce-2.jpeg",750,500,false],"2048x2048":["https:\/\/construcaocivil.siriusmarketingedesign.com.br\/wp-content\/uploads\/2022\/04\/desigualdade-rico-pobre-cresce-2.jpeg",750,500,false]},"uagb_author_info":{"display_name":"Jornal da Constru\u00e7\u00e3o Civil","author_link":"https:\/\/construcaocivil.siriusmarketingedesign.com.br\/?author=1"},"uagb_comment_info":0,"uagb_excerpt":"Diferentemente dos tempos do PT na Presid\u00eancia da Rep\u00fablica, quando pessoas da base da pir\u00e2mide social ascenderam para melhores condi\u00e7\u00f5es de vida, por causa de pol\u00edticas p\u00fablicas inclusivas, nos tempos de desgoverno atual a popula\u00e7\u00e3o brasileira tem n\u00famero maior de pessoas pobres ou extremamente pobres. Reportagem do dia (25) do Valor Econ\u00f4mico aborda estudo da&hellip;","_links":{"self":[{"href":"https:\/\/construcaocivil.siriusmarketingedesign.com.br\/index.php?rest_route=\/wp\/v2\/posts\/19186","targetHints":{"allow":["GET"]}}],"collection":[{"href":"https:\/\/construcaocivil.siriusmarketingedesign.com.br\/index.php?rest_route=\/wp\/v2\/posts"}],"about":[{"href":"https:\/\/construcaocivil.siriusmarketingedesign.com.br\/index.php?rest_route=\/wp\/v2\/types\/post"}],"author":[{"embeddable":true,"href":"https:\/\/construcaocivil.siriusmarketingedesign.com.br\/index.php?rest_route=\/wp\/v2\/users\/1"}],"replies":[{"embeddable":true,"href":"https:\/\/construcaocivil.siriusmarketingedesign.com.br\/index.php?rest_route=%2Fwp%2Fv2%2Fcomments&post=19186"}],"version-history":[{"count":0,"href":"https:\/\/construcaocivil.siriusmarketingedesign.com.br\/index.php?rest_route=\/wp\/v2\/posts\/19186\/revisions"}],"wp:featuredmedia":[{"embeddable":true,"href":"https:\/\/construcaocivil.siriusmarketingedesign.com.br\/index.php?rest_route=\/wp\/v2\/media\/19187"}],"wp:attachment":[{"href":"https:\/\/construcaocivil.siriusmarketingedesign.com.br\/index.php?rest_route=%2Fwp%2Fv2%2Fmedia&parent=19186"}],"wp:term":[{"taxonomy":"category","embeddable":true,"href":"https:\/\/construcaocivil.siriusmarketingedesign.com.br\/index.php?rest_route=%2Fwp%2Fv2%2Fcategories&post=19186"},{"taxonomy":"post_tag","embeddable":true,"href":"https:\/\/construcaocivil.siriusmarketingedesign.com.br\/index.php?rest_route=%2Fwp%2Fv2%2Ftags&post=19186"}],"curies":[{"name":"wp","href":"https:\/\/api.w.org\/{rel}","templated":true}]}}