{"id":19189,"date":"2022-04-27T14:12:18","date_gmt":"2022-04-27T17:12:18","guid":{"rendered":"https:\/\/www.jornaldaconstrucaocivil.com.br\/?p=19189"},"modified":"2022-04-27T14:12:18","modified_gmt":"2022-04-27T17:12:18","slug":"lula-2022-para-consertar-o-que-foi-destruido-sera-preciso-fazer-50-anos-em-4-diz-lula","status":"publish","type":"post","link":"https:\/\/construcaocivil.siriusmarketingedesign.com.br\/?p=19189","title":{"rendered":"#Lula 2022: \u201cPara consertar o que foi destru\u00eddo ser\u00e1 preciso fazer 50 anos em 4\u201d, diz Lula"},"content":{"rendered":"<p style=\"text-align: justify;\"><span style=\"color: #993300;\">Abril<\/span>, 2022\u00a0 Em conversa ao vivo na manh\u00e3 de hoje com youtubers e jornalistas da m\u00eddia independente, o ex-presidente Luiz In\u00e1cio Lula da Silva disse ser preciso muito trabalho para consertar o que foi destru\u00eddo pelo governo Bolsonaro. Citando a famosa frase de Juscelino Kubitschek, Lula deu a dimens\u00e3o do desafio de reconstru\u00e7\u00e3o do Brasil. \u201cPenso que n\u00f3s temos condi\u00e7\u00f5es de constituir uma for\u00e7a pol\u00edtica grande para reconstruir a democracia. Vamos ter que trabalhar muito. Juscelino falava em fazer 50 anos em cinco, vamos ter que fazer 50 em quatro. Recuperar o que foi destru\u00eddo \u00e9 tarefa mais dif\u00edcil\u201d, afirmou.<\/p>\n<p style=\"text-align: justify;\">Ele afirmou que o Brasil passa por momento delicado, em situa\u00e7\u00e3o de total desgovernan\u00e7a e que \u00e9 preciso constituir n\u00e3o uma candidatura, mas um movimento para restabelecer a democracia no pa\u00eds.<\/p>\n<p style=\"text-align: justify;\">O ex-presidente elencou retrocessos em diferentes frentes, como nas \u00e1reas ambiental e trabalhista, e voltou a defender uma reforma trabalhista que considere a atual realidade do mercado de trabalho, mas que garanta direitos b\u00e1sicos ao trabalhador, como f\u00e9rias, descanso semanal remunerado e seguro sa\u00fade, por exemplo.<\/p>\n<p style=\"text-align: justify;\">Segundo ele, a ideia n\u00e3o \u00e9 voltar ao que era em 1943, quando da cria\u00e7\u00e3o da CLT, mas desenhar um novo modelo adequado \u00e0 realidade atual, na qual muitos trabalhadores, como os de aplicativos, atuam praticamente como escravos de patr\u00f5es que sequer conhecem. \u201cVamos ter que discutir e fazer mesa de negocia\u00e7\u00e3o que envolva trabalhadores, empres\u00e1rios, governo e universidades para pensar um novo modelo de rela\u00e7\u00e3o entre capital e trabalho nesse pa\u00eds\u201d.<\/p>\n<p style=\"text-align: justify;\">O ex-presidente criticou a postura do presidente Jair Bolsonaro, que n\u00e3o conversa com os setores da sociedade e governa por decretos, e disse que o Brasil precisa de um governo que cuide do povo. \u201cEsse pa\u00eds precisa ser cuidado. Nossas florestas t\u00eam que ser cuidadas, nossa \u00e1gua tem que ser cuidada, nossas riquezas minerais t\u00eam que ser cuidadas, nosso povo tem que ser cuidado, nossos \u00edndios t\u00eam que ser cuidados, nosso povo negro tem que ser cuidado, nossas mulheres t\u00eam que ser respeitadas.\u201d<\/p>\n<p style=\"text-align: justify;\">Segundo ele, \u00e9 preciso de um governo que envolva a sociedade para ajudar a definir os rumos, que tenha um m\u00ednimo de tradi\u00e7\u00e3o human\u00edstica e democr\u00e1tica e que seja fraterno e solid\u00e1rio. \u201cUm governo que tenha sentimento de fraternidade e solidariedade, palavras que o atual governo n\u00e3o combina e n\u00e3o quer ter nenhuma rela\u00e7\u00e3o com essas palavras.\u201d<\/p>\n<p style=\"text-align: justify;\">Lula disse que o atual presidente n\u00e3o trata das coisas importantes que um presidente deve tratar e vive no mundo das fake news que inventou para governar. \u201cEle n\u00e3o trata de crescimento, n\u00e3o trata de desenvolvimento econ\u00f4mico, n\u00e3o trata de aumento sal\u00e1rio. Ele efetivamente n\u00e3o trata de economia, n\u00e3o trata da rela\u00e7\u00e3o com entidades. Vai completar quatro anos e nunca se reuniu com movimento sindical, nunca se reuniu com movimento social, nunca se reuniu com empres\u00e1rios, governadores, prefeitos, nunca se reuniu com ningu\u00e9m. Ele vive no mundo das fake news. Vive no mundo da mentira que ele construiu para governar.\u201d<\/p>\n<p>FONTE: lula.com.br<\/p>\n","protected":false},"excerpt":{"rendered":"<p>Abril, 2022\u00a0 Em conversa ao vivo na manh\u00e3 de hoje com youtubers e jornalistas da m\u00eddia independente, o ex-presidente Luiz In\u00e1cio Lula da Silva disse ser preciso muito trabalho para consertar o que foi destru\u00eddo pelo governo Bolsonaro. Citando a famosa frase de Juscelino Kubitschek, Lula deu a dimens\u00e3o do desafio de reconstru\u00e7\u00e3o do Brasil. [&hellip;]<\/p>\n","protected":false},"author":1,"featured_media":19190,"comment_status":"open","ping_status":"open","sticky":false,"template":"","format":"standard","meta":{"_uag_custom_page_level_css":"","footnotes":""},"categories":[33],"tags":[23707,23706,3503,7077,23623,23708],"class_list":["post-19189","post","type-post","status-publish","format-standard","has-post-thumbnail","hentry","category-mercado","tag-botijao-de-gas-r-130","tag-brasil-destruido","tag-desemprego-alto","tag-lula","tag-politica-da-petrobras-gera-inflacao","tag-programa-de-obras-urgente"],"blocksy_meta":[],"spectra_blocks_featured_image_url":{"thumbnail":{"url":"https:\/\/construcaocivil.siriusmarketingedesign.com.br\/wp-content\/uploads\/2022\/04\/LULA-HJ-150x150.jpeg","width":150,"height":150},"medium":{"url":"https:\/\/construcaocivil.siriusmarketingedesign.com.br\/wp-content\/uploads\/2022\/04\/LULA-HJ-300x228.jpeg","width":300,"height":228},"medium_large":{"url":"https:\/\/construcaocivil.siriusmarketingedesign.com.br\/wp-content\/uploads\/2022\/04\/LULA-HJ-768x583.jpeg","width":768,"height":583},"large":{"url":"https:\/\/construcaocivil.siriusmarketingedesign.com.br\/wp-content\/uploads\/2022\/04\/LULA-HJ-1024x777.jpeg","width":1024,"height":777},"full":{"url":"https:\/\/construcaocivil.siriusmarketingedesign.com.br\/wp-content\/uploads\/2022\/04\/LULA-HJ.jpeg","width":1600,"height":1214}},"spectra_blocks_author_info":{"display_name":"Jornal da Constru\u00e7\u00e3o Civil","avatar_url":"https:\/\/secure.gravatar.com\/avatar\/973c9774fd44ddaceb026973c4962faa70fc512bc4c9da68e8ebb40fecee6540?s=96&d=mm&r=g","author_link":"https:\/\/construcaocivil.siriusmarketingedesign.com.br\/?author=1","description":"Desde de 2013, levando muitas informa\u00e7\u00f5es, lan\u00e7amentos e produtos de qualidade para toda cadeia produtiva da constru\u00e7\u00e3o. O Futuro da constru\u00e7\u00e3o passa por aqui,"},"uagb_featured_image_src":{"full":["https:\/\/construcaocivil.siriusmarketingedesign.com.br\/wp-content\/uploads\/2022\/04\/LULA-HJ.jpeg",1600,1214,false],"thumbnail":["https:\/\/construcaocivil.siriusmarketingedesign.com.br\/wp-content\/uploads\/2022\/04\/LULA-HJ-150x150.jpeg",150,150,true],"medium":["https:\/\/construcaocivil.siriusmarketingedesign.com.br\/wp-content\/uploads\/2022\/04\/LULA-HJ-300x228.jpeg",300,228,true],"medium_large":["https:\/\/construcaocivil.siriusmarketingedesign.com.br\/wp-content\/uploads\/2022\/04\/LULA-HJ-768x583.jpeg",768,583,true],"large":["https:\/\/construcaocivil.siriusmarketingedesign.com.br\/wp-content\/uploads\/2022\/04\/LULA-HJ-1024x777.jpeg",1024,777,true],"1536x1536":["https:\/\/construcaocivil.siriusmarketingedesign.com.br\/wp-content\/uploads\/2022\/04\/LULA-HJ-1536x1165.jpeg",1536,1165,true],"2048x2048":["https:\/\/construcaocivil.siriusmarketingedesign.com.br\/wp-content\/uploads\/2022\/04\/LULA-HJ.jpeg",1600,1214,false]},"uagb_author_info":{"display_name":"Jornal da Constru\u00e7\u00e3o Civil","author_link":"https:\/\/construcaocivil.siriusmarketingedesign.com.br\/?author=1"},"uagb_comment_info":0,"uagb_excerpt":"Abril, 2022\u00a0 Em conversa ao vivo na manh\u00e3 de hoje com youtubers e jornalistas da m\u00eddia independente, o ex-presidente Luiz In\u00e1cio Lula da Silva disse ser preciso muito trabalho para consertar o que foi destru\u00eddo pelo governo Bolsonaro. Citando a famosa frase de Juscelino Kubitschek, Lula deu a dimens\u00e3o do desafio de reconstru\u00e7\u00e3o do Brasil.&hellip;","_links":{"self":[{"href":"https:\/\/construcaocivil.siriusmarketingedesign.com.br\/index.php?rest_route=\/wp\/v2\/posts\/19189","targetHints":{"allow":["GET"]}}],"collection":[{"href":"https:\/\/construcaocivil.siriusmarketingedesign.com.br\/index.php?rest_route=\/wp\/v2\/posts"}],"about":[{"href":"https:\/\/construcaocivil.siriusmarketingedesign.com.br\/index.php?rest_route=\/wp\/v2\/types\/post"}],"author":[{"embeddable":true,"href":"https:\/\/construcaocivil.siriusmarketingedesign.com.br\/index.php?rest_route=\/wp\/v2\/users\/1"}],"replies":[{"embeddable":true,"href":"https:\/\/construcaocivil.siriusmarketingedesign.com.br\/index.php?rest_route=%2Fwp%2Fv2%2Fcomments&post=19189"}],"version-history":[{"count":0,"href":"https:\/\/construcaocivil.siriusmarketingedesign.com.br\/index.php?rest_route=\/wp\/v2\/posts\/19189\/revisions"}],"wp:featuredmedia":[{"embeddable":true,"href":"https:\/\/construcaocivil.siriusmarketingedesign.com.br\/index.php?rest_route=\/wp\/v2\/media\/19190"}],"wp:attachment":[{"href":"https:\/\/construcaocivil.siriusmarketingedesign.com.br\/index.php?rest_route=%2Fwp%2Fv2%2Fmedia&parent=19189"}],"wp:term":[{"taxonomy":"category","embeddable":true,"href":"https:\/\/construcaocivil.siriusmarketingedesign.com.br\/index.php?rest_route=%2Fwp%2Fv2%2Fcategories&post=19189"},{"taxonomy":"post_tag","embeddable":true,"href":"https:\/\/construcaocivil.siriusmarketingedesign.com.br\/index.php?rest_route=%2Fwp%2Fv2%2Ftags&post=19189"}],"curies":[{"name":"wp","href":"https:\/\/api.w.org\/{rel}","templated":true}]}}