{"id":1922,"date":"2016-05-31T18:19:54","date_gmt":"2016-05-31T18:19:54","guid":{"rendered":"http:\/\/www.jornaldaconstrucaocivil.com.br\/?p=1922"},"modified":"2016-05-31T18:19:54","modified_gmt":"2016-05-31T18:19:54","slug":"encontro-regional-da-abece-regional-aracaju","status":"publish","type":"post","link":"https:\/\/construcaocivil.siriusmarketingedesign.com.br\/?p=1922","title":{"rendered":"Encontro regional da ABECE Regional Aracaju"},"content":{"rendered":"<p><span style=\"color: #000000;\">O Encontro Regional da ABECE \u2013 Regional Aracaju, realizado na capital Sergipana nos dias 20 e 21 de maio do corrente ano, teve como objetivo maior disseminar as a\u00e7\u00f5es da entidade (tanto local como nacional) e oportunizar \u00e0 comunidade t\u00e9cnica da regi\u00e3o do estado de Sergipe (e de estados vizinhos) a discuss\u00e3o de temas importantes ligados \u00e0 engenharia estrutural, bem como para toda a cadeia produtiva da constru\u00e7\u00e3o civil.<\/span><\/p>\n<p><span style=\"color: #000000;\">Considerado, ao final, um sucesso absoluto, o evento contou com a presen\u00e7a de aproximadamente 400 pessoas, entre engenheiros, empresas da constru\u00e7\u00e3o civil, professores e alunos das diversas Faculdades e Universidades do estado de Sergipe.<\/span><\/p>\n<figure id=\"attachment_1923\" aria-describedby=\"caption-attachment-1923\" style=\"width: 266px\" class=\"wp-caption alignleft\"><a href=\"http:\/\/www.jornaldaconstrucaocivil.com.br\/wp-content\/uploads\/2016\/05\/ARACAJU.jpg\"><img loading=\"lazy\" decoding=\"async\" class=\"wp-image-1923\" src=\"http:\/\/www.jornaldaconstrucaocivil.com.br\/wp-content\/uploads\/2016\/05\/ARACAJU-300x87.jpg\" alt=\"ARACAJU\" width=\"266\" height=\"77\" \/><\/a><figcaption id=\"caption-attachment-1923\" class=\"wp-caption-text\"><span style=\"color: #ff0000;\">Cr\u00e9ditos:ABECE<\/span><\/figcaption><\/figure>\n<p>A Faculdade AGES, da cidade bahiana de Paripiranga, esteve representada com aproximadamente 60 alunos do curso de engenharia civil.<\/p>\n<p>O evento teve in\u00edcio na noite da sexta-feira, dia 20 de maio. A mesa de abertura do evento foi composta pelo Presidente do CREA-SE, eng\u00ba Agr\u00f4nomo Ar\u00edcio Rezende, pelo Diretor de Benef\u00edcios da M\u00daTUA, eng\u00ba Civil Jorge Roberto Silveira, pelo Diretor da ABECE \u2013 Regional Aracaju, eng\u00ba Civil Josaf\u00e1 de Oliveira Filho, pelo Vice-Diretor da ABECE \u2013 Regional Aracaju, eng\u00ba Civil Hilderardi Mendon\u00e7a de Melo, e pelos demais integrantes da ABECE \u2013 Regional Aracaju, os engenheiros civis Adelson Rios, Emerson Figueiredo dos Santos, Gilson Correia, Carlos Henrique de Carvalho e Rodolfo Santos da Concei\u00e7\u00e3o.<\/p>\n<p><span style=\"color: #000000;\">Ap\u00f3s a palavra do diretor da M\u00daTUA, do presidente do CREA-Sergipe e do Diretor da ABECE \u2013 Regional Aracaju, o colega eng\u00ba Adelson Rios apresentou, de forma resumida, o que representa a ABECE, quais seus benef\u00edcios e suas principais a\u00e7\u00f5es.<\/span><\/p>\n<figure id=\"attachment_1924\" aria-describedby=\"caption-attachment-1924\" style=\"width: 300px\" class=\"wp-caption alignright\"><a href=\"http:\/\/www.jornaldaconstrucaocivil.com.br\/wp-content\/uploads\/2016\/05\/ABECE-II.jpg\"><img loading=\"lazy\" decoding=\"async\" class=\"wp-image-1924 size-medium\" src=\"http:\/\/www.jornaldaconstrucaocivil.com.br\/wp-content\/uploads\/2016\/05\/ABECE-II-300x225.jpg\" alt=\"ABECE II\" width=\"300\" height=\"225\" \/><\/a><figcaption id=\"caption-attachment-1924\" class=\"wp-caption-text\"><span style=\"color: #ff0000;\">Cr\u00e9ditos:ABECE<\/span><\/figcaption><\/figure>\n<p>Desfeita a mesa foi dado in\u00edcio \u00e0s palestras. Registre-se que os palestrantes do evento foram prata da casa, atuantes, na sua maioria, no estado de Sergipe.<\/p>\n<p>A primeira palestra da noite foi proferida pelo Engenheiro Civil Hilderardi Mendon\u00e7a de Melo, mestre em Engenharia de Estruturas, professor do curso de Engenharia Civil da Faculdade Pio X, que falou de forma brilhante sobre o tema \u201cProtens\u00e3o n\u00e3o aderente com o uso de mono cordoalhas engraxadas\u201d, sistema esse que tem sido bastante utilizado no Nordeste, mormente na cidade de Aracaju.<\/p>\n<p><span style=\"color: #000000;\">Em seguida, o Engenheiro Civil Marcos Ant\u00f4nio de Souza Simpl\u00edcio, Doutor em Engenharia de Estruturas e Professor do Departamento de Engenharia Civil da Universidade Federal de Campina Grande, apresentou excelente palestra intitulada\u00a0 \u201cComent\u00e1rios sobre as recentes modifica\u00e7\u00f5es da NB-1\u201d, mostrando de forma brilhante e eficiente o est\u00e1gio atual de nossa Norma maior e ap\u00f3s a \u00faltima palestra da noite tivemos um gostoso coquetel.<\/span><\/p>\n<p>No dia seguinte pela manh\u00e3, 21 de maio, s\u00e1bado, o evento prossegue com a excelente palestra apresentada pelo Engenheiro Civil e professor Gilson Correa, especialista em Engenharia de Estruturas, que falou sobre o tema \u201ccoment\u00e1rios sobre o projeto e execu\u00e7\u00e3o da ponte estaiada Aracaju-Barra dos Coqueiros\u201d, apresentando brilhantemente os aspectos que nortearam a localiza\u00e7\u00e3o e a escolha do sistema estrutural da ponte localizada sobre o rio Sergipe, na capital sergipana, vindo a ser, ap\u00f3s sua constru\u00e7\u00e3o, a primeira ponte do g\u00eanero no Nordeste.<\/p>\n<p>Com o atual\u00edssimo tema\u00a0 \u201cSistema din\u00e2mico de amortecimento na Ponte Rio-Niteroi\u201d o Engenheiro Civil Emerson Figueiredo dos Santos, doutor em Engenharia de Estruturas, nos brindou com uma brilhante palestra onde apresentou a aplica\u00e7\u00e3o de uma modelagem computacional da intera\u00e7\u00e3o din\u00e2mica ve\u00edculo-pavimento-estrutura a um sistema tipo sanduiche, utilizando material viscoel\u00e1stico entre o pavimento de concreto armado e a chapa met\u00e1lica de topo (Battista et al, 1998), para amortecimento das vibra\u00e7\u00f5es induzidas pelo tr\u00e1fego de ve\u00edculos pesados sobre o\u00a0 tabuleiro ortotr\u00f3pico met\u00e1lico do v\u00e3o central da ponte Rio-Niteroi.<\/p>\n<p>Ap\u00f3s um breve coffee break, assistimos a \u00faltima palestra do evento, apresentada de forma\u00a0\u00a0\u00a0\u00a0 brilhante pelo Engenheiro Civil e professor Carlos Henrique de Carvalho, Doutor em Engenharia de Materiais, com o tema \u201cNovidades sobre os efeitos da corros\u00e3o nas estruturas de concreto\u201d, mostrando de forma concisa e segura o estado da arte no Brasil e no mundo sobre a corros\u00e3o nas estruturas de concreto armado.<\/p>\n<p>Em seguida, de forma solene, demos por encerrado nosso evento.<\/p>\n<p>Deixamos aqui nosso profundo agradecimento ao CREA-SERGIPE, na pessoa de seu presidente, Eng\u00ba Agr\u00f4nomo Ar\u00edcio Rezende, e sua equipe de eventos, pelo apoio incondicional ao nosso Encontro Regional sem o qual seria imposs\u00edvel sua realiza\u00e7\u00e3o.<\/p>\n<p><span style=\"color: #000000;\">Deixamos tamb\u00e9m nosso agradecimento aos participantes, profissionais da \u00e1rea, construtores e estudantes.<\/span><\/p>\n<p>Ao SENGE-SE, Sindicato dos Engenheiros Civis de Sergipe, nosso parceiro nos encontros mensais da ABECE, nosso reconhecimento e melhor muito obrigado.<\/p>\n<p><span style=\"color: #000000;\">Queremos agradecer de cora\u00e7\u00e3o aos colegas da Regional Aracaju pelo empenho de cada um. Gostaria de fazer um agradecimento especial aos palestrantes, que, com compet\u00eancia, maestria e desprendimento, elevaram o n\u00edvel do nosso evento.<\/span><\/p>\n<p>Por fim dizer que nosso ENCONTRO DA ABECE \u2013 REGIONAL ARACAJU foi uma grata surpresa para todos n\u00f3s, pela presen\u00e7a marcante do p\u00fablico e pela excelente qualidade das palestras apresentadas. O compartilhamento de experi\u00eancias profissionais nos deram um grande \u00e2nimo para a prepara\u00e7\u00e3o de futuros eventos. A soma de esfor\u00e7os dos associados para que tudo transcorresse com \u00eaxito foi a grande marca do evento.<\/p>\n<p>Obrigado a todos.<\/p>\n<p><span style=\"color: #000000;\">Josaf\u00e1 de Oliveira Filho<\/span><\/p>\n<p><span style=\"color: #000000;\">Diretor da ABECE \u2013 Regional Aracaju<\/span><\/p>\n","protected":false},"excerpt":{"rendered":"<p>O Encontro Regional da ABECE \u2013 Regional Aracaju, realizado na capital Sergipana nos dias 20 e 21 de maio do corrente ano, teve como objetivo maior disseminar as a\u00e7\u00f5es da entidade (tanto local como nacional) e oportunizar \u00e0 comunidade t\u00e9cnica da regi\u00e3o do estado de Sergipe (e de estados vizinhos) a discuss\u00e3o de temas importantes [&hellip;]<\/p>\n","protected":false},"author":1,"featured_media":1924,"comment_status":"open","ping_status":"open","sticky":false,"template":"","format":"standard","meta":{"_uag_custom_page_level_css":"","footnotes":""},"categories":[27],"tags":[290,841,4272,4342,8037,10894],"class_list":["post-1922","post","type-post","status-publish","format-standard","has-post-thumbnail","hentry","category-acontece","tag-abece","tag-aracajuse","tag-encontro-regional-aracaju","tag-engenharia-de-estrutura","tag-mutua","tag-senge-se"],"blocksy_meta":[],"spectra_blocks_featured_image_url":[],"spectra_blocks_author_info":{"display_name":"Jornal da Constru\u00e7\u00e3o Civil","avatar_url":"https:\/\/secure.gravatar.com\/avatar\/973c9774fd44ddaceb026973c4962faa70fc512bc4c9da68e8ebb40fecee6540?s=96&d=mm&r=g","author_link":"https:\/\/construcaocivil.siriusmarketingedesign.com.br\/?author=1","description":"Desde de 2013, levando muitas informa\u00e7\u00f5es, lan\u00e7amentos e produtos de qualidade para toda cadeia produtiva da constru\u00e7\u00e3o. O Futuro da constru\u00e7\u00e3o passa por aqui,"},"uagb_featured_image_src":{"full":false,"thumbnail":false,"medium":false,"medium_large":false,"large":false,"1536x1536":false,"2048x2048":false},"uagb_author_info":{"display_name":"Jornal da Constru\u00e7\u00e3o Civil","author_link":"https:\/\/construcaocivil.siriusmarketingedesign.com.br\/?author=1"},"uagb_comment_info":0,"uagb_excerpt":"O Encontro Regional da ABECE \u2013 Regional Aracaju, realizado na capital Sergipana nos dias 20 e 21 de maio do corrente ano, teve como objetivo maior disseminar as a\u00e7\u00f5es da entidade (tanto local como nacional) e oportunizar \u00e0 comunidade t\u00e9cnica da regi\u00e3o do estado de Sergipe (e de estados vizinhos) a discuss\u00e3o de temas importantes&hellip;","_links":{"self":[{"href":"https:\/\/construcaocivil.siriusmarketingedesign.com.br\/index.php?rest_route=\/wp\/v2\/posts\/1922","targetHints":{"allow":["GET"]}}],"collection":[{"href":"https:\/\/construcaocivil.siriusmarketingedesign.com.br\/index.php?rest_route=\/wp\/v2\/posts"}],"about":[{"href":"https:\/\/construcaocivil.siriusmarketingedesign.com.br\/index.php?rest_route=\/wp\/v2\/types\/post"}],"author":[{"embeddable":true,"href":"https:\/\/construcaocivil.siriusmarketingedesign.com.br\/index.php?rest_route=\/wp\/v2\/users\/1"}],"replies":[{"embeddable":true,"href":"https:\/\/construcaocivil.siriusmarketingedesign.com.br\/index.php?rest_route=%2Fwp%2Fv2%2Fcomments&post=1922"}],"version-history":[{"count":0,"href":"https:\/\/construcaocivil.siriusmarketingedesign.com.br\/index.php?rest_route=\/wp\/v2\/posts\/1922\/revisions"}],"wp:attachment":[{"href":"https:\/\/construcaocivil.siriusmarketingedesign.com.br\/index.php?rest_route=%2Fwp%2Fv2%2Fmedia&parent=1922"}],"wp:term":[{"taxonomy":"category","embeddable":true,"href":"https:\/\/construcaocivil.siriusmarketingedesign.com.br\/index.php?rest_route=%2Fwp%2Fv2%2Fcategories&post=1922"},{"taxonomy":"post_tag","embeddable":true,"href":"https:\/\/construcaocivil.siriusmarketingedesign.com.br\/index.php?rest_route=%2Fwp%2Fv2%2Ftags&post=1922"}],"curies":[{"name":"wp","href":"https:\/\/api.w.org\/{rel}","templated":true}]}}