{"id":19225,"date":"2022-05-01T12:42:14","date_gmt":"2022-05-01T15:42:14","guid":{"rendered":"https:\/\/www.jornaldaconstrucaocivil.com.br\/?p=19225"},"modified":"2022-05-01T12:51:37","modified_gmt":"2022-05-01T15:51:37","slug":"ta-complicado-da-celebracao-a-frustracao-marca-o-dia-internacional-do-trabalho","status":"publish","type":"post","link":"https:\/\/construcaocivil.siriusmarketingedesign.com.br\/?p=19225","title":{"rendered":"T\u00e1 complicado: da celebra\u00e7\u00e3o a frustra\u00e7\u00e3o, marca o Dia Internacional do Trabalho"},"content":{"rendered":"<p><em>Por Severian Rocha\u00a0<\/em><\/p>\n<p>1\u00ba de\u00a0 Maio\u00a0 \u00e9\u00a0 comemora em todo o mundo como o Dia Internacional do Trabalho. A data foi escolhida como homenagem a uma greve geral que aconteceu em <b>1\u00ba de maio<\/b>\u00a0de 1886, em Chicago, centro industrial dos Estados Unidos. Neste\u00a0<b>dia<\/b>, os trabalhadores revoltados com as condi\u00e7\u00f5es desumanas de\u00a0<b>trabalho<\/b> sa\u00edram \u00e0s ruas para fazer suas reivindica\u00e7\u00f5es.<\/p>\n<p>Entretanto, em cada lugar do mundo a celebra\u00e7\u00e3o tem uma caracter\u00edstica que vai de direitos trabalhistas at\u00e9 ao direito de\u00a0 poder <span style=\"color: #0000ff;\"><strong>viver, do combate ao racismo, da preserva\u00e7\u00e3o do meio ambiente <\/strong><span style=\"color: #000000;\">entre outras reivindica\u00e7\u00f5es importantes.\u00a0<\/span><\/span><\/p>\n<p>Quando nos reportamos ao Brasil, muitas bandeiras s\u00e3o levantadas neste Dia 1\u00ba de Maio:\u00a0 v\u00e3o desde de conseguir um emprego, de ter renda para comer e morar e, at\u00e9 o mais grave, de sobreviver ao aumento expressivo da criminalidade no pa\u00eds.<\/p>\n<p>De acordo com o CAGED, o setor da Constru\u00e7\u00e3o Civil, \u00e9 o que mais vem empregando no pa\u00eds. S\u00e3o mais de 200 mil empregos criados com carteira assinadas nos \u00faltimos 02 anos.\u00a0 Mesmo em tempos de pandemia COVID-19, (que matou mais de 600 mil pessoas), ainda assim, estamos vivendo uma hiato do patamar ideal para o mercado de trabalho no pa\u00eds.<\/p>\n<p>Desde 2016, diversos mecanismos\u00a0 criados por institui\u00e7\u00f5es p\u00fablicas e privadas inibiram cria\u00e7\u00e3o de novos empregos , tais como: Reforma Trabalhista, PEC do TETO DE GASTOS (congelando todos os investimentos p\u00fablicos), PETROBRAS (cortando radicalmente os investimentos no desenvolvimento do pa\u00eds), paraliza\u00e7\u00e3o dos investimentos do BNDES, falta de cr\u00e9dito para pequenas e m\u00e9dias empresas, Pol\u00edtica &#8220;Estatal&#8221; de viol\u00eancia contra moradores de comunidades, terras Ind\u00edgenas, terras Quilombolas ou seja: sa\u00edmos do Brasil, do BEM ESTAR antes de 2016, para a uma catarse social:\u00a0 BRASIL, o pa\u00eds do MAL- ESTAR.<\/p>\n<p>O resultado, \u00e9 o descontrole generalizado na economia sufocando trabalhadores e o Brasil como um todo. \u00d3leo de cozinha custando R$ 20,00, gasolina custando R$ 7,00, tarifa de luz subindo mais de 80% e botij\u00e3o de g\u00e1s de cozinha custando R$ 120,00, esse \u00e9 o atual momento do trabalhador brasileiro.<\/p>\n<p>N\u00e3o h\u00e1 o que comemorar!!!<\/p>\n","protected":false},"excerpt":{"rendered":"<p>Por Severian Rocha\u00a0 1\u00ba de\u00a0 Maio\u00a0 \u00e9\u00a0 comemora em todo o mundo como o Dia Internacional do Trabalho. A data foi escolhida como homenagem a uma greve geral que aconteceu em 1\u00ba de maio\u00a0de 1886, em Chicago, centro industrial dos Estados Unidos. Neste\u00a0dia, os trabalhadores revoltados com as condi\u00e7\u00f5es desumanas de\u00a0trabalho sa\u00edram \u00e0s ruas para [&hellip;]<\/p>\n","protected":false},"author":1,"featured_media":19229,"comment_status":"open","ping_status":"open","sticky":false,"template":"","format":"standard","meta":{"_uag_custom_page_level_css":"","footnotes":""},"categories":[27],"tags":[23740,23743,1672,15114,5846,23742,23741],"class_list":["post-19225","post","type-post","status-publish","format-standard","has-post-thumbnail","hentry","category-acontece","tag-1omaio-dia-do-trabalhador","tag-28-milhoes-de-brasileiros-vivendo-de-bicos","tag-caged","tag-empregos-na-construcao","tag-ibge","tag-petrobras-sufoca-trabalhadores-com-inflacao","tag-trabalhadores-sem-emprego-e-renda"],"blocksy_meta":[],"spectra_blocks_featured_image_url":{"thumbnail":{"url":"https:\/\/construcaocivil.siriusmarketingedesign.com.br\/wp-content\/uploads\/2022\/05\/AA-TRABALHADORES-150x150.jpg","width":150,"height":150},"medium":{"url":"https:\/\/construcaocivil.siriusmarketingedesign.com.br\/wp-content\/uploads\/2022\/05\/AA-TRABALHADORES-225x300.jpg","width":225,"height":300},"medium_large":{"url":"https:\/\/construcaocivil.siriusmarketingedesign.com.br\/wp-content\/uploads\/2022\/05\/AA-TRABALHADORES.jpg","width":600,"height":800},"large":{"url":"https:\/\/construcaocivil.siriusmarketingedesign.com.br\/wp-content\/uploads\/2022\/05\/AA-TRABALHADORES.jpg","width":600,"height":800},"full":{"url":"https:\/\/construcaocivil.siriusmarketingedesign.com.br\/wp-content\/uploads\/2022\/05\/AA-TRABALHADORES.jpg","width":600,"height":800}},"spectra_blocks_author_info":{"display_name":"Jornal da Constru\u00e7\u00e3o Civil","avatar_url":"https:\/\/secure.gravatar.com\/avatar\/973c9774fd44ddaceb026973c4962faa70fc512bc4c9da68e8ebb40fecee6540?s=96&d=mm&r=g","author_link":"https:\/\/construcaocivil.siriusmarketingedesign.com.br\/?author=1","description":"Desde de 2013, levando muitas informa\u00e7\u00f5es, lan\u00e7amentos e produtos de qualidade para toda cadeia produtiva da constru\u00e7\u00e3o. O Futuro da constru\u00e7\u00e3o passa por aqui,"},"uagb_featured_image_src":{"full":["https:\/\/construcaocivil.siriusmarketingedesign.com.br\/wp-content\/uploads\/2022\/05\/AA-TRABALHADORES.jpg",600,800,false],"thumbnail":["https:\/\/construcaocivil.siriusmarketingedesign.com.br\/wp-content\/uploads\/2022\/05\/AA-TRABALHADORES-150x150.jpg",150,150,true],"medium":["https:\/\/construcaocivil.siriusmarketingedesign.com.br\/wp-content\/uploads\/2022\/05\/AA-TRABALHADORES-225x300.jpg",225,300,true],"medium_large":["https:\/\/construcaocivil.siriusmarketingedesign.com.br\/wp-content\/uploads\/2022\/05\/AA-TRABALHADORES.jpg",600,800,false],"large":["https:\/\/construcaocivil.siriusmarketingedesign.com.br\/wp-content\/uploads\/2022\/05\/AA-TRABALHADORES.jpg",600,800,false],"1536x1536":["https:\/\/construcaocivil.siriusmarketingedesign.com.br\/wp-content\/uploads\/2022\/05\/AA-TRABALHADORES.jpg",600,800,false],"2048x2048":["https:\/\/construcaocivil.siriusmarketingedesign.com.br\/wp-content\/uploads\/2022\/05\/AA-TRABALHADORES.jpg",600,800,false]},"uagb_author_info":{"display_name":"Jornal da Constru\u00e7\u00e3o Civil","author_link":"https:\/\/construcaocivil.siriusmarketingedesign.com.br\/?author=1"},"uagb_comment_info":0,"uagb_excerpt":"Por Severian Rocha\u00a0 1\u00ba de\u00a0 Maio\u00a0 \u00e9\u00a0 comemora em todo o mundo como o Dia Internacional do Trabalho. A data foi escolhida como homenagem a uma greve geral que aconteceu em 1\u00ba de maio\u00a0de 1886, em Chicago, centro industrial dos Estados Unidos. Neste\u00a0dia, os trabalhadores revoltados com as condi\u00e7\u00f5es desumanas de\u00a0trabalho sa\u00edram \u00e0s ruas para&hellip;","_links":{"self":[{"href":"https:\/\/construcaocivil.siriusmarketingedesign.com.br\/index.php?rest_route=\/wp\/v2\/posts\/19225","targetHints":{"allow":["GET"]}}],"collection":[{"href":"https:\/\/construcaocivil.siriusmarketingedesign.com.br\/index.php?rest_route=\/wp\/v2\/posts"}],"about":[{"href":"https:\/\/construcaocivil.siriusmarketingedesign.com.br\/index.php?rest_route=\/wp\/v2\/types\/post"}],"author":[{"embeddable":true,"href":"https:\/\/construcaocivil.siriusmarketingedesign.com.br\/index.php?rest_route=\/wp\/v2\/users\/1"}],"replies":[{"embeddable":true,"href":"https:\/\/construcaocivil.siriusmarketingedesign.com.br\/index.php?rest_route=%2Fwp%2Fv2%2Fcomments&post=19225"}],"version-history":[{"count":0,"href":"https:\/\/construcaocivil.siriusmarketingedesign.com.br\/index.php?rest_route=\/wp\/v2\/posts\/19225\/revisions"}],"wp:featuredmedia":[{"embeddable":true,"href":"https:\/\/construcaocivil.siriusmarketingedesign.com.br\/index.php?rest_route=\/wp\/v2\/media\/19229"}],"wp:attachment":[{"href":"https:\/\/construcaocivil.siriusmarketingedesign.com.br\/index.php?rest_route=%2Fwp%2Fv2%2Fmedia&parent=19225"}],"wp:term":[{"taxonomy":"category","embeddable":true,"href":"https:\/\/construcaocivil.siriusmarketingedesign.com.br\/index.php?rest_route=%2Fwp%2Fv2%2Fcategories&post=19225"},{"taxonomy":"post_tag","embeddable":true,"href":"https:\/\/construcaocivil.siriusmarketingedesign.com.br\/index.php?rest_route=%2Fwp%2Fv2%2Ftags&post=19225"}],"curies":[{"name":"wp","href":"https:\/\/api.w.org\/{rel}","templated":true}]}}