{"id":19238,"date":"2022-05-03T00:40:27","date_gmt":"2022-05-03T03:40:27","guid":{"rendered":"https:\/\/www.jornaldaconstrucaocivil.com.br\/?p=19238"},"modified":"2022-05-03T00:40:27","modified_gmt":"2022-05-03T03:40:27","slug":"brasil-4-0-uerj-debate-educacao-e-acoes-afirmativas","status":"publish","type":"post","link":"https:\/\/construcaocivil.siriusmarketingedesign.com.br\/?p=19238","title":{"rendered":"Brasil 4.0: Uerj debate educa\u00e7\u00e3o e a\u00e7\u00f5es afirmativas"},"content":{"rendered":"<p>Come\u00e7a nesta ter\u00e7a-feira (3) o ciclo de encontros\u00a0<strong>UERJ com RJ \u2013 Ci\u00eancia, Tecnologia e Inova\u00e7\u00e3o: Propostas para o Rio de Janeiro p\u00f3s-pandemia<\/strong>, realizado pela Universidade<strong>\u00a0<\/strong>do Estado do Rio de Janeiro (Uerj), com apoio da Funda\u00e7\u00e3o Carlos Chagas Filho de Amparo \u00e0 Pesquisa do Estado do Rio de Janeiro (Faperj).<\/p>\n<p>O objetivo \u00e9 debater, trocar ideias e experi\u00eancias e apresentar propostas e solu\u00e7\u00f5es vi\u00e1veis ao desenvolvimento social e econ\u00f4mico das diferentes regi\u00f5es do Estado.<\/p>\n<p>O evento acontece todas as ter\u00e7as de maio (3, 10, 17, 24 e 31), sempre com in\u00edcio \u00e0s 14h. O tema do primeiro encontro, dia 3, \u00e9\u00a0<strong>Educa\u00e7\u00e3o e a\u00e7\u00f5es afirmativas<\/strong>, quando ser\u00e3o apresentadas e discutidas a experi\u00eancia da Uerj e de outras institui\u00e7\u00f5es que adotaram reserva de vagas no ensino superior para negros, ind\u00edgenas e quilombolas, principais desafios, resultados, como\u00a0superaram problemas durante a pandemia e o legado para definir pol\u00edticas p\u00fablicas.<\/p>\n<p>Os palestrantes s\u00e3o Ana Paula Silva, do Programa de Estudos dos Povos Ind\u00edgenas (Pr\u00f3-\u00cdndio\/Uerj); Daniela Frida, da Faculdade de Educa\u00e7\u00e3o da Uerj; Jo\u00e3o Feres Jr, do Instituto de Estudos Sociais e Pol\u00edticos (Iesp\/Uerj); e Luanda de Moraes, da Superintend\u00eancia de Unidades Estrat\u00e9gicas da Uerj. A mediadora \u00e9 a jornalista Mariana Tokarnia, da Ag\u00eancia Brasil e Associa\u00e7\u00e3o de Jornalistas de Educa\u00e7\u00e3o (Jeduca).<\/p>\n<p>Nas ter\u00e7as seguintes ser\u00e3o abordadas, respectivamente, Ci\u00eancia e tecnologia; Economia, sustentabilidade e inova\u00e7\u00e3o; Comunica\u00e7\u00e3o da ci\u00eancia; e Sa\u00fade.<\/p>\n<p>O local de\u00a0<strong>Uerj com RJ<\/strong>\u00a0\u00e9 o Teatro Noel Rosa, no campus Maracan\u00e3 da Universidade (Av. S\u00e3o Francisco Xavier, 524). Os debates s\u00e3o presenciais, com transmiss\u00e3o ao vivo pelo canal da TV Uerj no Youtube.<\/p>\n<p>No segundo semestre de 2022, estar\u00e1 dispon\u00edvel para download gratuito um e-book com todo o conte\u00fado do ciclo de encontros.<\/p>\n<p>As inscri\u00e7\u00f5es s\u00e3o gratuitas, mas devido \u00e0s restri\u00e7\u00f5es de espa\u00e7o \u00e9 necess\u00e1rio fazer uma pr\u00e9-inscri\u00e7\u00e3o separada para cada dia de atividades. As credenciais definitivas devem ser retiradas no local do evento no m\u00e1ximo at\u00e9 15 minutos antes do in\u00edcio. Para a seguran\u00e7a de todos \u00e9 necess\u00e1rio usar m\u00e1scara e apresentar comprovante de vacina contra covid-19.<\/p>\n<p>O site\u00a0<span style=\"color: #0000ff;\"><a style=\"color: #0000ff;\" href=\"https:\/\/click.cse360.com.br\/Click\/AddCampaignEmailClick\/3f03b79f-b79a-426b-6cc5-08da221b4c0d\/https%253a%252f%252fwww.uerjcomrj.uerj.br%252f\/e5a1d2fa-94bb-4a21-b332-08d7c5ff26d1\/redacao@jornaldaconstrucaocivil.com.br\/True\" target=\"_blank\" rel=\"noopener noreferrer\">https:\/\/www.uerjcomrj.uerj.br\/<\/a><\/span>\u00a0apresenta a programa\u00e7\u00e3o completa de\u00a0<strong>Uerj com RJ<\/strong>, perfil dos palestrantes e mediadores, ficha de pr\u00e9-inscri\u00e7\u00e3o para cada dia de debates e outras informa\u00e7\u00f5es importantes.<\/p>\n<p>O ciclo de encontros<strong>\u00a0Uerj com RJ<\/strong>\u00a0\u00e9 uma iniciativa conjunta do Centro de Estudos Estrat\u00e9gicos e Desenvolvimento (Ceed) e da Diretoria de Comunica\u00e7\u00e3o Social (Comuns) da Uerj, com apoio da Faperj.<\/p>\n","protected":false},"excerpt":{"rendered":"<p>Come\u00e7a nesta ter\u00e7a-feira (3) o ciclo de encontros\u00a0UERJ com RJ \u2013 Ci\u00eancia, Tecnologia e Inova\u00e7\u00e3o: Propostas para o Rio de Janeiro p\u00f3s-pandemia, realizado pela Universidade\u00a0do Estado do Rio de Janeiro (Uerj), com apoio da Funda\u00e7\u00e3o Carlos Chagas Filho de Amparo \u00e0 Pesquisa do Estado do Rio de Janeiro (Faperj). O objetivo \u00e9 debater, trocar ideias [&hellip;]<\/p>\n","protected":false},"author":1,"featured_media":19239,"comment_status":"open","ping_status":"open","sticky":false,"template":"","format":"standard","meta":{"_uag_custom_page_level_css":"","footnotes":""},"categories":[27],"tags":[14656,22603,23753,23754,11591,12026,23752],"class_list":["post-19238","post","type-post","status-publish","format-standard","has-post-thumbnail","hentry","category-acontece","tag-ciencia","tag-cursos-de-graduacao","tag-educacao-e-cotas-raciais","tag-investimentos-em-tecnologia","tag-tecnologia-e-inovacao","tag-uerj","tag-uerj-com-rj"],"blocksy_meta":[],"spectra_blocks_featured_image_url":{"thumbnail":{"url":"https:\/\/construcaocivil.siriusmarketingedesign.com.br\/wp-content\/uploads\/2022\/05\/UERJ-150x150.jpg","width":150,"height":150},"medium":{"url":"https:\/\/construcaocivil.siriusmarketingedesign.com.br\/wp-content\/uploads\/2022\/05\/UERJ-300x169.jpg","width":300,"height":169},"medium_large":{"url":"https:\/\/construcaocivil.siriusmarketingedesign.com.br\/wp-content\/uploads\/2022\/05\/UERJ-768x432.jpg","width":768,"height":432},"large":{"url":"https:\/\/construcaocivil.siriusmarketingedesign.com.br\/wp-content\/uploads\/2022\/05\/UERJ-1024x576.jpg","width":1024,"height":576},"full":{"url":"https:\/\/construcaocivil.siriusmarketingedesign.com.br\/wp-content\/uploads\/2022\/05\/UERJ.jpg","width":1920,"height":1080}},"spectra_blocks_author_info":{"display_name":"Jornal da Constru\u00e7\u00e3o Civil","avatar_url":"https:\/\/secure.gravatar.com\/avatar\/973c9774fd44ddaceb026973c4962faa70fc512bc4c9da68e8ebb40fecee6540?s=96&d=mm&r=g","author_link":"https:\/\/construcaocivil.siriusmarketingedesign.com.br\/?author=1","description":"Desde de 2013, levando muitas informa\u00e7\u00f5es, lan\u00e7amentos e produtos de qualidade para toda cadeia produtiva da constru\u00e7\u00e3o. O Futuro da constru\u00e7\u00e3o passa por aqui,"},"uagb_featured_image_src":{"full":["https:\/\/construcaocivil.siriusmarketingedesign.com.br\/wp-content\/uploads\/2022\/05\/UERJ.jpg",1920,1080,false],"thumbnail":["https:\/\/construcaocivil.siriusmarketingedesign.com.br\/wp-content\/uploads\/2022\/05\/UERJ-150x150.jpg",150,150,true],"medium":["https:\/\/construcaocivil.siriusmarketingedesign.com.br\/wp-content\/uploads\/2022\/05\/UERJ-300x169.jpg",300,169,true],"medium_large":["https:\/\/construcaocivil.siriusmarketingedesign.com.br\/wp-content\/uploads\/2022\/05\/UERJ-768x432.jpg",768,432,true],"large":["https:\/\/construcaocivil.siriusmarketingedesign.com.br\/wp-content\/uploads\/2022\/05\/UERJ-1024x576.jpg",1024,576,true],"1536x1536":["https:\/\/construcaocivil.siriusmarketingedesign.com.br\/wp-content\/uploads\/2022\/05\/UERJ-1536x864.jpg",1536,864,true],"2048x2048":["https:\/\/construcaocivil.siriusmarketingedesign.com.br\/wp-content\/uploads\/2022\/05\/UERJ.jpg",1920,1080,false]},"uagb_author_info":{"display_name":"Jornal da Constru\u00e7\u00e3o Civil","author_link":"https:\/\/construcaocivil.siriusmarketingedesign.com.br\/?author=1"},"uagb_comment_info":0,"uagb_excerpt":"Come\u00e7a nesta ter\u00e7a-feira (3) o ciclo de encontros\u00a0UERJ com RJ \u2013 Ci\u00eancia, Tecnologia e Inova\u00e7\u00e3o: Propostas para o Rio de Janeiro p\u00f3s-pandemia, realizado pela Universidade\u00a0do Estado do Rio de Janeiro (Uerj), com apoio da Funda\u00e7\u00e3o Carlos Chagas Filho de Amparo \u00e0 Pesquisa do Estado do Rio de Janeiro (Faperj). O objetivo \u00e9 debater, trocar ideias&hellip;","_links":{"self":[{"href":"https:\/\/construcaocivil.siriusmarketingedesign.com.br\/index.php?rest_route=\/wp\/v2\/posts\/19238","targetHints":{"allow":["GET"]}}],"collection":[{"href":"https:\/\/construcaocivil.siriusmarketingedesign.com.br\/index.php?rest_route=\/wp\/v2\/posts"}],"about":[{"href":"https:\/\/construcaocivil.siriusmarketingedesign.com.br\/index.php?rest_route=\/wp\/v2\/types\/post"}],"author":[{"embeddable":true,"href":"https:\/\/construcaocivil.siriusmarketingedesign.com.br\/index.php?rest_route=\/wp\/v2\/users\/1"}],"replies":[{"embeddable":true,"href":"https:\/\/construcaocivil.siriusmarketingedesign.com.br\/index.php?rest_route=%2Fwp%2Fv2%2Fcomments&post=19238"}],"version-history":[{"count":0,"href":"https:\/\/construcaocivil.siriusmarketingedesign.com.br\/index.php?rest_route=\/wp\/v2\/posts\/19238\/revisions"}],"wp:featuredmedia":[{"embeddable":true,"href":"https:\/\/construcaocivil.siriusmarketingedesign.com.br\/index.php?rest_route=\/wp\/v2\/media\/19239"}],"wp:attachment":[{"href":"https:\/\/construcaocivil.siriusmarketingedesign.com.br\/index.php?rest_route=%2Fwp%2Fv2%2Fmedia&parent=19238"}],"wp:term":[{"taxonomy":"category","embeddable":true,"href":"https:\/\/construcaocivil.siriusmarketingedesign.com.br\/index.php?rest_route=%2Fwp%2Fv2%2Fcategories&post=19238"},{"taxonomy":"post_tag","embeddable":true,"href":"https:\/\/construcaocivil.siriusmarketingedesign.com.br\/index.php?rest_route=%2Fwp%2Fv2%2Ftags&post=19238"}],"curies":[{"name":"wp","href":"https:\/\/api.w.org\/{rel}","templated":true}]}}