{"id":19281,"date":"2022-05-08T01:07:42","date_gmt":"2022-05-08T04:07:42","guid":{"rendered":"https:\/\/www.jornaldaconstrucaocivil.com.br\/?p=19281"},"modified":"2022-05-08T01:09:05","modified_gmt":"2022-05-08T04:09:05","slug":"este-pais-precisa-voltar-a-criar-oportunidades-para-que-as-pessoas-possam-viver-bem-diz-lula","status":"publish","type":"post","link":"https:\/\/construcaocivil.siriusmarketingedesign.com.br\/?p=19281","title":{"rendered":"\u201cEste pa\u00eds precisa voltar a criar oportunidades, para que as pessoas possam viver bem\u201d, diz Lula"},"content":{"rendered":"<p>O ex-presidente Luiz In\u00e1cio Lula da Silva defendeu hoje que o Brasil tenha uma legisla\u00e7\u00e3o que garanta os direitos dos trabalhadores e que crie um ambiente f\u00e9rtil ao empreendedorismo, para apoiar aqueles que queiram montar seus pr\u00f3prios neg\u00f3cios e evitar que jovens, sem perspectivas por causa da situa\u00e7\u00e3o desoladora, saiam do pa\u00eds.<\/p>\n<p>\u201cPrecisamos tamb\u00e9m criar um ambiente f\u00e9rtil ao empreendedorismo, para que possam florescer o talento e a criatividade do povo brasileiro. Este pa\u00eds precisa voltar a criar oportunidades, para que as pessoas possam viver bem, melhorar de vida e tornar seus sonhos realidade\u201d, afirmou.<\/p>\n<p>No discurso de lan\u00e7amento do Movimento \u201cVamos juntos pelo Brasil\u201d, Lula afirmou que n\u00e3o haver\u00e1 soberania enquanto dezenas de milh\u00f5es de trabalhadores continuarem submetidos ao desemprego, \u00e0 precariza\u00e7\u00e3o e ao desalento.<\/p>\n<p>\u201cN\u00f3s fomos capazes de gerar mais de 20 milh\u00f5es de empregos com carteira assinada e todos os direitos garantidos, enquanto eles destru\u00edram direitos trabalhistas e geraram mais desemprego\u201d, afirmou.<\/p>\n<p>De acordo com ele, \u00e9 preciso avan\u00e7ar numa legisla\u00e7\u00e3o que garanta os direitos dos trabalhadores, estimule a negocia\u00e7\u00e3o civilizada entre patr\u00e3o e empregado e contribua para a gera\u00e7\u00e3o de empregos para fazer a economia girar.<\/p>\n<p>\u201c\u00c9 preciso avan\u00e7ar numa legisla\u00e7\u00e3o que garanta os direitos dos trabalhadores, que estimule a negocia\u00e7\u00e3o em bases civilizadas e justas entre patr\u00f5es e empregados e que\u00a0 contribua para criar melhores empregos, e fa\u00e7a girar a roda da economia\u201d.<\/p>\n<p>Lula voltou a reclamar do fato de hoje os reajustes salariais n\u00e3o recuperarem as perdas com a infla\u00e7\u00e3o, o que faz com que o trabalhador perda poder de compra e fique mais pobre.<\/p>\n<p>\u201cN\u00e3o \u00e9 poss\u00edvel que o reajuste da maioria das categorias profissionais fique abaixo da infla\u00e7\u00e3o, ao contr\u00e1rio do que acontecia em nossos governos. N\u00e3o \u00e9 poss\u00edvel que o sal\u00e1rio m\u00ednimo continue perdendo poder de compra ano ap\u00f3s ano. Nos nossos governos ele subiu 74% acima da infla\u00e7\u00e3o, aumentando o consumo e aquecendo a economia\u201d, declarou, acrescentando que, se os trabalhadores n\u00e3o tiverem dinheiro para comprar, os empres\u00e1rios n\u00e3o ter\u00e3o para quem vender. \u201cIsso leva ao que assistimos hoje: o fechamento de f\u00e1bricas em S\u00e3o Paulo, na Bahia, na Zona Franca de Manaus e outras regi\u00f5es, e multinacionais deixando o Brasil\u201d.<\/p>\n<p>Fonte: lula.com.br<\/p>\n","protected":false},"excerpt":{"rendered":"<p>O ex-presidente Luiz In\u00e1cio Lula da Silva defendeu hoje que o Brasil tenha uma legisla\u00e7\u00e3o que garanta os direitos dos trabalhadores e que crie um ambiente f\u00e9rtil ao empreendedorismo, para apoiar aqueles que queiram montar seus pr\u00f3prios neg\u00f3cios e evitar que jovens, sem perspectivas por causa da situa\u00e7\u00e3o desoladora, saiam do pa\u00eds. \u201cPrecisamos tamb\u00e9m criar [&hellip;]<\/p>\n","protected":false},"author":1,"featured_media":19282,"comment_status":"open","ping_status":"open","sticky":false,"template":"","format":"standard","meta":{"_uag_custom_page_level_css":"","footnotes":""},"categories":[27],"tags":[20912,23784,5394,23785,23786],"class_list":["post-19281","post","type-post","status-publish","format-standard","has-post-thumbnail","hentry","category-acontece","tag-lula2022","tag-construcao-7-mil-obras-paradas","tag-geracao-de-empregos","tag-lula-e-alckim","tag-petrobras-e-eletrobras"],"blocksy_meta":[],"spectra_blocks_featured_image_url":{"thumbnail":{"url":"https:\/\/construcaocivil.siriusmarketingedesign.com.br\/wp-content\/uploads\/2022\/05\/WhatsApp-Image-2022-05-07-at-14.54.01-150x150.jpeg","width":150,"height":150},"medium":{"url":"https:\/\/construcaocivil.siriusmarketingedesign.com.br\/wp-content\/uploads\/2022\/05\/WhatsApp-Image-2022-05-07-at-14.54.01-300x150.jpeg","width":300,"height":150},"medium_large":{"url":"https:\/\/construcaocivil.siriusmarketingedesign.com.br\/wp-content\/uploads\/2022\/05\/WhatsApp-Image-2022-05-07-at-14.54.01-768x383.jpeg","width":768,"height":383},"large":{"url":"https:\/\/construcaocivil.siriusmarketingedesign.com.br\/wp-content\/uploads\/2022\/05\/WhatsApp-Image-2022-05-07-at-14.54.01-1024x511.jpeg","width":1024,"height":511},"full":{"url":"https:\/\/construcaocivil.siriusmarketingedesign.com.br\/wp-content\/uploads\/2022\/05\/WhatsApp-Image-2022-05-07-at-14.54.01.jpeg","width":1600,"height":798}},"spectra_blocks_author_info":{"display_name":"Jornal da Constru\u00e7\u00e3o Civil","avatar_url":"https:\/\/secure.gravatar.com\/avatar\/973c9774fd44ddaceb026973c4962faa70fc512bc4c9da68e8ebb40fecee6540?s=96&d=mm&r=g","author_link":"https:\/\/construcaocivil.siriusmarketingedesign.com.br\/?author=1","description":"Desde de 2013, levando muitas informa\u00e7\u00f5es, lan\u00e7amentos e produtos de qualidade para toda cadeia produtiva da constru\u00e7\u00e3o. O Futuro da constru\u00e7\u00e3o passa por aqui,"},"uagb_featured_image_src":{"full":["https:\/\/construcaocivil.siriusmarketingedesign.com.br\/wp-content\/uploads\/2022\/05\/WhatsApp-Image-2022-05-07-at-14.54.01.jpeg",1600,798,false],"thumbnail":["https:\/\/construcaocivil.siriusmarketingedesign.com.br\/wp-content\/uploads\/2022\/05\/WhatsApp-Image-2022-05-07-at-14.54.01-150x150.jpeg",150,150,true],"medium":["https:\/\/construcaocivil.siriusmarketingedesign.com.br\/wp-content\/uploads\/2022\/05\/WhatsApp-Image-2022-05-07-at-14.54.01-300x150.jpeg",300,150,true],"medium_large":["https:\/\/construcaocivil.siriusmarketingedesign.com.br\/wp-content\/uploads\/2022\/05\/WhatsApp-Image-2022-05-07-at-14.54.01-768x383.jpeg",768,383,true],"large":["https:\/\/construcaocivil.siriusmarketingedesign.com.br\/wp-content\/uploads\/2022\/05\/WhatsApp-Image-2022-05-07-at-14.54.01-1024x511.jpeg",1024,511,true],"1536x1536":["https:\/\/construcaocivil.siriusmarketingedesign.com.br\/wp-content\/uploads\/2022\/05\/WhatsApp-Image-2022-05-07-at-14.54.01-1536x766.jpeg",1536,766,true],"2048x2048":["https:\/\/construcaocivil.siriusmarketingedesign.com.br\/wp-content\/uploads\/2022\/05\/WhatsApp-Image-2022-05-07-at-14.54.01.jpeg",1600,798,false]},"uagb_author_info":{"display_name":"Jornal da Constru\u00e7\u00e3o Civil","author_link":"https:\/\/construcaocivil.siriusmarketingedesign.com.br\/?author=1"},"uagb_comment_info":0,"uagb_excerpt":"O ex-presidente Luiz In\u00e1cio Lula da Silva defendeu hoje que o Brasil tenha uma legisla\u00e7\u00e3o que garanta os direitos dos trabalhadores e que crie um ambiente f\u00e9rtil ao empreendedorismo, para apoiar aqueles que queiram montar seus pr\u00f3prios neg\u00f3cios e evitar que jovens, sem perspectivas por causa da situa\u00e7\u00e3o desoladora, saiam do pa\u00eds. \u201cPrecisamos tamb\u00e9m criar&hellip;","_links":{"self":[{"href":"https:\/\/construcaocivil.siriusmarketingedesign.com.br\/index.php?rest_route=\/wp\/v2\/posts\/19281","targetHints":{"allow":["GET"]}}],"collection":[{"href":"https:\/\/construcaocivil.siriusmarketingedesign.com.br\/index.php?rest_route=\/wp\/v2\/posts"}],"about":[{"href":"https:\/\/construcaocivil.siriusmarketingedesign.com.br\/index.php?rest_route=\/wp\/v2\/types\/post"}],"author":[{"embeddable":true,"href":"https:\/\/construcaocivil.siriusmarketingedesign.com.br\/index.php?rest_route=\/wp\/v2\/users\/1"}],"replies":[{"embeddable":true,"href":"https:\/\/construcaocivil.siriusmarketingedesign.com.br\/index.php?rest_route=%2Fwp%2Fv2%2Fcomments&post=19281"}],"version-history":[{"count":0,"href":"https:\/\/construcaocivil.siriusmarketingedesign.com.br\/index.php?rest_route=\/wp\/v2\/posts\/19281\/revisions"}],"wp:featuredmedia":[{"embeddable":true,"href":"https:\/\/construcaocivil.siriusmarketingedesign.com.br\/index.php?rest_route=\/wp\/v2\/media\/19282"}],"wp:attachment":[{"href":"https:\/\/construcaocivil.siriusmarketingedesign.com.br\/index.php?rest_route=%2Fwp%2Fv2%2Fmedia&parent=19281"}],"wp:term":[{"taxonomy":"category","embeddable":true,"href":"https:\/\/construcaocivil.siriusmarketingedesign.com.br\/index.php?rest_route=%2Fwp%2Fv2%2Fcategories&post=19281"},{"taxonomy":"post_tag","embeddable":true,"href":"https:\/\/construcaocivil.siriusmarketingedesign.com.br\/index.php?rest_route=%2Fwp%2Fv2%2Ftags&post=19281"}],"curies":[{"name":"wp","href":"https:\/\/api.w.org\/{rel}","templated":true}]}}