{"id":19291,"date":"2022-05-11T00:18:56","date_gmt":"2022-05-11T03:18:56","guid":{"rendered":"https:\/\/www.jornaldaconstrucaocivil.com.br\/?p=19291"},"modified":"2022-05-11T00:18:56","modified_gmt":"2022-05-11T03:18:56","slug":"evento-discute-plano-diretor-do-rio-de-janeiro-a-partir-dos-exemplos-de-sao-paulo-e-belo-horizonte","status":"publish","type":"post","link":"https:\/\/construcaocivil.siriusmarketingedesign.com.br\/?p=19291","title":{"rendered":"Evento discute plano diretor do Rio de Janeiro a partir dos exemplos de S\u00e3o Paulo e Belo Horizonte"},"content":{"rendered":"<p style=\"text-align: justify;\"><span style=\"color: #993300;\">Maio<\/span>, 2022 &#8211; O Conselho de Arquitetura e Urbanismo do Rio de Janeiro (CAU\/RJ) e o Col\u00e9gio Estadual das Entidades dos Arquitetos e Urbanistas (CEAU-RJ) realizam, no dia 12 de maio, \u00e0s 17h30, o evento <strong>&#8220;Rio de Janeiro e o Plano Diretor \u2013 Aprendendo com Belo Horizonte e S\u00e3o Paulo&#8221;<\/strong>. O debate, que \u00e9 aberto e gratuito, ser\u00e1 realizado no audit\u00f3rio da sede do CAU\/RJ (Av. Rep\u00fablica do Chile, 230, 2\u00ba andar, Centro).<\/p>\n<p style=\"text-align: justify;\">O evento busca trazer uma vis\u00e3o cr\u00edtica ap\u00f3s implementa\u00e7\u00e3o de\u00a0<strong>Planos Diretores de grandes cidades<\/strong>\u00a0como S\u00e3o Paulo e Belo Horizonte para qualificar o debate do Plano Diretor do Rio de Janeiro, tra\u00e7ando seus impactos, pontos positivos e negativos.<\/p>\n<p style=\"text-align: justify;\">Entre os convidados est\u00e3o: a ex-Secret\u00e1ria de Pol\u00edtica Urbana da Prefeitura de Belo Horizonte, respons\u00e1vel pelo processo de elabora\u00e7\u00e3o do Plano Diretor da cidade,\u00a0<strong>Maria Caldas<\/strong>; o arquiteto e urbanista, professor da FAU USP,\u00a0<strong>Nabil Bonduki<\/strong>; o Secret\u00e1rio Municipal de Planejamento Urbano do Rio de Janeiro,\u00a0<strong>Washington Fajardo<\/strong>\u00a0e a Coordenadora de Macroplanejamento da Secretaria Municipal de Planejamento Urbano,\u00a0<strong>Val\u00e9ria Hazan<\/strong>; al\u00e9m do coordenador do CEAU-RJ, o arquiteto e urbanista\u00a0<strong>Celso Rayol<\/strong>.<\/p>\n<p style=\"text-align: justify;\">Os planos diretores de\u00a0<strong>Belo Horizonte e S\u00e3o Paulo<\/strong>\u00a0s\u00e3o refer\u00eancias importantes para a elabora\u00e7\u00e3o do Plano Diretor do Rio de Janeiro, conforme explica a coordenadora da Comiss\u00e3o de Pol\u00edtica Urbana (CPU) do CAU\/RJ,\u00a0<strong>Rose Compans<\/strong>. &#8220;O plano diretor de Belo Horizonte \u00e9 mais recente e incorpora as\u00a0<strong>leis de uso e parcelamento do solo<\/strong>. Isso \u00e9 muito importante porque, em muitos casos, as diretrizes apontadas no plano diretor n\u00e3o se materializavam nessas legisla\u00e7\u00f5es, que s\u00e3o mais antigas. J\u00e1 em S\u00e3o Paulo, embora o plano j\u00e1 tenha 20 anos, ele incorporou o\u00a0<strong>Estatuto da Cidade<\/strong>\u00a0e fez grandes avan\u00e7os, como a quest\u00e3o da autorregulamenta\u00e7\u00e3o, a delimita\u00e7\u00e3o de zonas de especial interesse, o \u00edndice de ocupa\u00e7\u00e3o do entorno de esta\u00e7\u00f5es ferrovi\u00e1rias e metrovi\u00e1rias, IPTU progressivo etc., sendo uma refer\u00eancia at\u00e9 hoje&#8221;, analisou.<\/p>\n<p style=\"text-align: justify;\">&#8220;A ideia \u00e9 trocar informa\u00e7\u00f5es e aprender pelas experi\u00eancias dos planos diretores de S\u00e3o Paulo e Belo Horizonte, que tiveram como base a\u00a0<strong>transforma\u00e7\u00e3o urbana<\/strong>, com ativa\u00e7\u00e3o de bairros, fachada ativa, frui\u00e7\u00e3o da cidade. Entendemos, no CEAU-RJ, que esta troca \u00e9 muito qualitativa para as defini\u00e7\u00f5es do nosso plano diretor. Nada melhor do que conversar com quem j\u00e1 colocou esses planos diretores em pr\u00e1tica e est\u00e1 vendo o que est\u00e1 funcionando ou n\u00e3o em uma grande cidade&#8221;, afirmou\u00a0<strong>Celso Rayol<\/strong>, coordenador do CEAU-RJ.<\/p>\n<p style=\"text-align: justify;\">Para participar do evento, os interessados devem se inscrever pelo link:<\/p>\n<p style=\"text-align: justify;\"><span style=\"color: #0000ff;\"><a style=\"color: #0000ff;\" href=\"https:\/\/docs.google.com\/forms\/d\/e\/1FAIpQLScQG9iZ00nYK-9r7ZhJL_jnjA-1wiVmNguGNcyzhvuJ8jA7zQ\/viewform?usp=pp_url\" target=\"_blank\" rel=\"noopener noreferrer\">https:\/\/docs.google.com\/forms\/d\/e\/1FAIpQLScQG9iZ00nYK-9r7ZhJL_jnjA-1wiVmNguGNcyzhvuJ8jA7zQ\/viewform?usp=pp_url<\/a><\/span><\/p>\n","protected":false},"excerpt":{"rendered":"<p>Maio, 2022 &#8211; O Conselho de Arquitetura e Urbanismo do Rio de Janeiro (CAU\/RJ) e o Col\u00e9gio Estadual das Entidades dos Arquitetos e Urbanistas (CEAU-RJ) realizam, no dia 12 de maio, \u00e0s 17h30, o evento &#8220;Rio de Janeiro e o Plano Diretor \u2013 Aprendendo com Belo Horizonte e S\u00e3o Paulo&#8221;. O debate, que \u00e9 aberto [&hellip;]<\/p>\n","protected":false},"author":1,"featured_media":19292,"comment_status":"open","ping_status":"open","sticky":false,"template":"","format":"standard","meta":{"_uag_custom_page_level_css":"","footnotes":""},"categories":[27],"tags":[909,23794,2016,23791,23793,19103,23790,23792,10375],"class_list":["post-19291","post","type-post","status-publish","format-standard","has-post-thumbnail","hentry","category-acontece","tag-arquitetos-e-urbanistas","tag-casa-e-urbanizacao-nos-bairros","tag-cau-rj","tag-ceau-rj","tag-moradia-para-quem-precisa","tag-moradias-populares","tag-plano-diretor-da-cidade-do-rio-de-janeiro","tag-predios-vazios-no-centro-rj","tag-rio-de-janeiro"],"blocksy_meta":[],"spectra_blocks_featured_image_url":{"thumbnail":{"url":"https:\/\/construcaocivil.siriusmarketingedesign.com.br\/wp-content\/uploads\/2022\/05\/Prancheta-11-150x150.png","width":150,"height":150},"medium":{"url":"https:\/\/construcaocivil.siriusmarketingedesign.com.br\/wp-content\/uploads\/2022\/05\/Prancheta-11-300x300.png","width":300,"height":300},"medium_large":{"url":"https:\/\/construcaocivil.siriusmarketingedesign.com.br\/wp-content\/uploads\/2022\/05\/Prancheta-11-768x768.png","width":768,"height":768},"large":{"url":"https:\/\/construcaocivil.siriusmarketingedesign.com.br\/wp-content\/uploads\/2022\/05\/Prancheta-11-1024x1024.png","width":1024,"height":1024},"full":{"url":"https:\/\/construcaocivil.siriusmarketingedesign.com.br\/wp-content\/uploads\/2022\/05\/Prancheta-11.png","width":1081,"height":1081}},"spectra_blocks_author_info":{"display_name":"Jornal da Constru\u00e7\u00e3o Civil","avatar_url":"https:\/\/secure.gravatar.com\/avatar\/973c9774fd44ddaceb026973c4962faa70fc512bc4c9da68e8ebb40fecee6540?s=96&d=mm&r=g","author_link":"https:\/\/construcaocivil.siriusmarketingedesign.com.br\/?author=1","description":"Desde de 2013, levando muitas informa\u00e7\u00f5es, lan\u00e7amentos e produtos de qualidade para toda cadeia produtiva da constru\u00e7\u00e3o. O Futuro da constru\u00e7\u00e3o passa por aqui,"},"uagb_featured_image_src":{"full":["https:\/\/construcaocivil.siriusmarketingedesign.com.br\/wp-content\/uploads\/2022\/05\/Prancheta-11.png",1081,1081,false],"thumbnail":["https:\/\/construcaocivil.siriusmarketingedesign.com.br\/wp-content\/uploads\/2022\/05\/Prancheta-11-150x150.png",150,150,true],"medium":["https:\/\/construcaocivil.siriusmarketingedesign.com.br\/wp-content\/uploads\/2022\/05\/Prancheta-11-300x300.png",300,300,true],"medium_large":["https:\/\/construcaocivil.siriusmarketingedesign.com.br\/wp-content\/uploads\/2022\/05\/Prancheta-11-768x768.png",768,768,true],"large":["https:\/\/construcaocivil.siriusmarketingedesign.com.br\/wp-content\/uploads\/2022\/05\/Prancheta-11-1024x1024.png",1024,1024,true],"1536x1536":["https:\/\/construcaocivil.siriusmarketingedesign.com.br\/wp-content\/uploads\/2022\/05\/Prancheta-11.png",1081,1081,false],"2048x2048":["https:\/\/construcaocivil.siriusmarketingedesign.com.br\/wp-content\/uploads\/2022\/05\/Prancheta-11.png",1081,1081,false]},"uagb_author_info":{"display_name":"Jornal da Constru\u00e7\u00e3o Civil","author_link":"https:\/\/construcaocivil.siriusmarketingedesign.com.br\/?author=1"},"uagb_comment_info":0,"uagb_excerpt":"Maio, 2022 &#8211; O Conselho de Arquitetura e Urbanismo do Rio de Janeiro (CAU\/RJ) e o Col\u00e9gio Estadual das Entidades dos Arquitetos e Urbanistas (CEAU-RJ) realizam, no dia 12 de maio, \u00e0s 17h30, o evento &#8220;Rio de Janeiro e o Plano Diretor \u2013 Aprendendo com Belo Horizonte e S\u00e3o Paulo&#8221;. O debate, que \u00e9 aberto&hellip;","_links":{"self":[{"href":"https:\/\/construcaocivil.siriusmarketingedesign.com.br\/index.php?rest_route=\/wp\/v2\/posts\/19291","targetHints":{"allow":["GET"]}}],"collection":[{"href":"https:\/\/construcaocivil.siriusmarketingedesign.com.br\/index.php?rest_route=\/wp\/v2\/posts"}],"about":[{"href":"https:\/\/construcaocivil.siriusmarketingedesign.com.br\/index.php?rest_route=\/wp\/v2\/types\/post"}],"author":[{"embeddable":true,"href":"https:\/\/construcaocivil.siriusmarketingedesign.com.br\/index.php?rest_route=\/wp\/v2\/users\/1"}],"replies":[{"embeddable":true,"href":"https:\/\/construcaocivil.siriusmarketingedesign.com.br\/index.php?rest_route=%2Fwp%2Fv2%2Fcomments&post=19291"}],"version-history":[{"count":0,"href":"https:\/\/construcaocivil.siriusmarketingedesign.com.br\/index.php?rest_route=\/wp\/v2\/posts\/19291\/revisions"}],"wp:featuredmedia":[{"embeddable":true,"href":"https:\/\/construcaocivil.siriusmarketingedesign.com.br\/index.php?rest_route=\/wp\/v2\/media\/19292"}],"wp:attachment":[{"href":"https:\/\/construcaocivil.siriusmarketingedesign.com.br\/index.php?rest_route=%2Fwp%2Fv2%2Fmedia&parent=19291"}],"wp:term":[{"taxonomy":"category","embeddable":true,"href":"https:\/\/construcaocivil.siriusmarketingedesign.com.br\/index.php?rest_route=%2Fwp%2Fv2%2Fcategories&post=19291"},{"taxonomy":"post_tag","embeddable":true,"href":"https:\/\/construcaocivil.siriusmarketingedesign.com.br\/index.php?rest_route=%2Fwp%2Fv2%2Ftags&post=19291"}],"curies":[{"name":"wp","href":"https:\/\/api.w.org\/{rel}","templated":true}]}}