{"id":1930,"date":"2016-05-31T18:44:20","date_gmt":"2016-05-31T18:44:20","guid":{"rendered":"http:\/\/www.jornaldaconstrucaocivil.com.br\/?p=1930"},"modified":"2016-05-31T18:44:20","modified_gmt":"2016-05-31T18:44:20","slug":"plaza-shopping-niteroi-celebra-a-semana-do-meio-ambiente","status":"publish","type":"post","link":"https:\/\/construcaocivil.siriusmarketingedesign.com.br\/?p=1930","title":{"rendered":"Plaza Shopping Niter\u00f3i celebra a Semana do Meio Ambiente"},"content":{"rendered":"<p><strong><span style=\"color: #000000;\"><em>De 1 a 5 de junho, shopping apoia iniciativa da Secretaria do Meio Ambiente com exposi\u00e7\u00e3o, distribui\u00e7\u00e3o de mudas e demais atra\u00e7\u00f5es gratuitas<\/em><\/span><\/strong><\/p>\n<p><span style=\"color: #000000;\">A Semana do Meio Ambiente, comemorada em junho, \u00e9 um evento tradicional em Niter\u00f3i e visa conscientizar toda sociedade sobre a import\u00e2ncia de deixar um legado sustent\u00e1vel no mundo. Realizada pela Secretaria do Meio Ambiente, este ano a iniciativa tamb\u00e9m conta com o apoio do Plaza Shopping Niter\u00f3i, que aproveitar\u00e1 a data para lan\u00e7ar o selo\u00a0<strong>Plaza Consciente<\/strong>.<\/span><\/p>\n<p><span style=\"color: #000000;\">De 1 a 5 de junho, o shopping ter\u00e1 um espa\u00e7o exclusivo no 4\u00ba piso da Expans\u00e3o (Espa\u00e7o Gourmet) dedicado \u00e0s a\u00e7\u00f5es da Semana do Meio Ambiente. L\u00e1, participantes de todas as idades poder\u00e3o conhecer, experimentar e aprender como a reciclagem e a tecnologia contribuem para um planeta mais sustent\u00e1vel.<\/span><\/p>\n<p><span style=\"color: #000000;\">A programa\u00e7\u00e3o incluir\u00e1 distribui\u00e7\u00e3o de mudas de pequeno porte, como ervas medicinais e arom\u00e1ticas, e exibi\u00e7\u00e3o de curtas-metragens e v\u00eddeos de temas relacionados \u00e0 sustentabilidade e ao meio ambiente. O espa\u00e7o tamb\u00e9m receber\u00e1 tr\u00eas exposi\u00e7\u00f5es: de fotografias; de tecnologia fotovoltaica, demonstrando o uso da energia solar; e de m\u00f3veis feitos com material reciclado, realizada pela Companhia de Limpeza de Niter\u00f3i (CLIN).<\/span><\/p>\n<p><span style=\"color: #000000;\">E, em sinergia com o tema, o Plaza Shopping Niter\u00f3i lan\u00e7ar\u00e1 durante a Semana do Meio Ambiente o selo\u00a0<strong>Plaza Consciente<\/strong>, por meio do qual ser\u00e3o divulgadas as iniciativas sustent\u00e1veis que o shopping desenvolve ao longo de seus 30 anos de atividade. Algumas das a\u00e7\u00f5es que contam com a chancela do selo s\u00e3o: troca das l\u00e2mpadas convencionais do shopping por ilumina\u00e7\u00e3o de LED, redu\u00e7\u00e3o do consumo de \u00e1gua, cria\u00e7\u00e3o de ponto destinado \u00e0 coleta de lixo eletr\u00f4nico, programa de gerenciamento de res\u00edduos, entre outras.<\/span><\/p>\n<p><span style=\"color: #000000;\">Em 2016, a Semana Nacional do Meio Ambiente tem como tema \u201cOs Quatro Elementos e a Sustentabilidade\u201d e est\u00e1 voltada ao s\u00e9timo objetivo da \u201cAgenda 2030 para o Desenvolvimento Sustent\u00e1vel\u201d, estabelecida pela ONU: \u201cse assegurar o acesso confi\u00e1vel, sustent\u00e1vel, moderno e a pre\u00e7o acess\u00edvel \u00e0 energia para todos\u201d.<\/span><\/p>\n<p><span style=\"color: #000000;\">As atra\u00e7\u00f5es da Semana do Meio Ambiente ser\u00e3o gratuitas e abertas a todo p\u00fablico, com classifica\u00e7\u00e3o livre. O Plaza Shopping Niter\u00f3i fica na Rua Quinze de Novembro, 8, Centro, Niter\u00f3i.<\/span><\/p>\n<p><span style=\"color: #000000;\"> Mais informa\u00e7\u00f5es pelo site\u00a0<span style=\"color: #0000ff;\"><a style=\"color: #0000ff;\" href=\"http:\/\/www.plazaniteroi.com.br\/\">http:\/\/www.plazaniteroi.com.br\/<\/a>\u00a0<\/span>ou pelo telefone (21) 2621-9400.<\/span><\/p>\n<p><span style=\"color: #800080;\"><strong>Servi\u00e7o \u2013 Semana do Meio Ambiente<\/strong><\/span><\/p>\n<p><span style=\"color: #003366;\">Data: 1 a 5 de junho<\/span><\/p>\n<p><span style=\"color: #003366;\">Hor\u00e1rio: Quarta-feira a s\u00e1bado, das 10h \u00e0s 22h, e domingo, das 13h \u00e0s 21h<\/span><\/p>\n<p><span style=\"color: #003366;\">Local: Expans\u00e3o \u2013 4\u00ba piso<\/span><\/p>\n<p><span style=\"color: #003366;\">Endere\u00e7o: Rua Quinze de Novembro, 8, Centro, Niter\u00f3i<\/span><\/p>\n<p><span style=\"color: #003366;\">Evento gratuito, classifica\u00e7\u00e3o livre<\/span><\/p>\n<p>&nbsp;<\/p>\n","protected":false},"excerpt":{"rendered":"<p>De 1 a 5 de junho, shopping apoia iniciativa da Secretaria do Meio Ambiente com exposi\u00e7\u00e3o, distribui\u00e7\u00e3o de mudas e demais atra\u00e7\u00f5es gratuitas A Semana do Meio Ambiente, comemorada em junho, \u00e9 um evento tradicional em Niter\u00f3i e visa conscientizar toda sociedade sobre a import\u00e2ncia de deixar um legado sustent\u00e1vel no mundo. Realizada pela Secretaria [&hellip;]<\/p>\n","protected":false},"author":1,"featured_media":0,"comment_status":"open","ping_status":"open","sticky":false,"template":"","format":"quote","meta":{"_uag_custom_page_level_css":"","footnotes":""},"categories":[27],"tags":[2135,2519,5903,7438,9029,10741],"class_list":["post-1930","post","type-post","status-publish","format-quote","hentry","category-acontece","tag-centro-niteroi","tag-companhia-de-limpeza-de-niteroi","tag-iluminacao-led","tag-meio-ambiente","tag-plaza-shopping-niteroi","tag-secretaria-de-meio-ambiente","post_format-post-format-quote"],"blocksy_meta":[],"spectra_blocks_featured_image_url":null,"spectra_blocks_author_info":{"display_name":"Jornal da Constru\u00e7\u00e3o Civil","avatar_url":"https:\/\/secure.gravatar.com\/avatar\/973c9774fd44ddaceb026973c4962faa70fc512bc4c9da68e8ebb40fecee6540?s=96&d=mm&r=g","author_link":"https:\/\/construcaocivil.siriusmarketingedesign.com.br\/?author=1","description":"Desde de 2013, levando muitas informa\u00e7\u00f5es, lan\u00e7amentos e produtos de qualidade para toda cadeia produtiva da constru\u00e7\u00e3o. O Futuro da constru\u00e7\u00e3o passa por aqui,"},"uagb_featured_image_src":{"full":false,"thumbnail":false,"medium":false,"medium_large":false,"large":false,"1536x1536":false,"2048x2048":false},"uagb_author_info":{"display_name":"Jornal da Constru\u00e7\u00e3o Civil","author_link":"https:\/\/construcaocivil.siriusmarketingedesign.com.br\/?author=1"},"uagb_comment_info":0,"uagb_excerpt":"De 1 a 5 de junho, shopping apoia iniciativa da Secretaria do Meio Ambiente com exposi\u00e7\u00e3o, distribui\u00e7\u00e3o de mudas e demais atra\u00e7\u00f5es gratuitas A Semana do Meio Ambiente, comemorada em junho, \u00e9 um evento tradicional em Niter\u00f3i e visa conscientizar toda sociedade sobre a import\u00e2ncia de deixar um legado sustent\u00e1vel no mundo. Realizada pela Secretaria&hellip;","_links":{"self":[{"href":"https:\/\/construcaocivil.siriusmarketingedesign.com.br\/index.php?rest_route=\/wp\/v2\/posts\/1930","targetHints":{"allow":["GET"]}}],"collection":[{"href":"https:\/\/construcaocivil.siriusmarketingedesign.com.br\/index.php?rest_route=\/wp\/v2\/posts"}],"about":[{"href":"https:\/\/construcaocivil.siriusmarketingedesign.com.br\/index.php?rest_route=\/wp\/v2\/types\/post"}],"author":[{"embeddable":true,"href":"https:\/\/construcaocivil.siriusmarketingedesign.com.br\/index.php?rest_route=\/wp\/v2\/users\/1"}],"replies":[{"embeddable":true,"href":"https:\/\/construcaocivil.siriusmarketingedesign.com.br\/index.php?rest_route=%2Fwp%2Fv2%2Fcomments&post=1930"}],"version-history":[{"count":0,"href":"https:\/\/construcaocivil.siriusmarketingedesign.com.br\/index.php?rest_route=\/wp\/v2\/posts\/1930\/revisions"}],"wp:attachment":[{"href":"https:\/\/construcaocivil.siriusmarketingedesign.com.br\/index.php?rest_route=%2Fwp%2Fv2%2Fmedia&parent=1930"}],"wp:term":[{"taxonomy":"category","embeddable":true,"href":"https:\/\/construcaocivil.siriusmarketingedesign.com.br\/index.php?rest_route=%2Fwp%2Fv2%2Fcategories&post=1930"},{"taxonomy":"post_tag","embeddable":true,"href":"https:\/\/construcaocivil.siriusmarketingedesign.com.br\/index.php?rest_route=%2Fwp%2Fv2%2Ftags&post=1930"}],"curies":[{"name":"wp","href":"https:\/\/api.w.org\/{rel}","templated":true}]}}