{"id":19344,"date":"2022-05-20T01:24:06","date_gmt":"2022-05-20T04:24:06","guid":{"rendered":"https:\/\/www.jornaldaconstrucaocivil.com.br\/?p=19344"},"modified":"2022-05-20T01:24:06","modified_gmt":"2022-05-20T04:24:06","slug":"seconci-sp-alerta-para-riscos-do-aumento-dos-casos-de-covid","status":"publish","type":"post","link":"https:\/\/construcaocivil.siriusmarketingedesign.com.br\/?p=19344","title":{"rendered":"Seconci-SP alerta para riscos do aumento dos casos de Covid"},"content":{"rendered":"<p style=\"text-align: justify;\"><b>S\u00e3o Paulo, 18 de maio de 2022<\/b>\u00a0\u2013\u00a0Diante do aumento dos casos de contamina\u00e7\u00e3o por Covid, o\u00a0<span style=\"color: #0000ff;\"><span class=\"v1MsoHyperlink\"><a style=\"color: #0000ff;\" href=\"https:\/\/www.seconci-sp.org.br\/\" target=\"_blank\" rel=\"noopener noreferrer\">Seconci-SP<\/a><\/span>\u00a0<\/span>(Servi\u00e7o Social da Constru\u00e7\u00e3o) alerta para a necessidade de manuten\u00e7\u00e3o das medidas de prote\u00e7\u00e3o contra a doen\u00e7a.<\/p>\n<p class=\"v1MsoNormal\" style=\"text-align: justify;\">A chegada das massas de ar frio, caracter\u00edsticas do outono, aumenta a tend\u00eancia das pessoas de permanecerem aglomeradas em locais sem a adequada ventila\u00e7\u00e3o. Naturalmente, isto eleva o risco de contamina\u00e7\u00e3o por Covid, gripe e outras doen\u00e7as.<\/p>\n<p class=\"v1MsoNormal\" style=\"text-align: justify;\">Al\u00e9m disso, \u00e9 certo que o n\u00famero de casos confirmados de Covid \u00e9 maior do que o registrado, pois muitos diagn\u00f3sticos positivos feitos por meio de auto-teste n\u00e3o s\u00e3o informados \u00e0s autoridades p\u00fablicas de sa\u00fade. Portanto, o v\u00edrus est\u00e1 circulando com uma intensidade maior do que mostram as estat\u00edsticas oficiais.<\/p>\n<p class=\"v1MsoNormal\" style=\"text-align: justify;\">H\u00e1 um grande n\u00famero de pessoas que relaxaram as medidas de prote\u00e7\u00e3o, seja por se sentirem protegidas, seja pelo cansa\u00e7o em adot\u00e1-las, ou por simples desinforma\u00e7\u00e3o. A maior circula\u00e7\u00e3o do v\u00edrus se d\u00e1 justamente neste momento de relaxamento, refor\u00e7ando ainda mais a tend\u00eancia de aumento de novos casos da doen\u00e7a.<\/p>\n<p class=\"v1MsoNormal\" style=\"text-align: justify;\">Mesmo que o indiv\u00edduo esteja com a vacina\u00e7\u00e3o completa, ele pode ser infectado. Gra\u00e7as \u00e0 vacina\u00e7\u00e3o, a grande maioria dos pacientes contrai a forma leve da doen\u00e7a. Entretanto, isto n\u00e3o elimina completamente os riscos de sequelas como fadiga, perda de mem\u00f3ria, perda de olfato e paladar, entre outras, afetando a qualidade de vida e a produtividade.<\/p>\n<p class=\"v1MsoNormal\" style=\"text-align: justify;\">Nesta conjuntura, o Seconci-SP recomenda um novo refor\u00e7o das medidas de prote\u00e7\u00e3o, como uso de m\u00e1scaras, higieniza\u00e7\u00e3o das m\u00e3os, distanciamento social e ventila\u00e7\u00e3o adequada, especialmente em locais fechados como resid\u00eancias e escrit\u00f3rios, e nos transportes coletivos.<\/p>\n<p class=\"v1MsoNormal\" style=\"text-align: justify;\">A entidade tamb\u00e9m recomenda que as empresas estimulem a vacina\u00e7\u00e3o da terceira dose por aqueles que ainda n\u00e3o a tomaram. Todas estas medidas s\u00e3o relevantes para frear o aumento da circula\u00e7\u00e3o do v\u00edrus e diminuir a possibilidade de surgimento de novas cepas mais transmiss\u00edveis e agressivas.<\/p>\n<p class=\"v1MsoNormal\" style=\"text-align: justify;\">\n","protected":false},"excerpt":{"rendered":"<p>S\u00e3o Paulo, 18 de maio de 2022\u00a0\u2013\u00a0Diante do aumento dos casos de contamina\u00e7\u00e3o por Covid, o\u00a0Seconci-SP\u00a0(Servi\u00e7o Social da Constru\u00e7\u00e3o) alerta para a necessidade de manuten\u00e7\u00e3o das medidas de prote\u00e7\u00e3o contra a doen\u00e7a. A chegada das massas de ar frio, caracter\u00edsticas do outono, aumenta a tend\u00eancia das pessoas de permanecerem aglomeradas em locais sem a adequada [&hellip;]<\/p>\n","protected":false},"author":1,"featured_media":19345,"comment_status":"open","ping_status":"open","sticky":false,"template":"","format":"standard","meta":{"_uag_custom_page_level_css":"","footnotes":""},"categories":[27],"tags":[23835,10699,10734,23836,23837],"class_list":["post-19344","post","type-post","status-publish","format-standard","has-post-thumbnail","hentry","category-acontece","tag-casos-de-covid-19-na-construcao","tag-saude-e-bem-estar","tag-seconci-sp","tag-uso-de-mascara-na-obra","tag-vacina-para-combater-o-covid-19"],"blocksy_meta":[],"spectra_blocks_featured_image_url":{"thumbnail":{"url":"https:\/\/construcaocivil.siriusmarketingedesign.com.br\/wp-content\/uploads\/2022\/05\/CONFIANCA-CONSTRUCAO-150x150.jpg","width":150,"height":150},"medium":{"url":"https:\/\/construcaocivil.siriusmarketingedesign.com.br\/wp-content\/uploads\/2022\/05\/CONFIANCA-CONSTRUCAO-300x225.jpg","width":300,"height":225},"medium_large":{"url":"https:\/\/construcaocivil.siriusmarketingedesign.com.br\/wp-content\/uploads\/2022\/05\/CONFIANCA-CONSTRUCAO-768x576.jpg","width":768,"height":576},"large":{"url":"https:\/\/construcaocivil.siriusmarketingedesign.com.br\/wp-content\/uploads\/2022\/05\/CONFIANCA-CONSTRUCAO-1024x768.jpg","width":1024,"height":768},"full":{"url":"https:\/\/construcaocivil.siriusmarketingedesign.com.br\/wp-content\/uploads\/2022\/05\/CONFIANCA-CONSTRUCAO.jpg","width":1506,"height":1129}},"spectra_blocks_author_info":{"display_name":"Jornal da Constru\u00e7\u00e3o Civil","avatar_url":"https:\/\/secure.gravatar.com\/avatar\/973c9774fd44ddaceb026973c4962faa70fc512bc4c9da68e8ebb40fecee6540?s=96&d=mm&r=g","author_link":"https:\/\/construcaocivil.siriusmarketingedesign.com.br\/?author=1","description":"Desde de 2013, levando muitas informa\u00e7\u00f5es, lan\u00e7amentos e produtos de qualidade para toda cadeia produtiva da constru\u00e7\u00e3o. O Futuro da constru\u00e7\u00e3o passa por aqui,"},"uagb_featured_image_src":{"full":["https:\/\/construcaocivil.siriusmarketingedesign.com.br\/wp-content\/uploads\/2022\/05\/CONFIANCA-CONSTRUCAO.jpg",1506,1129,false],"thumbnail":["https:\/\/construcaocivil.siriusmarketingedesign.com.br\/wp-content\/uploads\/2022\/05\/CONFIANCA-CONSTRUCAO-150x150.jpg",150,150,true],"medium":["https:\/\/construcaocivil.siriusmarketingedesign.com.br\/wp-content\/uploads\/2022\/05\/CONFIANCA-CONSTRUCAO-300x225.jpg",300,225,true],"medium_large":["https:\/\/construcaocivil.siriusmarketingedesign.com.br\/wp-content\/uploads\/2022\/05\/CONFIANCA-CONSTRUCAO-768x576.jpg",768,576,true],"large":["https:\/\/construcaocivil.siriusmarketingedesign.com.br\/wp-content\/uploads\/2022\/05\/CONFIANCA-CONSTRUCAO-1024x768.jpg",1024,768,true],"1536x1536":["https:\/\/construcaocivil.siriusmarketingedesign.com.br\/wp-content\/uploads\/2022\/05\/CONFIANCA-CONSTRUCAO.jpg",1506,1129,false],"2048x2048":["https:\/\/construcaocivil.siriusmarketingedesign.com.br\/wp-content\/uploads\/2022\/05\/CONFIANCA-CONSTRUCAO.jpg",1506,1129,false]},"uagb_author_info":{"display_name":"Jornal da Constru\u00e7\u00e3o Civil","author_link":"https:\/\/construcaocivil.siriusmarketingedesign.com.br\/?author=1"},"uagb_comment_info":0,"uagb_excerpt":"S\u00e3o Paulo, 18 de maio de 2022\u00a0\u2013\u00a0Diante do aumento dos casos de contamina\u00e7\u00e3o por Covid, o\u00a0Seconci-SP\u00a0(Servi\u00e7o Social da Constru\u00e7\u00e3o) alerta para a necessidade de manuten\u00e7\u00e3o das medidas de prote\u00e7\u00e3o contra a doen\u00e7a. A chegada das massas de ar frio, caracter\u00edsticas do outono, aumenta a tend\u00eancia das pessoas de permanecerem aglomeradas em locais sem a adequada&hellip;","_links":{"self":[{"href":"https:\/\/construcaocivil.siriusmarketingedesign.com.br\/index.php?rest_route=\/wp\/v2\/posts\/19344","targetHints":{"allow":["GET"]}}],"collection":[{"href":"https:\/\/construcaocivil.siriusmarketingedesign.com.br\/index.php?rest_route=\/wp\/v2\/posts"}],"about":[{"href":"https:\/\/construcaocivil.siriusmarketingedesign.com.br\/index.php?rest_route=\/wp\/v2\/types\/post"}],"author":[{"embeddable":true,"href":"https:\/\/construcaocivil.siriusmarketingedesign.com.br\/index.php?rest_route=\/wp\/v2\/users\/1"}],"replies":[{"embeddable":true,"href":"https:\/\/construcaocivil.siriusmarketingedesign.com.br\/index.php?rest_route=%2Fwp%2Fv2%2Fcomments&post=19344"}],"version-history":[{"count":0,"href":"https:\/\/construcaocivil.siriusmarketingedesign.com.br\/index.php?rest_route=\/wp\/v2\/posts\/19344\/revisions"}],"wp:featuredmedia":[{"embeddable":true,"href":"https:\/\/construcaocivil.siriusmarketingedesign.com.br\/index.php?rest_route=\/wp\/v2\/media\/19345"}],"wp:attachment":[{"href":"https:\/\/construcaocivil.siriusmarketingedesign.com.br\/index.php?rest_route=%2Fwp%2Fv2%2Fmedia&parent=19344"}],"wp:term":[{"taxonomy":"category","embeddable":true,"href":"https:\/\/construcaocivil.siriusmarketingedesign.com.br\/index.php?rest_route=%2Fwp%2Fv2%2Fcategories&post=19344"},{"taxonomy":"post_tag","embeddable":true,"href":"https:\/\/construcaocivil.siriusmarketingedesign.com.br\/index.php?rest_route=%2Fwp%2Fv2%2Ftags&post=19344"}],"curies":[{"name":"wp","href":"https:\/\/api.w.org\/{rel}","templated":true}]}}