{"id":19356,"date":"2022-05-21T23:48:14","date_gmt":"2022-05-22T02:48:14","guid":{"rendered":"https:\/\/www.jornaldaconstrucaocivil.com.br\/?p=19356"},"modified":"2022-05-21T23:48:14","modified_gmt":"2022-05-22T02:48:14","slug":"festival-varilux-de-cinema-frances-2022-pierre-niney-emmanuelle-bercot-e-gilles-lellouche-em-thriller-com-denuncia-ambiental","status":"publish","type":"post","link":"https:\/\/construcaocivil.siriusmarketingedesign.com.br\/?p=19356","title":{"rendered":"Festival Varilux de Cinema Franc\u00eas 2022: Pierre Niney, Emmanuelle Bercot e Gilles Lellouche em thriller com den\u00fancia ambiental"},"content":{"rendered":"<p class=\"v1ql-align-justify\">Uma professora de esportes, um advogado ambiental e um lobista veem suas trajet\u00f3rias se entrela\u00e7arem ap\u00f3s um tr\u00e1gico acontecimento. Essa \u00e9 a premissa de &#8220;<strong>Golias<\/strong>&#8220;, novo filme de Fr\u00e9d\u00e9ric Tellier, com distribui\u00e7\u00e3o da Bonfilm, que estreia nos cinemas brasileiros atrav\u00e9s do\u00a0<strong>Festival Varilux de Cinema Franc\u00eas,\u00a0<\/strong>realizado em todo o pa\u00eds entre os dias 21 de junho a 6 de julho.<\/p>\n<p class=\"v1ql-align-justify\">Visto por cerca de 700 mil espectadores na Fran\u00e7a, o longa-metragem tem no elenco nomes j\u00e1 conhecidos do p\u00fablico do festival: o ator\u00a0<strong>Pierre Niney<\/strong>\u00a0\u2013 premiado com C\u00e9sar de melhor ator por &#8220;Yves Saint Laurent&#8221;, e ainda de &#8220;Caixa Preta&#8221;, &#8220;Frantz&#8221;, &#8220;Promessa ao Amanhecer&#8221; e &#8220;Atrav\u00e9s do Fogo&#8221;;\u00a0a atriz e diretora\u00a0<strong>Emmanuelle Bercot<\/strong>, de &#8220;Enquanto Vivo&#8221;, &#8220;Meu Rei&#8221; e &#8220;De Cabe\u00e7a Erguida&#8221; e diretor e ator\u00a0<strong>Gilles Lellouche,\u00a0<\/strong>de &#8220;Rock&#8217;n Roll: Por Tr\u00e1s da Fama&#8221;, &#8220;Um Banho de Vida&#8221;, &#8220;At\u00e9 a Eternidade&#8221; e &#8220;Assim \u00e9 a Vida&#8221;.<\/p>\n<p><strong>Confira o\u00a0<\/strong><a href=\"https:\/\/click.cse360.com.br\/Click\/AddCampaignEmailClick\/8f5d9735-1ba8-4495-a5c7-08da39046457\/https%253a%252f%252fwww.youtube.com%252fwatch%253fv%253dq4Qq0v81-oI\/b885ab3d-e51e-451f-17f9-08d7c5ff26d2\/redacao@jornaldaconstrucaocivil.com.br\/True\" target=\"_blank\" rel=\"noopener noreferrer\"><span style=\"color: #0000ff;\">trailer<\/span>\u00a0<\/a><\/p>\n<p><iframe loading=\"lazy\" title=\"GOLIATH | Official Trailer | STUDIOCANAL International\" width=\"1290\" height=\"726\" src=\"https:\/\/www.youtube.com\/embed\/q4Qq0v81-oI?feature=oembed\" frameborder=\"0\" allow=\"accelerometer; autoplay; clipboard-write; encrypted-media; gyroscope; picture-in-picture; web-share\" referrerpolicy=\"strict-origin-when-cross-origin\" allowfullscreen><\/iframe><\/p>\n<p class=\"v1ql-align-justify\">France, a professora (Bercot), se tornou ativista ambiental ap\u00f3s o marido desenvolver um c\u00e2ncer pela exposi\u00e7\u00e3o a pesticidas. Patrick (Lellouche) \u00e9 um advogado engajado e teimoso, que defende agricultores contra o lobby das empresas qu\u00edmicas. Mathias (Niney) \u00e9 um lobista frio e brilhante, que atua em favor dos interesses de uma grande companhia de agroqu\u00edmicos. O encontro deles se dar\u00e1 por quest\u00f5es ambientais, financeiras e pol\u00edticas que se correlacionam.<\/p>\n<p class=\"v1ql-align-justify\">Apesar de fic\u00e7\u00e3o,\u00a0<strong>Golias<\/strong>\u00a0discute temas atuais como o uso de alimentos geneticamente modificados, a ind\u00fastria de agrot\u00f3xicos e pesticidas, o poder pol\u00edtico e o lobby dos gigantes do agroneg\u00f3cio. A trama \u00e9 inspirada no esc\u00e2ndalo da Monsanto Papers \u2013 que exp\u00f4s o perigo dos agroqu\u00edmicos produzidos pela multinacional Monsanto Company &#8211; e denuncia uma s\u00e9rie de pr\u00e1ticas question\u00e1veis dentro desse universo.<\/p>\n<p class=\"v1ql-align-justify\"><strong>A edi\u00e7\u00e3o<\/strong><\/p>\n<p class=\"v1ql-align-justify\">A 13\u00aa edi\u00e7\u00e3o do\u00a0<strong>Festival Varilux de Cinema Franc\u00eas<\/strong>, exclusivamente nas salas de cinema de todo o Brasil, traz uma programa\u00e7\u00e3o variada com obras integrantes de grandes festivais. Entre os g\u00eaneros est\u00e3o com\u00e9dia, drama, suspense e anima\u00e7\u00e3o.\u00a0Al\u00e9m de filmes in\u00e9ditos e recentes da filmografia francesa, um cl\u00e1ssico ser\u00e1 homenageado e uma produ\u00e7\u00e3o far\u00e1 alus\u00e3o aos 400 anos do nascimento do dramaturgo Moli\u00e8re.<\/p>\n<p class=\"v1ql-align-justify\">A delega\u00e7\u00e3o de atores e diretores franceses estar\u00e1 presente nas cidades de S\u00e3o Paulo e do Rio de Janeiro, onde ser\u00e3o promovidas sess\u00f5es seguidas de debate. Haver\u00e1 ainda\u00a0<strong>exibi\u00e7\u00e3o de s\u00e9ries francesas<\/strong>, uma novidade da edi\u00e7\u00e3o, uma masterclass e um encontro de profissionais sobre o formato nas duas cidades.<\/p>\n<p class=\"v1ql-align-justify\">A atividade paralela, o\u00a0<strong>L<\/strong><strong>aborat\u00f3rio Franco-Brasileiro de Roteiros\u00a0<\/strong>destinado a roteiristas, diretores, profissionais de cinema e TV, em sua quinta edi\u00e7\u00e3o, inscreve at\u00e9 dia 1\u00ba de junho pelo site\u00a0<span style=\"color: #0000ff;\"><a style=\"color: #0000ff;\" href=\"https:\/\/click.cse360.com.br\/Click\/AddCampaignEmailClick\/8f5d9735-1ba8-4495-a5c7-08da39046457\/https%253a%252f%252fvariluxcinefrances.com%252f\/b885ab3d-e51e-451f-17f9-08d7c5ff26d2\/redacao@jornaldaconstrucaocivil.com.br\/True\" target=\"_blank\" rel=\"noopener noreferrer\">https:\/\/variluxcinefrances.com\/<\/a>\u00a0<\/span>Ser\u00e3o selecionados 16 participantes que, reunidos em quatro grupos, trabalhar\u00e3o para\u00a0desenvolver a escrita de roteiros de longa-metragem e de s\u00e9ries de TV.<\/p>\n<p><strong>Facebook \/ Instagram \/ Youtube \/ Giphy \/ Spotify:<\/strong>\u00a0@variluxcinefrances<\/p>\n<p><strong>Use a hashtag:<\/strong>\u00a0#FestivalVarilux<\/p>\n<p><strong>Twitter:\u00a0<\/strong>@variluxcinefr<\/p>\n<p>Fonte: Festival Varilux<\/p>\n","protected":false},"excerpt":{"rendered":"<p>Uma professora de esportes, um advogado ambiental e um lobista veem suas trajet\u00f3rias se entrela\u00e7arem ap\u00f3s um tr\u00e1gico acontecimento. Essa \u00e9 a premissa de &#8220;Golias&#8220;, novo filme de Fr\u00e9d\u00e9ric Tellier, com distribui\u00e7\u00e3o da Bonfilm, que estreia nos cinemas brasileiros atrav\u00e9s do\u00a0Festival Varilux de Cinema Franc\u00eas,\u00a0realizado em todo o pa\u00eds entre os dias 21 de junho [&hellip;]<\/p>\n","protected":false},"author":1,"featured_media":19359,"comment_status":"open","ping_status":"open","sticky":false,"template":"","format":"standard","meta":{"_uag_custom_page_level_css":"","footnotes":""},"categories":[27],"tags":[23847,23843,23845,23842,23844,23846,9945,10375,10668],"class_list":["post-19356","post","type-post","status-publish","format-standard","has-post-thumbnail","hentry","category-acontece","tag-aliancas-francesas","tag-cinema-franca-brasil","tag-denuncia-e-crime-ambiental","tag-festival-varilux-2022","tag-festival-varilux-de-cinema-frances","tag-filme-golias","tag-recife","tag-rio-de-janeiro","tag-sao-paulo"],"blocksy_meta":[],"spectra_blocks_featured_image_url":{"thumbnail":{"url":"https:\/\/construcaocivil.siriusmarketingedesign.com.br\/wp-content\/uploads\/2022\/05\/efde9715-b059-40a1-8e2a-9ed23a516e4e-150x150.jpg","width":150,"height":150},"medium":{"url":"https:\/\/construcaocivil.siriusmarketingedesign.com.br\/wp-content\/uploads\/2022\/05\/efde9715-b059-40a1-8e2a-9ed23a516e4e-300x196.jpg","width":300,"height":196},"medium_large":{"url":"https:\/\/construcaocivil.siriusmarketingedesign.com.br\/wp-content\/uploads\/2022\/05\/efde9715-b059-40a1-8e2a-9ed23a516e4e.jpg","width":729,"height":477},"large":{"url":"https:\/\/construcaocivil.siriusmarketingedesign.com.br\/wp-content\/uploads\/2022\/05\/efde9715-b059-40a1-8e2a-9ed23a516e4e.jpg","width":729,"height":477},"full":{"url":"https:\/\/construcaocivil.siriusmarketingedesign.com.br\/wp-content\/uploads\/2022\/05\/efde9715-b059-40a1-8e2a-9ed23a516e4e.jpg","width":729,"height":477}},"spectra_blocks_author_info":{"display_name":"Jornal da Constru\u00e7\u00e3o Civil","avatar_url":"https:\/\/secure.gravatar.com\/avatar\/973c9774fd44ddaceb026973c4962faa70fc512bc4c9da68e8ebb40fecee6540?s=96&d=mm&r=g","author_link":"https:\/\/construcaocivil.siriusmarketingedesign.com.br\/?author=1","description":"Desde de 2013, levando muitas informa\u00e7\u00f5es, lan\u00e7amentos e produtos de qualidade para toda cadeia produtiva da constru\u00e7\u00e3o. O Futuro da constru\u00e7\u00e3o passa por aqui,"},"uagb_featured_image_src":{"full":["https:\/\/construcaocivil.siriusmarketingedesign.com.br\/wp-content\/uploads\/2022\/05\/efde9715-b059-40a1-8e2a-9ed23a516e4e.jpg",729,477,false],"thumbnail":["https:\/\/construcaocivil.siriusmarketingedesign.com.br\/wp-content\/uploads\/2022\/05\/efde9715-b059-40a1-8e2a-9ed23a516e4e-150x150.jpg",150,150,true],"medium":["https:\/\/construcaocivil.siriusmarketingedesign.com.br\/wp-content\/uploads\/2022\/05\/efde9715-b059-40a1-8e2a-9ed23a516e4e-300x196.jpg",300,196,true],"medium_large":["https:\/\/construcaocivil.siriusmarketingedesign.com.br\/wp-content\/uploads\/2022\/05\/efde9715-b059-40a1-8e2a-9ed23a516e4e.jpg",729,477,false],"large":["https:\/\/construcaocivil.siriusmarketingedesign.com.br\/wp-content\/uploads\/2022\/05\/efde9715-b059-40a1-8e2a-9ed23a516e4e.jpg",729,477,false],"1536x1536":["https:\/\/construcaocivil.siriusmarketingedesign.com.br\/wp-content\/uploads\/2022\/05\/efde9715-b059-40a1-8e2a-9ed23a516e4e.jpg",729,477,false],"2048x2048":["https:\/\/construcaocivil.siriusmarketingedesign.com.br\/wp-content\/uploads\/2022\/05\/efde9715-b059-40a1-8e2a-9ed23a516e4e.jpg",729,477,false]},"uagb_author_info":{"display_name":"Jornal da Constru\u00e7\u00e3o Civil","author_link":"https:\/\/construcaocivil.siriusmarketingedesign.com.br\/?author=1"},"uagb_comment_info":0,"uagb_excerpt":"Uma professora de esportes, um advogado ambiental e um lobista veem suas trajet\u00f3rias se entrela\u00e7arem ap\u00f3s um tr\u00e1gico acontecimento. Essa \u00e9 a premissa de &#8220;Golias&#8220;, novo filme de Fr\u00e9d\u00e9ric Tellier, com distribui\u00e7\u00e3o da Bonfilm, que estreia nos cinemas brasileiros atrav\u00e9s do\u00a0Festival Varilux de Cinema Franc\u00eas,\u00a0realizado em todo o pa\u00eds entre os dias 21 de junho&hellip;","_links":{"self":[{"href":"https:\/\/construcaocivil.siriusmarketingedesign.com.br\/index.php?rest_route=\/wp\/v2\/posts\/19356","targetHints":{"allow":["GET"]}}],"collection":[{"href":"https:\/\/construcaocivil.siriusmarketingedesign.com.br\/index.php?rest_route=\/wp\/v2\/posts"}],"about":[{"href":"https:\/\/construcaocivil.siriusmarketingedesign.com.br\/index.php?rest_route=\/wp\/v2\/types\/post"}],"author":[{"embeddable":true,"href":"https:\/\/construcaocivil.siriusmarketingedesign.com.br\/index.php?rest_route=\/wp\/v2\/users\/1"}],"replies":[{"embeddable":true,"href":"https:\/\/construcaocivil.siriusmarketingedesign.com.br\/index.php?rest_route=%2Fwp%2Fv2%2Fcomments&post=19356"}],"version-history":[{"count":0,"href":"https:\/\/construcaocivil.siriusmarketingedesign.com.br\/index.php?rest_route=\/wp\/v2\/posts\/19356\/revisions"}],"wp:featuredmedia":[{"embeddable":true,"href":"https:\/\/construcaocivil.siriusmarketingedesign.com.br\/index.php?rest_route=\/wp\/v2\/media\/19359"}],"wp:attachment":[{"href":"https:\/\/construcaocivil.siriusmarketingedesign.com.br\/index.php?rest_route=%2Fwp%2Fv2%2Fmedia&parent=19356"}],"wp:term":[{"taxonomy":"category","embeddable":true,"href":"https:\/\/construcaocivil.siriusmarketingedesign.com.br\/index.php?rest_route=%2Fwp%2Fv2%2Fcategories&post=19356"},{"taxonomy":"post_tag","embeddable":true,"href":"https:\/\/construcaocivil.siriusmarketingedesign.com.br\/index.php?rest_route=%2Fwp%2Fv2%2Ftags&post=19356"}],"curies":[{"name":"wp","href":"https:\/\/api.w.org\/{rel}","templated":true}]}}