{"id":19378,"date":"2022-05-30T21:21:57","date_gmt":"2022-05-31T00:21:57","guid":{"rendered":"https:\/\/www.jornaldaconstrucaocivil.com.br\/?p=19378"},"modified":"2022-05-30T23:32:00","modified_gmt":"2022-05-31T02:32:00","slug":"casa-de-ferreiro-espeto-de-pau-segurar-e-melhor-do-que-remediar","status":"publish","type":"post","link":"https:\/\/construcaocivil.siriusmarketingedesign.com.br\/?p=19378","title":{"rendered":"Casa de ferreiro, espeto de pau: segurar, \u00e9 melhor do que remediar."},"content":{"rendered":"<p><em>Por Severian Rocha<\/em><\/p>\n<p style=\"text-align: justify;\"><span style=\"color: #993300;\">Maio<\/span>, 2022 &#8211; Nos dois \u00faltimos anos a constru\u00e7\u00e3o civil (isoladamente) foi o grande destaque da economia nacional chamando aten\u00e7\u00e3o pelo seu bom desempenho econ\u00f4mico nos seus diferentes tipos de atividades produtivas.\u00a0 Desde da ind\u00fastria fabricante de insumos para constru\u00e7\u00e3o, passando pelos empreendimentos imobili\u00e1rios, vendas de m\u00e1quinas, softwares de tecnologias, seguro para obras, material de constru\u00e7\u00e3o e o principal, o emprego. Tudo isso num cen\u00e1rio altamente adverso, desafiador e diferente no mundo, causado especialmente pela epidemia da COVID-19.\u00a0 S\u00f3 no Brasil, mais de 600 mil pessoas perderam suas vidas.<\/p>\n<p style=\"text-align: justify;\"><img decoding=\"async\" class=\"aligncenter\" src=\"https:\/\/files.clicksergipe.com.br\/thumbs.php?arquivo=1\/conteudos\/2022\/05\/75353\/248e507c8bcc494b91e7c410645451fe.png&amp;altura=600&amp;largura=800\" \/><\/p>\n<p style=\"text-align: justify;\">E falando em seguran\u00e7a e sa\u00fade das pessoas, no setor da constru\u00e7\u00e3o civil mesmo com um grande esfor\u00e7o das institui\u00e7\u00f5es p\u00fablicas, sindicatos, associa\u00e7\u00f5es patronais e empresas privadas em profissionalizar e qualificar seus profissionais nas \u00faltimas d\u00e9cadas, dados recentes do IBGE \u2013 PNAD, mostram que o desafio ainda \u00e9 enorme, s\u00e3o 2,2 milh\u00f5es de trabalhadores informais, de um total de 5,8 milh\u00f5es de trabalhadores atuando na atividade. E olha que j\u00e1 foi pior. Em 2008, o setor tinha 80% dos trabalhadores na informalidade mesmo com o PIB deste mesmo ano (2008) bater 10%, segundo estudo do DIEESE.<\/p>\n<p style=\"text-align: justify;\">Para ilustrar este cen\u00e1rio, sobre seguran\u00e7a e sa\u00fade, o Jornal da Constru\u00e7\u00e3o Civil visitou algumas obras em andamento executadas por pequenos empreiteiros na regi\u00e3o do Centro do Rio.<\/p>\n<figure id=\"attachment_19401\" aria-describedby=\"caption-attachment-19401\" style=\"width: 300px\" class=\"wp-caption alignleft\"><img loading=\"lazy\" decoding=\"async\" class=\"wp-image-19401 size-medium\" src=\"https:\/\/www.jornaldaconstrucaocivil.com.br\/wp-content\/uploads\/2022\/05\/JOAO-PAULO-300x187.png\" alt=\"Trabalho Informal na Constru\u00e7\u00e3o \" width=\"300\" height=\"187\" srcset=\"https:\/\/construcaocivil.siriusmarketingedesign.com.br\/wp-content\/uploads\/2022\/05\/JOAO-PAULO-300x187.png 300w, https:\/\/construcaocivil.siriusmarketingedesign.com.br\/wp-content\/uploads\/2022\/05\/JOAO-PAULO.png 708w\" sizes=\"auto, (max-width: 300px) 100vw, 300px\" \/><figcaption id=\"caption-attachment-19401\" class=\"wp-caption-text\">Jo\u00e3o Paulo<\/figcaption><\/figure>\n<p style=\"text-align: justify;\">Conversamos com o Jo\u00e3o Paulo, que atua h\u00e1 mais de 20 anos com reformas de resid\u00eancias e lojas comerciais aproveita a grande demanda por servi\u00e7os de engenharia para tocar mais uma obra:<\/p>\n<p style=\"text-align: justify;\"><em><strong>\u00a0 &#8220;Como eu trabalho por conta pr\u00f3pria, n\u00f3s mesmos nos protegemos. Fa\u00e7o umas prote\u00e7\u00f5es com garantia para a gente n\u00e3o se machucar e gra\u00e7as a deus nunca tive acidente. Porque quem vai tomar preju\u00edzo vai ser eu, porque amanh\u00e3 e depois n\u00e3o tem como correr atr\u00e1s. A gente paga \u00a8INPS\u00a8( explica\u00e7\u00e3o de INPS) \u00a0(INSS), mas se for depender do \u00a8INPS\u00a8, n\u00f3s estamos mortos&#8221;, disse o empreiteiro Jo\u00e3o Paulo.\u00a0 \u00a0<\/strong>Ainda perguntado sobre se seus funcion\u00e1rios tomam cuidados durante o hor\u00e1rio de trabalho: <\/em><strong><em>&#8221; N\u00e3o pode machucar. Tem que ficar alerta,&#8221; <\/em><\/strong><em>finaliza Jo\u00e3o.<\/em><\/p>\n<figure id=\"attachment_19402\" aria-describedby=\"caption-attachment-19402\" style=\"width: 300px\" class=\"wp-caption alignright\"><img loading=\"lazy\" decoding=\"async\" class=\"size-medium wp-image-19402\" src=\"https:\/\/www.jornaldaconstrucaocivil.com.br\/wp-content\/uploads\/2022\/05\/DAVID-FURLAN-300x178.png\" alt=\"\" width=\"300\" height=\"178\" srcset=\"https:\/\/construcaocivil.siriusmarketingedesign.com.br\/wp-content\/uploads\/2022\/05\/DAVID-FURLAN-300x178.png 300w, https:\/\/construcaocivil.siriusmarketingedesign.com.br\/wp-content\/uploads\/2022\/05\/DAVID-FURLAN.png 719w\" sizes=\"auto, (max-width: 300px) 100vw, 300px\" \/><figcaption id=\"caption-attachment-19402\" class=\"wp-caption-text\">David Furlan<\/figcaption><\/figure>\n<p style=\"text-align: justify;\">Outro profissional entrevistado pelo nosso site Jornal da Constru\u00e7\u00e3o Civil foi David Furlan, oriundo do interior de S\u00e3o Paulo. O empreiteiro executa obras por diversos estados brasileiros. No que diz respeito ao fator seguran\u00e7a e sa\u00fade na sua empresa, comenta:\u00a0 &#8220;<em><strong>Aqui, todos mundo usa EPI, ainda mais numa obra dessa de grande porte. n\u00e3o pode sair fora. Todo mundo usa EPI. Somos fiscalizados todos os dias,&#8221;<\/strong><\/em> afirmou David. Mesmo com esses depoimentos, nossa equipe n\u00e3o visualizou nenhum profissional devidamente seguindo \u00e0s normas de seguran\u00e7a e sa\u00fade NR 18 e NR 24.<\/p>\n<p style=\"text-align: justify;\">Na corrida para diminuir essa inseguran\u00e7a da informalidade na constru\u00e7\u00e3o civil que reflete diretamente na seguran\u00e7a e sa\u00fade dos milh\u00f5es de profissionais envolvidos nas atividades do setor, entrevistamos a presidente do Seconci-SP e vice-presidente de Responsabilidade Social do SindusCon-SP, Maristela Honda,<\/p>\n<p style=\"text-align: justify;\"><span style=\"color: #0000ff;\"><strong>Jornal da Constru\u00e7\u00e3o Civil &#8211; <span style=\"color: #000000;\">No ano de 2008, o PIB da constru\u00e7\u00e3o civil brasileiro havia atingindo 10% (IBGE). Era um momento positivo no Brasil. Ainda assim, naquele mesmo ano, o DIEESE tinha divulgado um estudo, assim como, a revista EXAME que reproduziu mesmo estudo mostravam que a constru\u00e7\u00e3o civil possu\u00eda 80% de trabalhadores na informalidade.<\/span><\/strong><\/span><\/p>\n<p style=\"text-align: justify;\"><strong>Hoje, (2022) mais de uma d\u00e9cada, ap\u00f3s esses estudos serem publicados pela institui\u00e7\u00e3o, o IBGE e a CBIC divulgaram dados informativos onde constam que o setor, reduziu para metade os n\u00fameros de trabalhadores na informalidade na constru\u00e7\u00e3o. Dos 4,2 milh\u00f5es de profissionais, 2 milh\u00f5es ainda est\u00e3o na informalidade. <\/strong><\/p>\n<p style=\"text-align: justify;\"><strong>Como o Seconci-SP analisa este quadro de avan\u00e7o&#8230; Por um lado, reduzindo os trabalhadores informais na constru\u00e7\u00e3o? Cursos de qualifica\u00e7\u00e3o profissional, servi\u00e7os de sa\u00fade e cidadania s\u00e3o o caminho para melhorar o ambiente de trabalho?<\/strong><strong><br \/>\n<\/strong><\/p>\n<figure id=\"attachment_19404\" aria-describedby=\"caption-attachment-19404\" style=\"width: 300px\" class=\"wp-caption alignleft\"><img loading=\"lazy\" decoding=\"async\" class=\"size-medium wp-image-19404\" src=\"https:\/\/www.jornaldaconstrucaocivil.com.br\/wp-content\/uploads\/2022\/05\/SECONCI-SP-300x169.jpg\" alt=\"\" width=\"300\" height=\"169\" srcset=\"https:\/\/construcaocivil.siriusmarketingedesign.com.br\/wp-content\/uploads\/2022\/05\/SECONCI-SP-300x169.jpg 300w, https:\/\/construcaocivil.siriusmarketingedesign.com.br\/wp-content\/uploads\/2022\/05\/SECONCI-SP-1024x576.jpg 1024w, https:\/\/construcaocivil.siriusmarketingedesign.com.br\/wp-content\/uploads\/2022\/05\/SECONCI-SP-768x432.jpg 768w, https:\/\/construcaocivil.siriusmarketingedesign.com.br\/wp-content\/uploads\/2022\/05\/SECONCI-SP.jpg 1280w\" sizes=\"auto, (max-width: 300px) 100vw, 300px\" \/><figcaption id=\"caption-attachment-19404\" class=\"wp-caption-text\">Maristela Honda<\/figcaption><\/figure>\n<p style=\"text-align: justify;\"><strong><span style=\"color: #ff6600;\">Maristela Honda<\/span><\/strong>.: A informalidade deriva de uma s\u00e9rie de fatores. Para as empresas, ainda existe o elevado custo dos encargos trabalhistas. De outro lado, muitos profissionais optam por trabalhar de forma aut\u00f4noma e informal, principalmente no segmento das reformas.<\/p>\n<p style=\"text-align: justify;\"><strong><span style=\"color: #0000ff;\">Jornal da Constru\u00e7\u00e3o Civil<\/span> &#8211; O Minist\u00e9rio da Sa\u00fade (2012\/2021) nos seus dados de atividades profissionais que mais causam acidentes e afastamento no mercado de trabalho, a constru\u00e7\u00e3o civil ocupa a 5\u00aa posi\u00e7\u00e3o. \u00c9 surpresa para o Seconci-SP, j\u00e1 que a profiss\u00e3o \u00e9 complexa e requer muita aten\u00e7\u00e3o.<\/strong><\/p>\n<p style=\"text-align: justify;\"><strong><span style=\"color: #ff6600;\">Maristela Honda<\/span><\/strong> .: N\u00e3o \u00e9 surpresa. Primeiro, a maioria destes acidentes ocorre no segmento informal da constru\u00e7\u00e3o, que muitas vezes trabalha sem os devidos cuidados e equipamentos de prote\u00e7\u00e3o individual e coletiva. No segmento formal, a incid\u00eancia de acidentes do trabalho tem diminu\u00eddo consideravelmente.<\/p>\n<p style=\"text-align: justify;\">Isto ocorreu gra\u00e7as ao esfor\u00e7o tripartite conjunto das entidades laborais, construtoras e governo federal para conscientizar e treinar os trabalhadores a prevenir os acidentes.<\/p>\n<p style=\"text-align: justify;\">Este esfor\u00e7o resultou na revis\u00e3o das Normas Regulamentadoras de Sa\u00fade e Seguran\u00e7a do Trabalho, da qual o Seconci-SP participou ativamente, especialmente da nova reda\u00e7\u00e3o da NR 18 \u2013 Sa\u00fade e Seguran\u00e7a do Trabalho na Ind\u00fastria da Constru\u00e7\u00e3o.<\/p>\n<p style=\"text-align: justify;\"><strong><span style=\"color: #0000ff;\">Jornal da Constru\u00e7\u00e3o Civil<\/span> &#8211; Qual a dica para o profissional da constru\u00e7\u00e3o informal que n\u00e3o segue as regras de seguran\u00e7a no ambiente de trabalho?<\/strong><\/p>\n<p style=\"text-align: justify;\"><strong><br \/>\n<span style=\"color: #ff6600;\">Maristela Honda<\/span><\/strong> .: \u00c9 muito importante que ele busque informa\u00e7\u00e3o e treinamento para exercer sua atividade eliminando os perigos. Se ele trabalha para uma subempreiteira, deve exigir o fornecimento de Equipamentos de Prote\u00e7\u00e3o Individual e a observ\u00e2ncia do disp\u00f5em as NRs como a 18 e a 35 \u2013 s\u00e3o para trabalhos em altura. Todas as normas podem ser baixadas gratuitamente na internet. J\u00e1 a construtora ou a empreiteira, que deseje estar plenamente regularizada na observ\u00e2ncia desta legisla\u00e7\u00e3o, pode entrar em contato com o Seconci de seu Estado, que obter\u00e1 toda a orienta\u00e7\u00e3o e capacita\u00e7\u00e3o necess\u00e1ria.<\/p>\n<p><iframe loading=\"lazy\" title=\"Sa\u00fade e Seguran\u00e7a na Constru\u00e7\u00e3o: obras resid\u00eancias e comerciais\" width=\"1290\" height=\"726\" src=\"https:\/\/www.youtube.com\/embed\/cJTeVCCT2c0?feature=oembed\" frameborder=\"0\" allow=\"accelerometer; autoplay; clipboard-write; encrypted-media; gyroscope; picture-in-picture; web-share\" referrerpolicy=\"strict-origin-when-cross-origin\" allowfullscreen><\/iframe><\/p>\n<p style=\"text-align: justify;\"><strong>Fontes:<\/strong><\/p>\n<p style=\"text-align: justify;\">Instituto Brasileiro de Geografia e Estat\u00edstica (IBGE)<\/p>\n<p style=\"text-align: justify;\">C\u00e2mara Brasileira da Ind\u00fastria da Constru\u00e7\u00e3o (CBIC)\/Comiss\u00e3o de Pol\u00edtica de Rela\u00e7\u00f5es Trabalhistas (CPRT);<\/p>\n<p style=\"text-align: justify;\">https:\/\/www.ibge.gov.br\/novo-portal-destaques\/26985-pnad-continua-mudanca-na-estrutura-de-pastas-e-arquivos-dos-microdados.html<\/p>\n<p style=\"text-align: justify;\">https:\/\/exame.com\/economia\/construcao-civil-tem-80-de-trabalhadores-informais-m0060888\/<\/p>\n<p style=\"text-align: justify;\">\n<blockquote class=\"wp-embedded-content\" data-secret=\"FUifIPukMb\"><p><a href=\"https:\/\/cbic.org.br\/cbic-apresenta-dados-ineditos-e-indicadores-de-informalidade-no-setor-da-construcao-civil\/\">Em live da CBIC, IBGE apresenta dados in\u00e9ditos e indicadores de informalidade na constru\u00e7\u00e3o<\/a><\/p><\/blockquote>\n<p><iframe loading=\"lazy\" class=\"wp-embedded-content\" sandbox=\"allow-scripts\" security=\"restricted\" style=\"position: absolute; visibility: hidden;\" title=\"\u201cEm live da CBIC, IBGE apresenta dados in\u00e9ditos e indicadores de informalidade na constru\u00e7\u00e3o\u201d \u2014 CBIC \u2013 C\u00e2mara Brasileira da Industria da Constru\u00e7\u00e3o\" src=\"https:\/\/cbic.org.br\/cbic-apresenta-dados-ineditos-e-indicadores-de-informalidade-no-setor-da-construcao-civil\/embed\/#?secret=O2wyhAsVzf#?secret=FUifIPukMb\" data-secret=\"FUifIPukMb\" width=\"600\" height=\"338\" frameborder=\"0\" marginwidth=\"0\" marginheight=\"0\" scrolling=\"no\"><\/iframe><\/p>\n<p>https:\/\/cbic.org.br\/wp-content\/uploads\/2022\/05\/apresentacao-pnadc-informalidade-cbic-11052022.pdf<\/p>\n<p style=\"text-align: justify;\">https:\/\/www.gov.br\/trabalho-e-previdencia\/pt-br\/assuntos\/previdencia-social\/saude-e-seguranca-do-trabalhador\/dados-de-acidentes-do-trabalho<\/p>\n<p style=\"text-align: justify;\">https:\/\/www.bradescoseguros.com.br\/clientes\/noticias\/noticia\/seguro-de-vida-para-trabalhador-autonomo<\/p>\n<p style=\"text-align: justify;\">NR-18 &#8211; https:\/\/agilean.com.br\/nr-18-atualizada-quais-sao-as-principais-mudancas-no-canteiro-de-obra\/<\/p>\n<p style=\"text-align: justify;\">NR &#8211; 24 &#8211; https:\/\/blog-pt.checklistfacil.com\/nr-24\/<\/p>\n<p style=\"text-align: justify;\">INSS &#8211;\u00a0https:\/\/meu.inss.gov.br<\/p>\n<p style=\"text-align: justify;\">Minist\u00e9rio da Sa\u00fade: https:\/\/www.gov.br\/saude\/pt-br<\/p>\n","protected":false},"excerpt":{"rendered":"<p>Por Severian Rocha Maio, 2022 &#8211; Nos dois \u00faltimos anos a constru\u00e7\u00e3o civil (isoladamente) foi o grande destaque da economia nacional chamando aten\u00e7\u00e3o pelo seu bom desempenho econ\u00f4mico nos seus diferentes tipos de atividades produtivas.\u00a0 Desde da ind\u00fastria fabricante de insumos para constru\u00e7\u00e3o, passando pelos empreendimentos imobili\u00e1rios, vendas de m\u00e1quinas, softwares de tecnologias, seguro para [&hellip;]<\/p>\n","protected":false},"author":1,"featured_media":19400,"comment_status":"open","ping_status":"open","sticky":false,"template":"","format":"standard","meta":{"_uag_custom_page_level_css":"","footnotes":""},"categories":[33],"tags":[23881,10702,10734,23880,23883,11168,23882],"class_list":["post-19378","post","type-post","status-publish","format-standard","has-post-thumbnail","hentry","category-mercado","tag-precariedade-na-construcao-civil","tag-saude-e-seguranca","tag-seconci-sp","tag-seguro-de-vida","tag-seguro-garantia-para-obras","tag-sinduscon-sp","tag-trabalho-informal"],"blocksy_meta":[],"spectra_blocks_featured_image_url":{"thumbnail":{"url":"https:\/\/construcaocivil.siriusmarketingedesign.com.br\/wp-content\/uploads\/2022\/05\/INFORMALIDADE-NA-CONSTRUCAO-150x150.jpg","width":150,"height":150},"medium":{"url":"https:\/\/construcaocivil.siriusmarketingedesign.com.br\/wp-content\/uploads\/2022\/05\/INFORMALIDADE-NA-CONSTRUCAO-300x273.jpg","width":300,"height":273},"medium_large":{"url":"https:\/\/construcaocivil.siriusmarketingedesign.com.br\/wp-content\/uploads\/2022\/05\/INFORMALIDADE-NA-CONSTRUCAO-768x698.jpg","width":768,"height":698},"large":{"url":"https:\/\/construcaocivil.siriusmarketingedesign.com.br\/wp-content\/uploads\/2022\/05\/INFORMALIDADE-NA-CONSTRUCAO.jpg","width":878,"height":798},"full":{"url":"https:\/\/construcaocivil.siriusmarketingedesign.com.br\/wp-content\/uploads\/2022\/05\/INFORMALIDADE-NA-CONSTRUCAO.jpg","width":878,"height":798}},"spectra_blocks_author_info":{"display_name":"Jornal da Constru\u00e7\u00e3o Civil","avatar_url":"https:\/\/secure.gravatar.com\/avatar\/973c9774fd44ddaceb026973c4962faa70fc512bc4c9da68e8ebb40fecee6540?s=96&d=mm&r=g","author_link":"https:\/\/construcaocivil.siriusmarketingedesign.com.br\/?author=1","description":"Desde de 2013, levando muitas informa\u00e7\u00f5es, lan\u00e7amentos e produtos de qualidade para toda cadeia produtiva da constru\u00e7\u00e3o. O Futuro da constru\u00e7\u00e3o passa por aqui,"},"uagb_featured_image_src":{"full":["https:\/\/construcaocivil.siriusmarketingedesign.com.br\/wp-content\/uploads\/2022\/05\/INFORMALIDADE-NA-CONSTRUCAO.jpg",878,798,false],"thumbnail":["https:\/\/construcaocivil.siriusmarketingedesign.com.br\/wp-content\/uploads\/2022\/05\/INFORMALIDADE-NA-CONSTRUCAO-150x150.jpg",150,150,true],"medium":["https:\/\/construcaocivil.siriusmarketingedesign.com.br\/wp-content\/uploads\/2022\/05\/INFORMALIDADE-NA-CONSTRUCAO-300x273.jpg",300,273,true],"medium_large":["https:\/\/construcaocivil.siriusmarketingedesign.com.br\/wp-content\/uploads\/2022\/05\/INFORMALIDADE-NA-CONSTRUCAO-768x698.jpg",768,698,true],"large":["https:\/\/construcaocivil.siriusmarketingedesign.com.br\/wp-content\/uploads\/2022\/05\/INFORMALIDADE-NA-CONSTRUCAO.jpg",878,798,false],"1536x1536":["https:\/\/construcaocivil.siriusmarketingedesign.com.br\/wp-content\/uploads\/2022\/05\/INFORMALIDADE-NA-CONSTRUCAO.jpg",878,798,false],"2048x2048":["https:\/\/construcaocivil.siriusmarketingedesign.com.br\/wp-content\/uploads\/2022\/05\/INFORMALIDADE-NA-CONSTRUCAO.jpg",878,798,false]},"uagb_author_info":{"display_name":"Jornal da Constru\u00e7\u00e3o Civil","author_link":"https:\/\/construcaocivil.siriusmarketingedesign.com.br\/?author=1"},"uagb_comment_info":0,"uagb_excerpt":"Por Severian Rocha Maio, 2022 &#8211; Nos dois \u00faltimos anos a constru\u00e7\u00e3o civil (isoladamente) foi o grande destaque da economia nacional chamando aten\u00e7\u00e3o pelo seu bom desempenho econ\u00f4mico nos seus diferentes tipos de atividades produtivas.\u00a0 Desde da ind\u00fastria fabricante de insumos para constru\u00e7\u00e3o, passando pelos empreendimentos imobili\u00e1rios, vendas de m\u00e1quinas, softwares de tecnologias, seguro para&hellip;","_links":{"self":[{"href":"https:\/\/construcaocivil.siriusmarketingedesign.com.br\/index.php?rest_route=\/wp\/v2\/posts\/19378","targetHints":{"allow":["GET"]}}],"collection":[{"href":"https:\/\/construcaocivil.siriusmarketingedesign.com.br\/index.php?rest_route=\/wp\/v2\/posts"}],"about":[{"href":"https:\/\/construcaocivil.siriusmarketingedesign.com.br\/index.php?rest_route=\/wp\/v2\/types\/post"}],"author":[{"embeddable":true,"href":"https:\/\/construcaocivil.siriusmarketingedesign.com.br\/index.php?rest_route=\/wp\/v2\/users\/1"}],"replies":[{"embeddable":true,"href":"https:\/\/construcaocivil.siriusmarketingedesign.com.br\/index.php?rest_route=%2Fwp%2Fv2%2Fcomments&post=19378"}],"version-history":[{"count":0,"href":"https:\/\/construcaocivil.siriusmarketingedesign.com.br\/index.php?rest_route=\/wp\/v2\/posts\/19378\/revisions"}],"wp:featuredmedia":[{"embeddable":true,"href":"https:\/\/construcaocivil.siriusmarketingedesign.com.br\/index.php?rest_route=\/wp\/v2\/media\/19400"}],"wp:attachment":[{"href":"https:\/\/construcaocivil.siriusmarketingedesign.com.br\/index.php?rest_route=%2Fwp%2Fv2%2Fmedia&parent=19378"}],"wp:term":[{"taxonomy":"category","embeddable":true,"href":"https:\/\/construcaocivil.siriusmarketingedesign.com.br\/index.php?rest_route=%2Fwp%2Fv2%2Fcategories&post=19378"},{"taxonomy":"post_tag","embeddable":true,"href":"https:\/\/construcaocivil.siriusmarketingedesign.com.br\/index.php?rest_route=%2Fwp%2Fv2%2Ftags&post=19378"}],"curies":[{"name":"wp","href":"https:\/\/api.w.org\/{rel}","templated":true}]}}