{"id":1944,"date":"2016-05-31T19:40:22","date_gmt":"2016-05-31T19:40:22","guid":{"rendered":"http:\/\/www.jornaldaconstrucaocivil.com.br\/?p=1944"},"modified":"2016-05-31T19:40:22","modified_gmt":"2016-05-31T19:40:22","slug":"fundo-brasil-vai-doar-r-560-mil-para-projetos-que-enfrentam-a-violencia-contra-a-juventude","status":"publish","type":"post","link":"https:\/\/construcaocivil.siriusmarketingedesign.com.br\/?p=1944","title":{"rendered":"Fundo Brasil vai doar R$ 560 mil para projetos que enfrentam a viol\u00eancia contra a juventude"},"content":{"rendered":"<p><strong><span style=\"color: #000000;\">Quinze propostas foram selecionadas por meio do edital <span style=\"color: #800080;\">\u201cJuntos\/as contra a viol\u00eancia que mata a juventude brasileira\u201d<\/span><\/span><\/strong><\/p>\n<p><span style=\"color: #000000;\">Em um momento hist\u00f3rico em que os jovens assumem o protagonismo em v\u00e1rias lutas dos movimentos sociais, o Fundo Brasil de Direitos Humanos vai doar R$ 560 mil a 15 projetos que tenham como foco a juventude no enfrentamento \u00e0 viol\u00eancia, principalmente a juventude negra. Cada organiza\u00e7\u00e3o selecionada receber\u00e1 uma doa\u00e7\u00e3o de at\u00e9 R$ 40 mil para o per\u00edodo m\u00e1ximo de um ano. Os projetos foram selecionados por meio do edital \u201cJuntos\/as contra a viol\u00eancia que mata a juventude brasileira\u201d.<\/span><\/p>\n<p><span style=\"color: #000000;\">\u00a0<\/span><span style=\"color: #000000;\">Ser\u00e3o apoiados projetos de dez estados brasileiros. A diversidade regional foi um dos crit\u00e9rios adotados na sele\u00e7\u00e3o. Os projetos chegaram de todas as regi\u00f5es do pa\u00eds e passaram por um amplo e rigoroso processo, que incluiu comit\u00ea formado por especialistas sem qualquer la\u00e7o com a funda\u00e7\u00e3o.<\/span><\/p>\n<p><span style=\"color: #000000;\"><span style=\"color: #0000ff;\">\u00a0<strong><em><a style=\"color: #0000ff;\" href=\"http:\/\/www.fundodireitoshumanos.org.br\/v2\/pt\/page\/view\/resultado-do-edital-juntosa-contra-a-violencia-que-mata-a-juventude-brasileira\" target=\"_blank\">Veja a lista completa<\/a>\u00a0<\/em><\/strong><\/span>\u00a0dos Projetos selecionados.<\/span><\/p>\n<p><span style=\"color: #000000;\">\u00a0O comit\u00ea de sele\u00e7\u00e3o foi formado pela advogada Vald\u00eania Paulino, do Centro de Defesa dos Direitos Humanos de Sapopemba, em S\u00e3o Paulo; o jornalista Itamar Silva, do Ibase (Instituto Brasileiro de An\u00e1lises Sociais e Econ\u00f4micas), no Rio de Janeiro; e o economista Jos\u00e9 Carlos Zanetti, da Cese, na Bahia. <\/span><\/p>\n<p><span style=\"color: #000000;\">\u00a0Tamb\u00e9m foram crit\u00e9rios considerados importantes para a sele\u00e7\u00e3o a adequa\u00e7\u00e3o ao foco do edital; o impacto social; o potencial efeito multiplicador; a criatividade; o car\u00e1ter inovador; a consist\u00eancia da proposta; a conex\u00e3o com redes, f\u00f3runs, articula\u00e7\u00f5es locais, regionais ou nacionais; a exist\u00eancia de v\u00ednculos com as comunidades e a capacidade para desenvolver o projeto, entre outros. <\/span><\/p>\n<p><span style=\"color: #000000;\">\u00a0Duas organiza\u00e7\u00f5es da Bahia ter\u00e3o projetos apoiados por meio do edital. Uma delas \u00e9 a Revista Afirmativa, com o projeto <span style=\"color: #800080;\">\u201cA juventude comunica pelo direito \u00e0 vida!\u201d<\/span>. A outra organiza\u00e7\u00e3o baiana \u00e9 o Odara Instituto da Mulher Negra, com o projeto \u201cMinha m\u00e3e n\u00e3o dorme enquanto eu n\u00e3o chegar\u201d.\u00a0 <\/span><\/p>\n<p><span style=\"color: #000000;\">\u00a0O Cear\u00e1 tamb\u00e9m ter\u00e1 dois projetos apoiados pelo Fundo Brasil. Um deles, apresentado pela Comiss\u00e3o Nacional de Juventude Ind\u00edgena, \u00e9 o<span style=\"color: #800080;\"> \u201cNa defesa do direito \u00e0 vida e contra a viol\u00eancia sofrida pela juventude ind\u00edgena do Cear\u00e1\u201d<\/span>. O outro, do Comit\u00ea Cearense pela Desmilitariza\u00e7\u00e3o da Pol\u00edcia e da Pol\u00edtica, \u00e9 o<span style=\"color: #800080;\"> \u201cPol\u00edcia para quem?<\/span> <span style=\"color: #800080;\">Desmilitariza\u00e7\u00e3o da seguran\u00e7a p\u00fablica frente ao exterm\u00ednio da juventude pobre e negra\u201d<\/span>. <\/span><\/p>\n<p><span style=\"color: #000000;\">\u00a0Do Mato Grosso do Sul ser\u00e3o apoiados os projetos<span style=\"color: #800080;\"> \u201cO despertar da juventude ind\u00edgena para seus direitos\u201d<\/span>, do N\u00facleo de Assessoria Jur\u00eddica Popular \u2013 Najup; e<span style=\"color: #800080;\"> \u201cNa trilha da esperan\u00e7a\u201d<\/span>, do CDDH Mar\u00e7al de Souza Tup\u00e3-I. <\/span><\/p>\n<p><span style=\"color: #000000;\">\u00a0<\/span><span style=\"color: #000000;\">O Rio de Janeiro tamb\u00e9m tem dois projetos apoiados: o<span style=\"color: #800080;\"> \u201cAdole(Sendo): pesquisa e interven\u00e7\u00e3o com adolescentes petropolitanos cumprindo medidas socioeducativas\u201d, do Centro de Defesa dos Direitos Humanos de Petr\u00f3polis; e o \u201cJovens LGBT na luta pelo direito de existir\u201d,<\/span> do Grupo Conex\u00e3o G de Cidadania para Moradores de Favelas. <\/span><\/p>\n<p><span style=\"color: #000000;\">\u00a0<\/span><span style=\"color: #000000;\">Os dois projetos de S\u00e3o Paulo que ser\u00e3o apoiados s\u00e3o o<span style=\"color: #800080;\"> \u201cRAProativo: juventude em resist\u00eancia\u201d<\/span>, do RAProativo; e o <span style=\"color: #800080;\">\u201cHip Hop Brasil: velha escola e nova gera\u00e7\u00e3o juntas contra a viol\u00eancia\u201d<\/span>, do Movimento Hip Hop Organizado (MH20) e Turma S\u00e3o Bento.\u00a0 <\/span><\/p>\n<p><span style=\"color: #000000;\">\u00a0<\/span><span style=\"color: #000000;\">Tamb\u00e9m receber\u00e3o apoio do Fundo Brasil o Instituto Universidade Popular (Unipop), do Par\u00e1, com o projeto <span style=\"color: #800080;\">\u201cAg\u00eancia jovem de not\u00edcias Jovens Comunicador@s da Amaz\u00f4nia\u201d<\/span>; o Centro de Defesa e dos Direitos Humanos Carmen Bascar\u00e1n, do Maranh\u00e3o, com o projeto<span style=\"color: #800080;\"> \u201cJuventude livre para transformar\u201d<\/span>; a Comunidade de Oju If\u00e1, de Sergipe, com o projeto <span style=\"color: #800080;\">\u201cXang\u00f4 menino: casos de viol\u00eancia \u00e0 juventude negra\u201d<\/span>; o Grupo Ousadia Juvenil, do Rio Grande do Norte, com o projeto<span style=\"color: #800080;\"> \u201cTransformando realidades\u201d<\/span>; e o Levante Popular da Juventude, do Rio Grande do Sul, com o projeto<span style=\"color: #800080;\"> \u201cRede de Enfrentamento ao Exterm\u00ednio da Juventude\u201d<\/span>. <\/span><\/p>\n<p><span style=\"color: #000000;\">\u00a0<\/span><strong><span style=\"color: #000000;\">Fundo Brasil<\/span><\/strong><\/p>\n<p><span style=\"color: #000000;\">O Fundo Brasil trabalha para promover os direitos humanos e sensibilizar a sociedade para que apoie iniciativas capazes de gerar novos caminhos e mudan\u00e7as significativas para o pa\u00eds.<\/span><\/p>\n<p><span style=\"color: #000000;\">\u00a0<\/span><span style=\"color: #000000;\">A funda\u00e7\u00e3o disponibiliza recursos para o apoio institucional e para atividades de organiza\u00e7\u00f5es da sociedade civil e de defensores de direitos humanos em todo o territ\u00f3rio nacional.<\/span><\/p>\n<p><span style=\"color: #000000;\">\u00a0<\/span><span style=\"color: #000000;\">Em quase dez anos de atua\u00e7\u00e3o, j\u00e1 destinou R$ 11,7 milh\u00f5es a cerca de 300 projetos em todas as regi\u00f5es do pa\u00eds. <\/span><\/p>\n<p><span style=\"color: #000000;\">\u00a0<\/span><span style=\"color: #000000;\">Al\u00e9m da doa\u00e7\u00e3o de recursos, os projetos selecionados s\u00e3o apoiados por meio de atividades de forma\u00e7\u00e3o e visitas de monitoramento.<\/span><\/p>\n<p><span style=\"color: #ff0000;\"><strong>\u00a0<\/strong><strong>Saiba mais sobre o Fundo Brasil<\/strong><\/span><\/p>\n<p><span style=\"color: #000000;\"><strong>Site:<span style=\"color: #0000ff;\"> www.fundodireitoshumanos.org.br <\/span><\/strong><\/span><\/p>\n<p><span style=\"color: #000000;\"><strong>Facebook:<span style=\"color: #0000ff;\"> www.facebook.com\/fundobrasil <\/span><\/strong><\/span><\/p>\n<p><span style=\"color: #000000;\"><strong>Twitter:<span style=\"color: #0000ff;\"> twitter.com\/fundobrasil <\/span><\/strong><\/span><\/p>\n<p><span style=\"color: #000000;\"><strong>Para colaborar: <span style=\"color: #0000ff;\">http:\/\/digasim.org.br\/preconceito<\/span><\/strong><\/span><\/p>\n","protected":false},"excerpt":{"rendered":"<p>Quinze propostas foram selecionadas por meio do edital \u201cJuntos\/as contra a viol\u00eancia que mata a juventude brasileira\u201d Em um momento hist\u00f3rico em que os jovens assumem o protagonismo em v\u00e1rias lutas dos movimentos sociais, o Fundo Brasil de Direitos Humanos vai doar R$ 560 mil a 15 projetos que tenham como foco a juventude no [&hellip;]<\/p>\n","protected":false},"author":1,"featured_media":0,"comment_status":"open","ping_status":"open","sticky":false,"template":"","format":"standard","meta":{"_uag_custom_page_level_css":"","footnotes":""},"categories":[37],"tags":[1165,2046,3705,5284,5840,7378,9739,10375,10668],"class_list":["post-1944","post","type-post","status-publish","format-standard","hentry","category-sustentabilidade","tag-bahia","tag-ceara","tag-direitos-humanos","tag-fundo-brasil","tag-ibase","tag-mato-grosso-do-sul","tag-projetos-juntosas-contra-a-violencia-que-mata-a-juventude-brasileira","tag-rio-de-janeiro","tag-sao-paulo"],"blocksy_meta":[],"spectra_blocks_featured_image_url":null,"spectra_blocks_author_info":{"display_name":"Jornal da Constru\u00e7\u00e3o Civil","avatar_url":"https:\/\/secure.gravatar.com\/avatar\/973c9774fd44ddaceb026973c4962faa70fc512bc4c9da68e8ebb40fecee6540?s=96&d=mm&r=g","author_link":"https:\/\/construcaocivil.siriusmarketingedesign.com.br\/?author=1","description":"Desde de 2013, levando muitas informa\u00e7\u00f5es, lan\u00e7amentos e produtos de qualidade para toda cadeia produtiva da constru\u00e7\u00e3o. O Futuro da constru\u00e7\u00e3o passa por aqui,"},"uagb_featured_image_src":{"full":false,"thumbnail":false,"medium":false,"medium_large":false,"large":false,"1536x1536":false,"2048x2048":false},"uagb_author_info":{"display_name":"Jornal da Constru\u00e7\u00e3o Civil","author_link":"https:\/\/construcaocivil.siriusmarketingedesign.com.br\/?author=1"},"uagb_comment_info":0,"uagb_excerpt":"Quinze propostas foram selecionadas por meio do edital \u201cJuntos\/as contra a viol\u00eancia que mata a juventude brasileira\u201d Em um momento hist\u00f3rico em que os jovens assumem o protagonismo em v\u00e1rias lutas dos movimentos sociais, o Fundo Brasil de Direitos Humanos vai doar R$ 560 mil a 15 projetos que tenham como foco a juventude no&hellip;","_links":{"self":[{"href":"https:\/\/construcaocivil.siriusmarketingedesign.com.br\/index.php?rest_route=\/wp\/v2\/posts\/1944","targetHints":{"allow":["GET"]}}],"collection":[{"href":"https:\/\/construcaocivil.siriusmarketingedesign.com.br\/index.php?rest_route=\/wp\/v2\/posts"}],"about":[{"href":"https:\/\/construcaocivil.siriusmarketingedesign.com.br\/index.php?rest_route=\/wp\/v2\/types\/post"}],"author":[{"embeddable":true,"href":"https:\/\/construcaocivil.siriusmarketingedesign.com.br\/index.php?rest_route=\/wp\/v2\/users\/1"}],"replies":[{"embeddable":true,"href":"https:\/\/construcaocivil.siriusmarketingedesign.com.br\/index.php?rest_route=%2Fwp%2Fv2%2Fcomments&post=1944"}],"version-history":[{"count":0,"href":"https:\/\/construcaocivil.siriusmarketingedesign.com.br\/index.php?rest_route=\/wp\/v2\/posts\/1944\/revisions"}],"wp:attachment":[{"href":"https:\/\/construcaocivil.siriusmarketingedesign.com.br\/index.php?rest_route=%2Fwp%2Fv2%2Fmedia&parent=1944"}],"wp:term":[{"taxonomy":"category","embeddable":true,"href":"https:\/\/construcaocivil.siriusmarketingedesign.com.br\/index.php?rest_route=%2Fwp%2Fv2%2Fcategories&post=1944"},{"taxonomy":"post_tag","embeddable":true,"href":"https:\/\/construcaocivil.siriusmarketingedesign.com.br\/index.php?rest_route=%2Fwp%2Fv2%2Ftags&post=1944"}],"curies":[{"name":"wp","href":"https:\/\/api.w.org\/{rel}","templated":true}]}}