{"id":19483,"date":"2022-06-10T14:27:33","date_gmt":"2022-06-10T17:27:33","guid":{"rendered":"https:\/\/www.jornaldaconstrucaocivil.com.br\/?p=19483"},"modified":"2022-06-10T14:27:33","modified_gmt":"2022-06-10T17:27:33","slug":"crea-rj-promove-encontros-microrregionais-preparatorios-para-congresso-estadual-de-profissionais","status":"publish","type":"post","link":"https:\/\/construcaocivil.siriusmarketingedesign.com.br\/?p=19483","title":{"rendered":"Crea-RJ promove Encontros Microrregionais preparat\u00f3rios para Congresso Estadual de Profissionais"},"content":{"rendered":"<p style=\"text-align: justify;\">O Conselho Regional de Engenharia e Agronomia do Rio de Janeiro (Crea-RJ) realizar\u00e1, a partir do pr\u00f3ximo dia 13 de junho, uma s\u00e9rie de Encontros Microrregionais em v\u00e1rias cidades do estado. O objetivo \u00e9 debater propostas e eleger os delegados regionais que participar\u00e3o do 11\u00ba Congresso Estadual de Profissionais, marcado para 23 de julho no Rio de Janeiro. O Congresso Estadual de Profissionais \u00e9 a inst\u00e2ncia regional de delibera\u00e7\u00e3o do Sistema Confea\/Crea. Na ocasi\u00e3o, ser\u00e3o definidas as propostas a serem apresentadas no Congresso Nacional de Profissionais, que acontecer\u00e1 em Goi\u00e2nia (GO), no m\u00eas de outubro.\n<\/p>\n<p style=\"text-align: justify;\">O primeiro munic\u00edpio que recepcionar\u00e1 a s\u00e9rie de Encontros Microrregionais do Crea-RJ ser\u00e1 Itaperuna, no Noroeste Fluminense. O evento, no dia 13 de junho, \u00e0s 18h30, vai acontecer no audit\u00f3rio do Centro Universit\u00e1rio Redentor (BR-356, 25 &#8212; Rodovia Presidente Costa e Silva). Em 14 de junho, ser\u00e1 a vez de Campos dos Goytacazes, no Norte Fluminense, receber o Encontro, tamb\u00e9m \u00e0s 18h30, no audit\u00f3rio da Federa\u00e7\u00e3o das Ind\u00fastrias do Estado do Rio de Janeiro &#8211; Firjan (R. Bruno de Azevedo, 37 &#8211; Parque Tamandar\u00e9).\n<\/p>\n<p style=\"text-align: justify;\">At\u00e9 o dia 13 de julho, o Crea-RJ vai promover mais 12 Encontros Microrregionais em v\u00e1rias localidades no mesmo hor\u00e1rio das 18h30: Itagua\u00ed (20\/06); Volta Redonda (21\/06); Barra da Tijuca (23\/06); Maca\u00e9 (28\/06); Duque de Caxias (05\/07); Nova Friburgo (06\/07); Teres\u00f3polis (07\/07); Niter\u00f3i (11\/07); Rio de Janeiro (12\/07); Nova Igua\u00e7u (13\/07); Tr\u00eas Rios (14\/07) e Cabo Frio (15\/07).<\/p>\n<p style=\"text-align: justify;\">\n<p style=\"text-align: justify;\">No Congresso Nacional de Profissionais, em outubro, ser\u00e3o definidas as diretrizes e a\u00e7\u00f5es pol\u00edticas que devem nortear o tri\u00eanio subsequente e que ser\u00e3o conduzidas pela pr\u00f3xima gest\u00e3o dos Conselhos Regionais e Federal de Engenharia e Agronomia.<\/p>\n<p style=\"text-align: justify;\">\n","protected":false},"excerpt":{"rendered":"<p>O Conselho Regional de Engenharia e Agronomia do Rio de Janeiro (Crea-RJ) realizar\u00e1, a partir do pr\u00f3ximo dia 13 de junho, uma s\u00e9rie de Encontros Microrregionais em v\u00e1rias cidades do estado. O objetivo \u00e9 debater propostas e eleger os delegados regionais que participar\u00e3o do 11\u00ba Congresso Estadual de Profissionais, marcado para 23 de julho no [&hellip;]<\/p>\n","protected":false},"author":1,"featured_media":19484,"comment_status":"open","ping_status":"open","sticky":false,"template":"","format":"standard","meta":{"_uag_custom_page_level_css":"","footnotes":""},"categories":[27],"tags":[23938,23940,3143,23939,23180,10118],"class_list":["post-19483","post","type-post","status-publish","format-standard","has-post-thumbnail","hentry","category-acontece","tag-agronomia","tag-congresso-estadual-de-engenharia-e-agronomia","tag-crea-rj","tag-encontros-microrregionais","tag-nova-iguacu","tag-regiao-serrana"],"blocksy_meta":[],"spectra_blocks_featured_image_url":{"thumbnail":{"url":"https:\/\/construcaocivil.siriusmarketingedesign.com.br\/wp-content\/uploads\/2022\/06\/COSENZA-150x150.jpg","width":150,"height":150},"medium":{"url":"https:\/\/construcaocivil.siriusmarketingedesign.com.br\/wp-content\/uploads\/2022\/06\/COSENZA.jpg","width":300,"height":168},"medium_large":{"url":"https:\/\/construcaocivil.siriusmarketingedesign.com.br\/wp-content\/uploads\/2022\/06\/COSENZA.jpg","width":300,"height":168},"large":{"url":"https:\/\/construcaocivil.siriusmarketingedesign.com.br\/wp-content\/uploads\/2022\/06\/COSENZA.jpg","width":300,"height":168},"full":{"url":"https:\/\/construcaocivil.siriusmarketingedesign.com.br\/wp-content\/uploads\/2022\/06\/COSENZA.jpg","width":300,"height":168}},"spectra_blocks_author_info":{"display_name":"Jornal da Constru\u00e7\u00e3o Civil","avatar_url":"https:\/\/secure.gravatar.com\/avatar\/973c9774fd44ddaceb026973c4962faa70fc512bc4c9da68e8ebb40fecee6540?s=96&d=mm&r=g","author_link":"https:\/\/construcaocivil.siriusmarketingedesign.com.br\/?author=1","description":"Desde de 2013, levando muitas informa\u00e7\u00f5es, lan\u00e7amentos e produtos de qualidade para toda cadeia produtiva da constru\u00e7\u00e3o. O Futuro da constru\u00e7\u00e3o passa por aqui,"},"uagb_featured_image_src":{"full":["https:\/\/construcaocivil.siriusmarketingedesign.com.br\/wp-content\/uploads\/2022\/06\/COSENZA.jpg",300,168,false],"thumbnail":["https:\/\/construcaocivil.siriusmarketingedesign.com.br\/wp-content\/uploads\/2022\/06\/COSENZA-150x150.jpg",150,150,true],"medium":["https:\/\/construcaocivil.siriusmarketingedesign.com.br\/wp-content\/uploads\/2022\/06\/COSENZA.jpg",300,168,false],"medium_large":["https:\/\/construcaocivil.siriusmarketingedesign.com.br\/wp-content\/uploads\/2022\/06\/COSENZA.jpg",300,168,false],"large":["https:\/\/construcaocivil.siriusmarketingedesign.com.br\/wp-content\/uploads\/2022\/06\/COSENZA.jpg",300,168,false],"1536x1536":["https:\/\/construcaocivil.siriusmarketingedesign.com.br\/wp-content\/uploads\/2022\/06\/COSENZA.jpg",300,168,false],"2048x2048":["https:\/\/construcaocivil.siriusmarketingedesign.com.br\/wp-content\/uploads\/2022\/06\/COSENZA.jpg",300,168,false]},"uagb_author_info":{"display_name":"Jornal da Constru\u00e7\u00e3o Civil","author_link":"https:\/\/construcaocivil.siriusmarketingedesign.com.br\/?author=1"},"uagb_comment_info":0,"uagb_excerpt":"O Conselho Regional de Engenharia e Agronomia do Rio de Janeiro (Crea-RJ) realizar\u00e1, a partir do pr\u00f3ximo dia 13 de junho, uma s\u00e9rie de Encontros Microrregionais em v\u00e1rias cidades do estado. O objetivo \u00e9 debater propostas e eleger os delegados regionais que participar\u00e3o do 11\u00ba Congresso Estadual de Profissionais, marcado para 23 de julho no&hellip;","_links":{"self":[{"href":"https:\/\/construcaocivil.siriusmarketingedesign.com.br\/index.php?rest_route=\/wp\/v2\/posts\/19483","targetHints":{"allow":["GET"]}}],"collection":[{"href":"https:\/\/construcaocivil.siriusmarketingedesign.com.br\/index.php?rest_route=\/wp\/v2\/posts"}],"about":[{"href":"https:\/\/construcaocivil.siriusmarketingedesign.com.br\/index.php?rest_route=\/wp\/v2\/types\/post"}],"author":[{"embeddable":true,"href":"https:\/\/construcaocivil.siriusmarketingedesign.com.br\/index.php?rest_route=\/wp\/v2\/users\/1"}],"replies":[{"embeddable":true,"href":"https:\/\/construcaocivil.siriusmarketingedesign.com.br\/index.php?rest_route=%2Fwp%2Fv2%2Fcomments&post=19483"}],"version-history":[{"count":0,"href":"https:\/\/construcaocivil.siriusmarketingedesign.com.br\/index.php?rest_route=\/wp\/v2\/posts\/19483\/revisions"}],"wp:featuredmedia":[{"embeddable":true,"href":"https:\/\/construcaocivil.siriusmarketingedesign.com.br\/index.php?rest_route=\/wp\/v2\/media\/19484"}],"wp:attachment":[{"href":"https:\/\/construcaocivil.siriusmarketingedesign.com.br\/index.php?rest_route=%2Fwp%2Fv2%2Fmedia&parent=19483"}],"wp:term":[{"taxonomy":"category","embeddable":true,"href":"https:\/\/construcaocivil.siriusmarketingedesign.com.br\/index.php?rest_route=%2Fwp%2Fv2%2Fcategories&post=19483"},{"taxonomy":"post_tag","embeddable":true,"href":"https:\/\/construcaocivil.siriusmarketingedesign.com.br\/index.php?rest_route=%2Fwp%2Fv2%2Ftags&post=19483"}],"curies":[{"name":"wp","href":"https:\/\/api.w.org\/{rel}","templated":true}]}}