{"id":19524,"date":"2022-06-19T23:37:47","date_gmt":"2022-06-20T02:37:47","guid":{"rendered":"https:\/\/www.jornaldaconstrucaocivil.com.br\/?p=19524"},"modified":"2022-06-19T23:37:47","modified_gmt":"2022-06-20T02:37:47","slug":"acao-da-cidadania-realiza-encontro-nacional-contra-a-fome","status":"publish","type":"post","link":"https:\/\/construcaocivil.siriusmarketingedesign.com.br\/?p=19524","title":{"rendered":"\u200bA\u00e7\u00e3o da Cidadania realiza Encontro Nacional Contra a Fome"},"content":{"rendered":"<p class=\"v1ql-align-justify\">A\u00a0<span style=\"color: #0000ff;\"><a style=\"color: #0000ff;\" href=\"https:\/\/click.cse360.com.br\/Click\/AddCampaignEmailClick\/7f394fde-cc19-4b6c-cd74-08da4f1e6578\/https%253a%252f%252fwww.acaodacidadania.org.br%252f\/e5a1d2fa-94bb-4a21-b332-08d7c5ff26d1\/redacao@jornaldaconstrucaocivil.com.br\/True\" target=\"_blank\" rel=\"noopener noreferrer\">A\u00e7\u00e3o da Cidadania<\/a><\/span>\u00a0promove, a partir da pr\u00f3xima segunda-feira (20\/06), o\u00a0<span style=\"color: #0000ff;\"><a style=\"color: #0000ff;\" href=\"https:\/\/click.cse360.com.br\/Click\/AddCampaignEmailClick\/7f394fde-cc19-4b6c-cd74-08da4f1e6578\/https%253a%252f%252fwww.encontrocontraafome.org.br%252f\/e5a1d2fa-94bb-4a21-b332-08d7c5ff26d1\/redacao@jornaldaconstrucaocivil.com.br\/True\" target=\"_blank\" rel=\"noopener noreferrer\">Encontro Nacional Contra a Fome<\/a>,<\/span> uma reuni\u00e3o de diversas entidades que atuam na tem\u00e1tica da seguran\u00e7a alimentar, al\u00e9m de especialistas e personalidades, que vai debater sa\u00eddas e solu\u00e7\u00f5es para frear o avan\u00e7o da fome no Brasil. O evento acontece entre os dias 20 e 23 de junho, na sede da A\u00e7\u00e3o da Cidadania, no Rio de Janeiro, e marca o grande chamamento \u00e0 popula\u00e7\u00e3o no combate \u00e0 fome no Brasil, um movimento nacional que a entidade est\u00e1 liderando, apoiada por empresas, ag\u00eancias de publicidade e organiza\u00e7\u00f5es, com o objetivo de mobilizar a sociedade civil a assumir um papel ativo na luta pelo direito \u00e0 alimenta\u00e7\u00e3o.<\/p>\n<p class=\"v1ql-align-justify\">Os n\u00fameros rec\u00e9m divulgados da fome no Brasil, onde 33 milh\u00f5es de pessoas n\u00e3o t\u00eam o que comer, remetem ao ano de 1993, quando Herbert de Souza, o\u00a0<a href=\"https:\/\/click.cse360.com.br\/Click\/AddCampaignEmailClick\/7f394fde-cc19-4b6c-cd74-08da4f1e6578\/https%253a%252f%252fwww.acaodacidadania.org.br%252fnossa-historia\/e5a1d2fa-94bb-4a21-b332-08d7c5ff26d1\/redacao@jornaldaconstrucaocivil.com.br\/True\" target=\"_blank\" rel=\"noopener noreferrer\">Betinho<\/a>, conclamou o pa\u00eds inteiro para ajudar 32 milh\u00f5es de pessoas famintas, engajando milhares de artistas, pessoas influentes, empres\u00e1rios, ativistas e a sociedade civil. Nascia naquele ano a A\u00e7\u00e3o da Cidadania &#8211; Contra a Mis\u00e9ria, a Fome e pela Vida.<\/p>\n<p class=\"v1ql-align-justify\">&#8220;Este ano teremos elei\u00e7\u00f5es gerais, e a fome precisa estar no centro do debate nacional. Este \u00e9 o ponto de partida do Encontro Nacional Contra a Fome: reunir as principais entidades que lutam contra a inseguran\u00e7a alimentar e propor a\u00e7\u00f5es concretas para enfrentar a trag\u00e9dia social que o pa\u00eds vive. Como h\u00e1 30 anos atr\u00e1s, a nossa a\u00e7\u00e3o cidad\u00e3 pode ajudar milh\u00f5es de fam\u00edlias que hoje n\u00e3o t\u00eam o que comer&#8221;, explica Daniel de Souza, presidente do Conselho da A\u00e7\u00e3o da Cidadania e filho de Betinho.<\/p>\n<p class=\"v1ql-align-justify\">O Encontro Nacional Contra a Fome tamb\u00e9m vai divulgar a nova edi\u00e7\u00e3o da Agenda Betinho, que este ano apresenta 92 propostas para o pa\u00eds e suas cinco regi\u00f5es, com o objetivo de contribuir com a garantia, desenvolvimento e fortalecimento das pol\u00edticas p\u00fablicas estaduais e nacionais de Seguran\u00e7a Alimentar e Nutricional. Trata-se de um documento elaborado com di\u00e1logo e representa\u00e7\u00f5es de pesquisadores, agricultores urbanos e rurais, pescadores, ribeirinhos, povos de comunidades tradicionais e de matriz africana, quilombolas, negros, mulheres, ind\u00edgenas, sindicatos, coletivos, frentes e ativistas. A Agenda Betinho tamb\u00e9m \u00e9 uma forma de ampliar as pr\u00e1ticas que a A\u00e7\u00e3o da Cidadania vem trabalhando, com foco no compartilhamento da gest\u00e3o p\u00fablica, divulga\u00e7\u00e3o de suas atividades e os caminhos de melhoria de seu desempenho.<\/p>\n<p class=\"v1ql-align-justify\">A abertura oficial acontece no dia 20, a partir das 18h, com apresenta\u00e7\u00e3o das institui\u00e7\u00f5es parceiras e shows de Teresa Cristina e Mart&#8217;n\u00e1lia, que s\u00e3o apoiadoras da ONG. Nos dias 21, 22 e 23, a partir das 9h, est\u00e3o previstos os debates sobre as causas, as consequ\u00eancias e as solu\u00e7\u00f5es da fome, sendo um tema por dia. Na parte da tarde, com previs\u00e3o de in\u00edcio \u00e0s 14h, os palcos abrem espa\u00e7o para as rodas de conversas e pain\u00e9is tem\u00e1ticos, sugeridos pelas entidades e selecionados pela curadoria do evento. O encerramento no dia 23 tamb\u00e9m ser\u00e1 marcado pela elabora\u00e7\u00e3o de um documento, integralmente discutido e ratificado durante os debates, que vai representar o posicionamento das institui\u00e7\u00f5es presentes, apoiadoras e parceiras da A\u00e7\u00e3o da Cidadania nesse evento, sobre a fome e a atual situa\u00e7\u00e3o do pa\u00eds.<\/p>\n<p class=\"v1ql-align-justify\">&#8220;Quando o governo n\u00e3o faz seu trabalho, os movimentos sociais e as entidades precisam unir for\u00e7as, mas nunca imaginamos esse retrocesso, \u00e9 uma frustra\u00e7\u00e3o. E agora temos urg\u00eancia em frear o avan\u00e7o da fome. N\u00e3o d\u00e1 para aceitar que, em um ano, 14 milh\u00f5es de novos brasileiros n\u00e3o tenham o que comer. \u00c9 urgente estabelecer quais estrat\u00e9gias v\u00e3o interromper esse ciclo e uma delas \u00e9 esse chamado \u00e0 sociedade e \u00e0s empresas&#8221;, conclui Rodrigo &#8220;Kiko&#8221; Afonso, diretor-executivo da A\u00e7\u00e3o da Cidadania.<\/p>\n<p class=\"v1ql-align-justify\">O Encontro Nacional Contra a Fome \u00e9 organizado pela A\u00e7\u00e3o da Cidadania e tem os seguintes parceiros: Instituto Fome Zero,\u00a0ActionAid, GT Agenda 2030, Agentes de Pastoral Negros do Brasil (APNs), Rede Evang\u00e9lica Nacional de A\u00e7\u00e3o Social (RENAS), F\u00f3rum Nacional de Seguran\u00e7a Alimentar e Nutricional dos Povos Tradicionais de Matriz Africana (FONSANPOTMA), Marcha das Margaridas, Confedera\u00e7\u00e3o Nacional dos Trabalhadores Rurais Agricultores e Agricultoras Familiares (CONTAG), Confer\u00eancia Popular e Aut\u00f4noma de SAN, Conselho de presidentes de CONSEAS Estaduais (CPCE), GT Ind\u00edgena Confer\u00eancia Nacional Popular de Seguran\u00e7a e Soberania Alimentar, Confedera\u00e7\u00e3o Nacional dos Bispos do Brasil (CNBB), OXFAM\u00a0Brasil, ABRASCO, OAB Nacional, MST, SEFRAS e Frente Nacional Contra a Fome.<\/p>\n<p class=\"v1ql-align-justify\">A programa\u00e7\u00e3o completa est\u00e1 dispon\u00edvel no\u00a0<a href=\"https:\/\/click.cse360.com.br\/Click\/AddCampaignEmailClick\/7f394fde-cc19-4b6c-cd74-08da4f1e6578\/https%253a%252f%252fwww.encontrocontraafome.org.br%252f\/e5a1d2fa-94bb-4a21-b332-08d7c5ff26d1\/redacao@jornaldaconstrucaocivil.com.br\/True\" target=\"_blank\" rel=\"noopener noreferrer\">site<\/a>.\u00a0O\u00a0evento ser\u00e1 restrito para convidados, mas com transmiss\u00e3o online e gratuita, para quem se cadastrar\u00a0no\u00a0<a href=\"https:\/\/click.cse360.com.br\/Click\/AddCampaignEmailClick\/7f394fde-cc19-4b6c-cd74-08da4f1e6578\/https%253a%252f%252fwww.sympla.com.br%252fencontro-nacional-contra-a-fome__1600595\/e5a1d2fa-94bb-4a21-b332-08d7c5ff26d1\/redacao@jornaldaconstrucaocivil.com.br\/True\" target=\"_blank\" rel=\"noopener noreferrer\">link<\/a>.<\/p>\n<p class=\"v1ql-align-justify\"><strong>Programa\u00e7\u00e3o<\/strong><\/p>\n<p class=\"v1ql-align-justify\">A primeira mesa do Encontro Nacional contra a Fome come\u00e7a \u00e0s 9h e vai apresentar a situa\u00e7\u00e3o da inseguran\u00e7a alimentar no Brasil. Sandra Chaves e Rosana Salles, pesquisadoras da Rede Brasileira de Pesquisa em Soberania e Seguran\u00e7a Alimentar e Nutricional (Rede PENSSAN), v\u00e3o\u00a0falar sobre os dados do\u00a02\u00ba Inqu\u00e9rito Nacional sobre Inseguran\u00e7a Alimentar no Contexto da Pandemia da Covid-19, realizado em parceria com a A\u00e7\u00e3o da Cidadania e outras entidades.<\/p>\n<p class=\"v1ql-align-justify\">Em seguida, a partir das 11h,\u00a0os ex-ministros\u00a0Jos\u00e9 Graziano\u00a0(Instituto Fome Zero)\u00a0e\u00a0Tereza Campello;\u00a0Caio Magri, do Instituto Ethos; e Ribamar de Ara\u00fajo e Silva, ex-CONSEA, conversam sobre a sa\u00edda do Brasil do Mapa da Fome, e as a\u00e7\u00f5es que contribu\u00edram para essa mudan\u00e7a.<\/p>\n<p class=\"v1ql-align-justify\">Na quarta-feira (22), a pauta \u00e9 a consequ\u00eancia da fome. A partir das 9h, Florence Bauer, representante do UNICEF; Aline Czezacki, oficial de Comunica\u00e7\u00e3o da FAO; Daniel Balaban, representante do PMA e\u00a0do\u00a0Centro de Excel\u00eancia contra a Fome (WFP); Rafael Zavala, representante da FAO; e Carlo Pereira,\u00a0do\u00a0Pacto Global da ONU, falam sobre os Objetivos de Desenvolvimento Sustent\u00e1vel (ODS) e seguran\u00e7a alimentar. Na sequ\u00eancia, \u00e0s 11h, a conversa \u00e9 sobre fome, obesidade e meio ambiente, com a participa\u00e7\u00e3o de Janine Giuberti Coutinho, representando o IDEC; Elisabetta Recine, da Confer\u00eancia Popular por Soberania e Seguran\u00e7a Alimentar e Nutricional,\u00a0e os especialistas\u00a0Joana Portugal e S\u00edlvio Porto.<\/p>\n<p class=\"v1ql-align-justify\">A quinta-feira (22), \u00faltimo dia do evento, come\u00e7a com um bate papo sobre &#8220;Fome e Justi\u00e7a: Direito Humano \u00e0 Alimenta\u00e7\u00e3o&#8221;, com S\u00edlvia Souza, do Conselho Federal da OAB; Ney Strozake; e Andrea Sepulveda. \u00c0s 11h, \u00e9 a vez de falar sobre &#8220;As Caras da Fome&#8221;. Kota Mulanji, presidente do F\u00f3rum Nacional de Seguran\u00e7a Alimentar e Nutricional dos Povos de Matriz Africana (Fonsanpotma), e Edgard Moura, da Associa\u00e7\u00e3o Pastoral do Negro, debatem o assunto. Na parte da tarde, \u00e0s 14h, o tema &#8220;Comida sem Fome com Comida de Verdade&#8221; \u00e9 o assunto entre Adriana do Nascimento Silva, diretora de Pol\u00edtica para Mulheres (FETAPE); Ana Paula Ribeiro, coordenadora Nacional do MTST e das Cozinhas Solid\u00e1rias; Jucimeri Isolda Silveira, da PUC Paran\u00e1 e representante do F\u00f3rum Nacional de Secret\u00e1rios<\/p>\n<p><strong>Para assistir ao evento online,\u00a0cadastre-se\u00a0gratuitamente\u00a0no\u00a0<\/strong><span style=\"color: #0000ff;\"><a style=\"color: #0000ff;\" href=\"https:\/\/click.cse360.com.br\/Click\/AddCampaignEmailClick\/7f394fde-cc19-4b6c-cd74-08da4f1e6578\/https%253a%252f%252fwww.sympla.com.br%252fencontro-nacional-contra-a-fome__1600595\/e5a1d2fa-94bb-4a21-b332-08d7c5ff26d1\/redacao@jornaldaconstrucaocivil.com.br\/True\" target=\"_blank\" rel=\"noopener noreferrer\"><strong>link<\/strong><\/a><\/span><strong>.<\/strong><\/p>\n<div class=\"v1cols_1 v11589473358640 v1ip-section\">\n<div>\n<table border=\"0\" cellspacing=\"0\" cellpadding=\"0\" align=\"center\">\n<tbody>\n<tr>\n<td>\n<div class=\"v1mj-column-per-100 v1mj-outlook-group-fix v1ip-column\">\n<table border=\"0\" width=\"100%\" cellspacing=\"0\" cellpadding=\"0\">\n<tbody>\n<tr>\n<td>\n<table border=\"0\" width=\"100%\" cellspacing=\"0\" cellpadding=\"0\">\n<tbody>\n<tr>\n<td class=\"v1ip-text-block\" align=\"left\">\n<div>\n<p><strong>Servi\u00e7o:<\/strong><\/p>\n<p><strong>Encontro Nacional Contra a Fome<\/strong><\/p>\n<p><strong>Quando: 20 a 23 de\u00a0Junho<\/strong><\/p>\n<p><strong>Local: A\u00e7\u00e3o da Cidadania &#8211; Rua da Gamboa 246, Santo Cristo\u00a0&#8211; RJ (atr\u00e1s da Cidade do Samba)<\/strong><\/p>\n<p><strong>Hor\u00e1rios:<\/strong><\/p>\n<p><strong>Dia 20\u00a0(segunda)\u00a0&#8211;\u00a0abertura\u00a0do evento e shows de Teresa Cristina e Mart&#8217;n\u00e1lia &#8211;\u00a0a\u00a0partir das 18h<\/strong><\/p>\n<p class=\"v1ql-align-justify\"><strong>Dias 21, 22 e 23\u00a0(ter\u00e7a a quinta)\u00a0&#8211;\u00a0a\u00a0partir das 9h<\/strong><\/p>\n<\/div>\n<\/td>\n<\/tr>\n<\/tbody>\n<\/table>\n<\/td>\n<\/tr>\n<\/tbody>\n<\/table>\n<\/div>\n<\/td>\n<\/tr>\n<\/tbody>\n<\/table>\n<\/div>\n<\/div>\n<div class=\"v1cols_1 v11589473381732 v1ip-section\">\n<div>\n<table border=\"0\" cellspacing=\"0\" cellpadding=\"0\" align=\"center\">\n<tbody>\n<tr>\n<td>\n<div class=\"v1mj-column-per-100 v1mj-outlook-group-fix v1ip-column\">\n<table border=\"0\" width=\"100%\" cellspacing=\"0\" cellpadding=\"0\">\n<tbody>\n<tr>\n<td>\n<table border=\"0\" width=\"100%\" cellspacing=\"0\" cellpadding=\"0\">\n<tbody>\n<tr>\n<td class=\"v1ip-text-block\" align=\"left\">\n<div><\/div>\n<\/td>\n<\/tr>\n<\/tbody>\n<\/table>\n<\/td>\n<\/tr>\n<\/tbody>\n<\/table>\n<\/div>\n<\/td>\n<\/tr>\n<\/tbody>\n<\/table>\n<\/div>\n<\/div>\n<p class=\"v1ql-align-justify\">staduais de Assist\u00eancia Social,\u00a0e\u00a0por fim,\u00a0Elisabetta Recine, da Confer\u00eancia Popular por Soberania e Seguran\u00e7a Alimentar e Nutricional. O encerramento est\u00e1 previsto para \u00e0s 14h30, com a plen\u00e1ria final.<\/p>\n<p>&nbsp;<\/p>\n","protected":false},"excerpt":{"rendered":"<p>A\u00a0A\u00e7\u00e3o da Cidadania\u00a0promove, a partir da pr\u00f3xima segunda-feira (20\/06), o\u00a0Encontro Nacional Contra a Fome, uma reuni\u00e3o de diversas entidades que atuam na tem\u00e1tica da seguran\u00e7a alimentar, al\u00e9m de especialistas e personalidades, que vai debater sa\u00eddas e solu\u00e7\u00f5es para frear o avan\u00e7o da fome no Brasil. O evento acontece entre os dias 20 e 23 de [&hellip;]<\/p>\n","protected":false},"author":1,"featured_media":19525,"comment_status":"open","ping_status":"open","sticky":false,"template":"","format":"standard","meta":{"_uag_custom_page_level_css":"","footnotes":""},"categories":[27],"tags":[23972,23971,23973,23974,21009,10375],"class_list":["post-19524","post","type-post","status-publish","format-standard","has-post-thumbnail","hentry","category-acontece","tag-33-milhoes-de-brasileiros-com-fome","tag-acao-da-cidadania","tag-arroz-e-feijao","tag-botijao-de-gas-e-luz-sufocam-brasileiros","tag-fome-no-brasil","tag-rio-de-janeiro"],"blocksy_meta":[],"spectra_blocks_featured_image_url":{"thumbnail":{"url":"https:\/\/construcaocivil.siriusmarketingedesign.com.br\/wp-content\/uploads\/2022\/06\/FOME-150x150.jpeg","width":150,"height":150},"medium":{"url":"https:\/\/construcaocivil.siriusmarketingedesign.com.br\/wp-content\/uploads\/2022\/06\/FOME-300x155.jpeg","width":300,"height":155},"medium_large":{"url":"https:\/\/construcaocivil.siriusmarketingedesign.com.br\/wp-content\/uploads\/2022\/06\/FOME-768x398.jpeg","width":768,"height":398},"large":{"url":"https:\/\/construcaocivil.siriusmarketingedesign.com.br\/wp-content\/uploads\/2022\/06\/FOME-1024x530.jpeg","width":1024,"height":530},"full":{"url":"https:\/\/construcaocivil.siriusmarketingedesign.com.br\/wp-content\/uploads\/2022\/06\/FOME.jpeg","width":1080,"height":559}},"spectra_blocks_author_info":{"display_name":"Jornal da Constru\u00e7\u00e3o Civil","avatar_url":"https:\/\/secure.gravatar.com\/avatar\/973c9774fd44ddaceb026973c4962faa70fc512bc4c9da68e8ebb40fecee6540?s=96&d=mm&r=g","author_link":"https:\/\/construcaocivil.siriusmarketingedesign.com.br\/?author=1","description":"Desde de 2013, levando muitas informa\u00e7\u00f5es, lan\u00e7amentos e produtos de qualidade para toda cadeia produtiva da constru\u00e7\u00e3o. O Futuro da constru\u00e7\u00e3o passa por aqui,"},"uagb_featured_image_src":{"full":["https:\/\/construcaocivil.siriusmarketingedesign.com.br\/wp-content\/uploads\/2022\/06\/FOME.jpeg",1080,559,false],"thumbnail":["https:\/\/construcaocivil.siriusmarketingedesign.com.br\/wp-content\/uploads\/2022\/06\/FOME-150x150.jpeg",150,150,true],"medium":["https:\/\/construcaocivil.siriusmarketingedesign.com.br\/wp-content\/uploads\/2022\/06\/FOME-300x155.jpeg",300,155,true],"medium_large":["https:\/\/construcaocivil.siriusmarketingedesign.com.br\/wp-content\/uploads\/2022\/06\/FOME-768x398.jpeg",768,398,true],"large":["https:\/\/construcaocivil.siriusmarketingedesign.com.br\/wp-content\/uploads\/2022\/06\/FOME-1024x530.jpeg",1024,530,true],"1536x1536":["https:\/\/construcaocivil.siriusmarketingedesign.com.br\/wp-content\/uploads\/2022\/06\/FOME.jpeg",1080,559,false],"2048x2048":["https:\/\/construcaocivil.siriusmarketingedesign.com.br\/wp-content\/uploads\/2022\/06\/FOME.jpeg",1080,559,false]},"uagb_author_info":{"display_name":"Jornal da Constru\u00e7\u00e3o Civil","author_link":"https:\/\/construcaocivil.siriusmarketingedesign.com.br\/?author=1"},"uagb_comment_info":0,"uagb_excerpt":"A\u00a0A\u00e7\u00e3o da Cidadania\u00a0promove, a partir da pr\u00f3xima segunda-feira (20\/06), o\u00a0Encontro Nacional Contra a Fome, uma reuni\u00e3o de diversas entidades que atuam na tem\u00e1tica da seguran\u00e7a alimentar, al\u00e9m de especialistas e personalidades, que vai debater sa\u00eddas e solu\u00e7\u00f5es para frear o avan\u00e7o da fome no Brasil. O evento acontece entre os dias 20 e 23 de&hellip;","_links":{"self":[{"href":"https:\/\/construcaocivil.siriusmarketingedesign.com.br\/index.php?rest_route=\/wp\/v2\/posts\/19524","targetHints":{"allow":["GET"]}}],"collection":[{"href":"https:\/\/construcaocivil.siriusmarketingedesign.com.br\/index.php?rest_route=\/wp\/v2\/posts"}],"about":[{"href":"https:\/\/construcaocivil.siriusmarketingedesign.com.br\/index.php?rest_route=\/wp\/v2\/types\/post"}],"author":[{"embeddable":true,"href":"https:\/\/construcaocivil.siriusmarketingedesign.com.br\/index.php?rest_route=\/wp\/v2\/users\/1"}],"replies":[{"embeddable":true,"href":"https:\/\/construcaocivil.siriusmarketingedesign.com.br\/index.php?rest_route=%2Fwp%2Fv2%2Fcomments&post=19524"}],"version-history":[{"count":0,"href":"https:\/\/construcaocivil.siriusmarketingedesign.com.br\/index.php?rest_route=\/wp\/v2\/posts\/19524\/revisions"}],"wp:featuredmedia":[{"embeddable":true,"href":"https:\/\/construcaocivil.siriusmarketingedesign.com.br\/index.php?rest_route=\/wp\/v2\/media\/19525"}],"wp:attachment":[{"href":"https:\/\/construcaocivil.siriusmarketingedesign.com.br\/index.php?rest_route=%2Fwp%2Fv2%2Fmedia&parent=19524"}],"wp:term":[{"taxonomy":"category","embeddable":true,"href":"https:\/\/construcaocivil.siriusmarketingedesign.com.br\/index.php?rest_route=%2Fwp%2Fv2%2Fcategories&post=19524"},{"taxonomy":"post_tag","embeddable":true,"href":"https:\/\/construcaocivil.siriusmarketingedesign.com.br\/index.php?rest_route=%2Fwp%2Fv2%2Ftags&post=19524"}],"curies":[{"name":"wp","href":"https:\/\/api.w.org\/{rel}","templated":true}]}}