{"id":1955,"date":"2016-06-02T00:31:24","date_gmt":"2016-06-02T00:31:24","guid":{"rendered":"http:\/\/www.jornaldaconstrucaocivil.com.br\/?p=1955"},"modified":"2016-06-02T00:31:24","modified_gmt":"2016-06-02T00:31:24","slug":"trevo-drywall-participa-da-mostra-construir","status":"publish","type":"post","link":"https:\/\/construcaocivil.siriusmarketingedesign.com.br\/?p=1955","title":{"rendered":"Trevo Drywall participa da Mostra Construir"},"content":{"rendered":"<p><strong><span style=\"color: #000000;\"><em>Evento acontece no Shopping Rio Mar, em Recife (PE), entre 09-12\/06<\/em><\/span><\/strong><\/p>\n<figure id=\"attachment_1956\" aria-describedby=\"caption-attachment-1956\" style=\"width: 300px\" class=\"wp-caption alignleft\"><a href=\"http:\/\/www.jornaldaconstrucaocivil.com.br\/wp-content\/uploads\/2016\/06\/TREVO-image002.jpg\"><img loading=\"lazy\" decoding=\"async\" class=\"wp-image-1956 size-medium\" src=\"http:\/\/www.jornaldaconstrucaocivil.com.br\/wp-content\/uploads\/2016\/06\/TREVO-image002-300x266.jpg\" alt=\"TREVO image002\" width=\"300\" height=\"266\" \/><\/a><figcaption id=\"caption-attachment-1956\" class=\"wp-caption-text\"><span style=\"color: #ff0000;\">Aplica\u00e7\u00e3o de l\u00e3 de vidro em parede de drywall.<\/span><\/figcaption><\/figure>\n<p><span style=\"color: #000000;\">Explicar por que a constru\u00e7\u00e3o com drywall \u00e9 a mais indicada quando se busca isolamento ac\u00fastico. Esse \u00e9 o objetivo da Trevo Drywall ao participar da Mostra Construir, evento promovido pela Revista Construir Nordeste, entre os dias 09 e 12\/06, no Shopping Rio Mar, em Recife (PE). Os frequentadores do shopping poder\u00e3o entrar numa cabine constru\u00edda pela empresa e comprovar que o som \u00e9, de fato, bloqueado pela estrutura composta por chapas de drywall revestidas com l\u00e3 de vidro.\u00a0<\/span><br \/>\n<span style=\"color: #000000;\"><em>\u201cSer\u00e1 uma excelente oportunidade para mostrarmos ao p\u00fablico em geral os benef\u00edcios do drywall quando o assunto \u00e9 isolamento ac\u00fastico\u201d<\/em>, afirma Pricila Correali, gerente comercial da Trevo Drywall. De acordo com os organizadores da Mostra Construir, s\u00e3o esperadas 70 mil pessoas ao longo dos quatro dias de exposi\u00e7\u00e3o.<\/span><\/p>\n<p><span style=\"color: #000000;\">A tipologia das paredes da cabine ac\u00fastica constru\u00edda pela Trevo Drywall combina chapeamento duplo, montantes de 70 mm e l\u00e3 de vidro \u2013 as portas e janelas \u00e0 prova de som foram fornecidas pela New Building.\u00a0\u201cA l\u00e3 funciona como um excelente isolante ac\u00fastico, reduzindo a passagem de ru\u00eddos externos. Tamb\u00e9m se adapta \u00e0s instala\u00e7\u00f5es hidr\u00e1ulicas e el\u00e9tricas, al\u00e9m de n\u00e3o ser inflam\u00e1vel, explosiva e t\u00f3xica\u201d, ela explica. Pricila ressalta ainda que a utiliza\u00e7\u00e3o da l\u00e3 de vidro contribui para que as construtoras atendam, no quesito isolamento termoac\u00fastico, \u00e0 norma NBR 15.575, que se refere ao desempenho m\u00ednimo dos elementos principais de qualquer edifica\u00e7\u00e3o habitacional.<\/span><br \/>\n<span style=\"color: #000000;\"> Em m\u00e9dia, uma parede de drywall revestida com l\u00e3 de vidro absorve de 42 a 44 decib\u00e9is, contra 36 a 38 decib\u00e9is de uma parede de alvenaria, cujo peso ainda \u00e9 cinco vezes maior. Da\u00ed porque, hoje em dia, os principais cinemas, est\u00fadios de grava\u00e7\u00e3o, hospitais, restaurantes e casas noturnas, entre outros ambientes, s\u00e3o constru\u00eddos com chapas de drywall.\u00a0<\/span><\/p>\n<p><span style=\"color: #000000;\"><em> \u201cA constru\u00e7\u00e3o com drywall tamb\u00e9m se destaca por ser ambientalmente amig\u00e1vel, com m\u00ednima gera\u00e7\u00e3o de res\u00edduos e uso de materiais recicl\u00e1veis. Essas caracter\u00edsticas est\u00e3o alinhadas \u00e0 proposta da Mostra Construir, que \u00e9 projetar e construir ambientes sustent\u00e1veis\u201d<\/em>.<\/span><\/p>\n<p>\u00danica fabricante 100% brasileira de drywall e uma das principais fornecedoras de mat\u00e9rias-primas para a constru\u00e7\u00e3o a seco do pa\u00eds, a Trevo Drywall \u00e9 uma empresa investida pelo fundo Rio Bravo Nordeste. Fundada em 2008, conta com a certifica\u00e7\u00e3o do PSQ-Drywall, instrumento subordinado ao Programa Brasileiro de Qualidade e Produtividade do Habitat (PBQPH), do Minist\u00e9rio das Cidades.<\/p>\n<p>&nbsp;<\/p>\n<p><span style=\"color: #000000;\">Para mais informa\u00e7\u00f5es, acesse<span style=\"color: #0000ff;\">\u00a0<a style=\"color: #0000ff;\" href=\"http:\/\/www.trevobrasil.com.br\/\">www.trevobrasil.com.br<\/a>\u00a0<\/span><\/span><\/p>\n<p>&nbsp;<\/p>\n","protected":false},"excerpt":{"rendered":"<p>Evento acontece no Shopping Rio Mar, em Recife (PE), entre 09-12\/06 Explicar por que a constru\u00e7\u00e3o com drywall \u00e9 a mais indicada quando se busca isolamento ac\u00fastico. Esse \u00e9 o objetivo da Trevo Drywall ao participar da Mostra Construir, evento promovido pela Revista Construir Nordeste, entre os dias 09 e 12\/06, no Shopping Rio Mar, [&hellip;]<\/p>\n","protected":false},"author":1,"featured_media":1956,"comment_status":"open","ping_status":"open","sticky":false,"template":"","format":"standard","meta":{"_uag_custom_page_level_css":"","footnotes":""},"categories":[33],"tags":[2826,3823,5294,9945,11060,11956],"class_list":["post-1955","post","type-post","status-publish","format-standard","has-post-thumbnail","hentry","category-mercado","tag-construcao-civil","tag-drywall","tag-fundo-rio-bravo-nordeste","tag-recife","tag-shopping-rio-mar","tag-trevo-drywall"],"blocksy_meta":[],"spectra_blocks_featured_image_url":[],"spectra_blocks_author_info":{"display_name":"Jornal da Constru\u00e7\u00e3o Civil","avatar_url":"https:\/\/secure.gravatar.com\/avatar\/973c9774fd44ddaceb026973c4962faa70fc512bc4c9da68e8ebb40fecee6540?s=96&d=mm&r=g","author_link":"https:\/\/construcaocivil.siriusmarketingedesign.com.br\/?author=1","description":"Desde de 2013, levando muitas informa\u00e7\u00f5es, lan\u00e7amentos e produtos de qualidade para toda cadeia produtiva da constru\u00e7\u00e3o. O Futuro da constru\u00e7\u00e3o passa por aqui,"},"uagb_featured_image_src":{"full":false,"thumbnail":false,"medium":false,"medium_large":false,"large":false,"1536x1536":false,"2048x2048":false},"uagb_author_info":{"display_name":"Jornal da Constru\u00e7\u00e3o Civil","author_link":"https:\/\/construcaocivil.siriusmarketingedesign.com.br\/?author=1"},"uagb_comment_info":0,"uagb_excerpt":"Evento acontece no Shopping Rio Mar, em Recife (PE), entre 09-12\/06 Explicar por que a constru\u00e7\u00e3o com drywall \u00e9 a mais indicada quando se busca isolamento ac\u00fastico. Esse \u00e9 o objetivo da Trevo Drywall ao participar da Mostra Construir, evento promovido pela Revista Construir Nordeste, entre os dias 09 e 12\/06, no Shopping Rio Mar,&hellip;","_links":{"self":[{"href":"https:\/\/construcaocivil.siriusmarketingedesign.com.br\/index.php?rest_route=\/wp\/v2\/posts\/1955","targetHints":{"allow":["GET"]}}],"collection":[{"href":"https:\/\/construcaocivil.siriusmarketingedesign.com.br\/index.php?rest_route=\/wp\/v2\/posts"}],"about":[{"href":"https:\/\/construcaocivil.siriusmarketingedesign.com.br\/index.php?rest_route=\/wp\/v2\/types\/post"}],"author":[{"embeddable":true,"href":"https:\/\/construcaocivil.siriusmarketingedesign.com.br\/index.php?rest_route=\/wp\/v2\/users\/1"}],"replies":[{"embeddable":true,"href":"https:\/\/construcaocivil.siriusmarketingedesign.com.br\/index.php?rest_route=%2Fwp%2Fv2%2Fcomments&post=1955"}],"version-history":[{"count":0,"href":"https:\/\/construcaocivil.siriusmarketingedesign.com.br\/index.php?rest_route=\/wp\/v2\/posts\/1955\/revisions"}],"wp:attachment":[{"href":"https:\/\/construcaocivil.siriusmarketingedesign.com.br\/index.php?rest_route=%2Fwp%2Fv2%2Fmedia&parent=1955"}],"wp:term":[{"taxonomy":"category","embeddable":true,"href":"https:\/\/construcaocivil.siriusmarketingedesign.com.br\/index.php?rest_route=%2Fwp%2Fv2%2Fcategories&post=1955"},{"taxonomy":"post_tag","embeddable":true,"href":"https:\/\/construcaocivil.siriusmarketingedesign.com.br\/index.php?rest_route=%2Fwp%2Fv2%2Ftags&post=1955"}],"curies":[{"name":"wp","href":"https:\/\/api.w.org\/{rel}","templated":true}]}}