{"id":19569,"date":"2022-06-29T01:07:14","date_gmt":"2022-06-29T04:07:14","guid":{"rendered":"https:\/\/www.jornaldaconstrucaocivil.com.br\/?p=19569"},"modified":"2022-06-29T01:12:10","modified_gmt":"2022-06-29T04:12:10","slug":"rio-de-janeiro-tera-2-mil-vagas-para-jovens-de-baixa-renda","status":"publish","type":"post","link":"https:\/\/construcaocivil.siriusmarketingedesign.com.br\/?p=19569","title":{"rendered":"Rio de Janeiro ter\u00e1 2 mil vagas para jovens de baixa renda"},"content":{"rendered":"<p class=\"v1MsoNormal\">O Instituto\u00a0PROA\u00a0tem refor\u00e7ado cada vez mais a import\u00e2ncia da empregabilidade para os jovens de baixa renda. Com isso, oferece milhares de oportunidades para eles se aperfei\u00e7oarem para o\u00a0mercado de trabalho, conectando-os com vagas de emprego. E, a pr\u00f3xima turma, que come\u00e7a no dia 1\u00ba de agosto, est\u00e1 com inscri\u00e7\u00f5es abertas no\u00a0site:<strong><span style=\"color: #0000ff;\">\u00a0<a style=\"color: #0000ff;\" href=\"https:\/\/www.proa.org.br\/\" target=\"_blank\" rel=\"noopener noreferrer\">https:\/\/www.proa.org.br\/<\/a>,<\/span><\/strong>\u00a0com 2 mil vagas dispon\u00edveis.<\/p>\n<p class=\"v1MsoNormal\">Para participar \u00e9 preciso ter entre 17 e 22 anos, estar cursando ou ter conclu\u00eddo o 3\u00ba ano do Ensino M\u00e9dio em escola p\u00fablica e morar no Estado do Rio de Janeiro. As inscri\u00e7\u00f5es v\u00e3o at\u00e9 o dia 26 de julho.<\/p>\n<p class=\"v1MsoNormal\">Na Plataforma PROA, os jovens que conclu\u00edram o Ensino M\u00e9dio em escolas p\u00fablicas e que buscam seu primeiro emprego, t\u00eam acesso gratuito a 100 horas de aulas com orienta\u00e7\u00e3o e apoio de tutores em encontros semanais ao vivo, \u00e0s quartas ou quintas-feiras, no melhor hor\u00e1rio para o aluno.<\/p>\n<p class=\"v1MsoNormal\">&#8220;O PROA foi um divisor de \u00e1guas para tudo o que eu pensava sobre o mercado do trabalho. Apenas depois de passar pelas disciplinas de Planejamento de Carreira, Projeto Profissional, Autoconhecimento, Racioc\u00ednio L\u00f3gico e Comunica\u00e7\u00e3o, que eu pude entender e me sentir preparada para o mundo. Tanto a plataforma PROA quanto as tutorias semanais foram essenciais para que eu me tornasse apta para conseguir meu primeiro emprego. Al\u00e9m disso, foi atrav\u00e9s do time de empregabilidade do curso que tive acesso \u00e0 oportunidade de emprego que conquistei duas semanas ap\u00f3s a conclus\u00e3o do PROA&#8221;, afirma Paloma Oliveira, PROANE do Rio, formada em 2021 e que hoje trabalha na ESPM-Rio.<\/p>\n<p class=\"v1MsoNormal\">A Plataforma\u00a0PROA\u00a0oferece m\u00f3dulos de: Autoconhecimento (20 horas), Planejamento de Carreira (20\u00a0horas), Projeto Profissional (20 horas), Racioc\u00ednio L\u00f3gico (20 horas), Comunica\u00e7\u00e3o (20 horas).\u00a0Ao final, os alunos que conclu\u00edrem estar\u00e3o aptos para participarem de processos seletivos para\u00a0vagas de posi\u00e7\u00f5es de in\u00edcio de carreira e primeiro emprego. Todos recebem certificado de\u00a0conclus\u00e3o emitido pelo\u00a0PROA\u00a0e t\u00eam acesso a vagas de emprego dispon\u00edveis no mercado.<\/p>\n<p class=\"v1MsoNormal\">E agora os alunos que preferem estudar presencialmente t\u00eam acesso ao espa\u00e7o do Instituto PROA e P&amp;G exclusivo, onde podem utilizar computadores para estudar e tirar d\u00favidas direto com um monitor. A sala fica na Biblioteca Parque Estadual, no Centro do Rio e conta com 20 computadores, com acesso \u00e0 internet. A sala funciona de segunda a sexta, das 10h \u00e0s 17h.<\/p>\n<p class=\"v1MsoNormal\">&#8220;A Biblioteca Parque Estadual foi escolhida por ser um espa\u00e7o que estimula a criatividade do jovem e ser um local de f\u00e1cil acesso, no centro da cidade. Vimos a necessidade dessa conectividade com nossos alunos, apoiando de perto cada um. Est\u00e1 sendo ainda mais produtivo e tendo grandes resultados com todos os jovens que buscam uma nova oportunidade. Nosso objetivo \u00e9 construir um grande legado para a cidade, com novos profissionais especializados e prontos para o mercado&#8221;, afirma Alini Dal&#8217;Magro, CEO do Instituto\u00a0PROA.<\/p>\n<p class=\"v1MsoNormal\">Al\u00e9m da trilha b\u00e1sica do curso, o\u00a0PROA\u00a0oferece cinco trilhas t\u00e9cnicas patrocinadas por diferentes\u00a0empresas, onde os alunos podem aprender An\u00e1lise de Dados (patrocinado pelo iFood), Varejo (Via &#8211; Funda\u00e7\u00e3o\u00a0Casas Bahia), Administra\u00e7\u00e3o (P&amp;G), Log\u00edstica (P&amp;G), UX Design (Accenture) e Promo\u00e7\u00e3o de Marcas (BRF).<\/p>\n<p class=\"v1MsoNormal\">&#8220;Seguimos confiantes na parceria Instituto PROA, P&amp;G, o CODIN e a SEDEERI para promover a inclus\u00e3o produtiva do jovem fluminense no mercado de trabalho. O objetivo \u00e9 trazer cada vez mais solu\u00e7\u00f5es para os jovens do Estado do Rio&#8221;, afirma o Governador do Estado do Rio de Janeiro, Cl\u00e1udio Castro.<\/p>\n<p class=\"v1MsoNormal\">A Secretaria de Desenvolvimento Econ\u00f4mico participa ajudando a inserir os jovens formados no mercado de trabalho.<\/p>\n<p class=\"v1MsoNormal\">\u00a0&#8220;Para n\u00f3s \u00e9 muito importante ter essa iniciativa em nosso estado. Gerar emprego e renda \u00e9 a prioridade do governador Cl\u00e1udio Castro. Da\u00ed a import\u00e2ncia de aumentar a empregabilidade. Queremos capacitar cada vez mais jovens e trazer competitividade ao mercado de trabalho fluminense&#8221;, explica o secret\u00e1rio de Desenvolvimento Econ\u00f4mico, Energia e Rela\u00e7\u00f5es Internacionais, C\u00e1ssio Coelho.<\/p>\n<p class=\"v1MsoNormal\">\u00a0 A iniciativa conta com a parceria da Procter &amp;\u00a0Gamble, da Secretaria de Estado de\u00a0Desenvolvimento Econ\u00f4mico, Energia e Rela\u00e7\u00f5es Internacionais (SEDEERI) e da Companhia de\u00a0Desenvolvimento Industrial do Estado do Rio de Janeiro (CODIN RJ).<\/p>\n<p class=\"v1MsoNormal\">&#8220;Nosso objetivo com a parceria com o\u00a0PROA\u00a0\u00e9 fomentar o\u00a0mercado de trabalho para os jovens,\u00a0promovendo a inclus\u00e3o\u00a0produtiva. Centenas de jovens ser\u00e3o conduzidos \u00e0s vagas em empresas parceiras do\u00a0PROA\u00a0em munic\u00edpios do Estado e na\u00a0pr\u00f3pria P&amp;G&#8221;, finaliza Andr\u00e9 Felic\u00edssimo, presidente da P&amp;G no Brasil.<\/p>\n<p class=\"v1MsoNormal\"><b>Servi\u00e7o:<\/b><\/p>\n<p class=\"v1MsoNormal\">&#8211; Ter entre 17 e 22 anos;<\/p>\n<p class=\"v1MsoNormal\">&#8211; Morar no Estado do Rio de Janeiro;<\/p>\n<p class=\"v1MsoNormal\">&#8211; Estar cursando ou ter conclu\u00eddo o 3\u00ba ano do Ensino M\u00e9dio em escola p\u00fablica.<\/p>\n<p class=\"v1MsoNormal\">Inscri\u00e7\u00f5es: 2 de maio a 26 de julho<\/p>\n<p class=\"v1MsoNormal\">In\u00edcio das aulas: 1\u00ba de agosto<\/p>\n<p class=\"v1MsoNormal\">As inscri\u00e7\u00f5es podem ser feitas pelo site:<strong><span style=\"color: #0000ff;\">\u00a0<a style=\"color: #0000ff;\" href=\"http:\/\/www.proa.org.br\/\" target=\"_blank\" rel=\"noopener noreferrer\">http:\/\/www.proa.org.br<\/a><\/span><\/strong><\/p>\n<p class=\"v1MsoNormal\">Inscri\u00e7\u00f5es e informa\u00e7\u00f5es:<strong><span style=\"color: #0000ff;\">\u00a0<a style=\"color: #0000ff;\" href=\"http:\/\/www.proa.org.br\/\" target=\"_blank\" rel=\"noopener noreferrer\">http:\/\/www.proa.org.br<\/a><\/span><\/strong><\/p>\n<p class=\"v1MsoNormal\">\n","protected":false},"excerpt":{"rendered":"<p>O Instituto\u00a0PROA\u00a0tem refor\u00e7ado cada vez mais a import\u00e2ncia da empregabilidade para os jovens de baixa renda. Com isso, oferece milhares de oportunidades para eles se aperfei\u00e7oarem para o\u00a0mercado de trabalho, conectando-os com vagas de emprego. E, a pr\u00f3xima turma, que come\u00e7a no dia 1\u00ba de agosto, est\u00e1 com inscri\u00e7\u00f5es abertas no\u00a0site:\u00a0https:\/\/www.proa.org.br\/,\u00a0com 2 mil vagas dispon\u00edveis. [&hellip;]<\/p>\n","protected":false},"author":1,"featured_media":19570,"comment_status":"open","ping_status":"open","sticky":false,"template":"","format":"standard","meta":{"_uag_custom_page_level_css":"","footnotes":""},"categories":[27],"tags":[24023,24024,24020,24022,24021],"class_list":["post-19569","post","type-post","status-publish","format-standard","has-post-thumbnail","hentry","category-acontece","tag-biblioteca-parque-estadual","tag-cursos-para-jovens-de-baixa-renda","tag-instituto-proa","tag-pg","tag-sala-pg-proa"],"blocksy_meta":[],"spectra_blocks_featured_image_url":{"thumbnail":{"url":"https:\/\/construcaocivil.siriusmarketingedesign.com.br\/wp-content\/uploads\/2022\/06\/Sala-PG-PROA-Foto-de-Marcelo-Gigante-1-150x150.jpeg","width":150,"height":150},"medium":{"url":"https:\/\/construcaocivil.siriusmarketingedesign.com.br\/wp-content\/uploads\/2022\/06\/Sala-PG-PROA-Foto-de-Marcelo-Gigante-1-300x200.jpeg","width":300,"height":200},"medium_large":{"url":"https:\/\/construcaocivil.siriusmarketingedesign.com.br\/wp-content\/uploads\/2022\/06\/Sala-PG-PROA-Foto-de-Marcelo-Gigante-1-768x512.jpeg","width":768,"height":512},"large":{"url":"https:\/\/construcaocivil.siriusmarketingedesign.com.br\/wp-content\/uploads\/2022\/06\/Sala-PG-PROA-Foto-de-Marcelo-Gigante-1-1024x683.jpeg","width":1024,"height":683},"full":{"url":"https:\/\/construcaocivil.siriusmarketingedesign.com.br\/wp-content\/uploads\/2022\/06\/Sala-PG-PROA-Foto-de-Marcelo-Gigante-1.jpeg","width":1280,"height":854}},"spectra_blocks_author_info":{"display_name":"Jornal da Constru\u00e7\u00e3o Civil","avatar_url":"https:\/\/secure.gravatar.com\/avatar\/973c9774fd44ddaceb026973c4962faa70fc512bc4c9da68e8ebb40fecee6540?s=96&d=mm&r=g","author_link":"https:\/\/construcaocivil.siriusmarketingedesign.com.br\/?author=1","description":"Desde de 2013, levando muitas informa\u00e7\u00f5es, lan\u00e7amentos e produtos de qualidade para toda cadeia produtiva da constru\u00e7\u00e3o. O Futuro da constru\u00e7\u00e3o passa por aqui,"},"uagb_featured_image_src":{"full":["https:\/\/construcaocivil.siriusmarketingedesign.com.br\/wp-content\/uploads\/2022\/06\/Sala-PG-PROA-Foto-de-Marcelo-Gigante-1.jpeg",1280,854,false],"thumbnail":["https:\/\/construcaocivil.siriusmarketingedesign.com.br\/wp-content\/uploads\/2022\/06\/Sala-PG-PROA-Foto-de-Marcelo-Gigante-1-150x150.jpeg",150,150,true],"medium":["https:\/\/construcaocivil.siriusmarketingedesign.com.br\/wp-content\/uploads\/2022\/06\/Sala-PG-PROA-Foto-de-Marcelo-Gigante-1-300x200.jpeg",300,200,true],"medium_large":["https:\/\/construcaocivil.siriusmarketingedesign.com.br\/wp-content\/uploads\/2022\/06\/Sala-PG-PROA-Foto-de-Marcelo-Gigante-1-768x512.jpeg",768,512,true],"large":["https:\/\/construcaocivil.siriusmarketingedesign.com.br\/wp-content\/uploads\/2022\/06\/Sala-PG-PROA-Foto-de-Marcelo-Gigante-1-1024x683.jpeg",1024,683,true],"1536x1536":["https:\/\/construcaocivil.siriusmarketingedesign.com.br\/wp-content\/uploads\/2022\/06\/Sala-PG-PROA-Foto-de-Marcelo-Gigante-1.jpeg",1280,854,false],"2048x2048":["https:\/\/construcaocivil.siriusmarketingedesign.com.br\/wp-content\/uploads\/2022\/06\/Sala-PG-PROA-Foto-de-Marcelo-Gigante-1.jpeg",1280,854,false]},"uagb_author_info":{"display_name":"Jornal da Constru\u00e7\u00e3o Civil","author_link":"https:\/\/construcaocivil.siriusmarketingedesign.com.br\/?author=1"},"uagb_comment_info":0,"uagb_excerpt":"O Instituto\u00a0PROA\u00a0tem refor\u00e7ado cada vez mais a import\u00e2ncia da empregabilidade para os jovens de baixa renda. Com isso, oferece milhares de oportunidades para eles se aperfei\u00e7oarem para o\u00a0mercado de trabalho, conectando-os com vagas de emprego. E, a pr\u00f3xima turma, que come\u00e7a no dia 1\u00ba de agosto, est\u00e1 com inscri\u00e7\u00f5es abertas no\u00a0site:\u00a0https:\/\/www.proa.org.br\/,\u00a0com 2 mil vagas dispon\u00edveis.&hellip;","_links":{"self":[{"href":"https:\/\/construcaocivil.siriusmarketingedesign.com.br\/index.php?rest_route=\/wp\/v2\/posts\/19569","targetHints":{"allow":["GET"]}}],"collection":[{"href":"https:\/\/construcaocivil.siriusmarketingedesign.com.br\/index.php?rest_route=\/wp\/v2\/posts"}],"about":[{"href":"https:\/\/construcaocivil.siriusmarketingedesign.com.br\/index.php?rest_route=\/wp\/v2\/types\/post"}],"author":[{"embeddable":true,"href":"https:\/\/construcaocivil.siriusmarketingedesign.com.br\/index.php?rest_route=\/wp\/v2\/users\/1"}],"replies":[{"embeddable":true,"href":"https:\/\/construcaocivil.siriusmarketingedesign.com.br\/index.php?rest_route=%2Fwp%2Fv2%2Fcomments&post=19569"}],"version-history":[{"count":0,"href":"https:\/\/construcaocivil.siriusmarketingedesign.com.br\/index.php?rest_route=\/wp\/v2\/posts\/19569\/revisions"}],"wp:featuredmedia":[{"embeddable":true,"href":"https:\/\/construcaocivil.siriusmarketingedesign.com.br\/index.php?rest_route=\/wp\/v2\/media\/19570"}],"wp:attachment":[{"href":"https:\/\/construcaocivil.siriusmarketingedesign.com.br\/index.php?rest_route=%2Fwp%2Fv2%2Fmedia&parent=19569"}],"wp:term":[{"taxonomy":"category","embeddable":true,"href":"https:\/\/construcaocivil.siriusmarketingedesign.com.br\/index.php?rest_route=%2Fwp%2Fv2%2Fcategories&post=19569"},{"taxonomy":"post_tag","embeddable":true,"href":"https:\/\/construcaocivil.siriusmarketingedesign.com.br\/index.php?rest_route=%2Fwp%2Fv2%2Ftags&post=19569"}],"curies":[{"name":"wp","href":"https:\/\/api.w.org\/{rel}","templated":true}]}}