{"id":196,"date":"2015-10-14T19:20:18","date_gmt":"2015-10-14T19:20:18","guid":{"rendered":"http:\/\/www.jornaldaconstrucaocivil.com.br\/?p=196"},"modified":"2015-10-14T19:20:18","modified_gmt":"2015-10-14T19:20:18","slug":"cintec-2015-construcao-civil-arquitetura-e-urbanismo-discute-construcao-sustentavel-eficiencia-energetica-bim-e-implicacoes-da-norma-de-desempenho","status":"publish","type":"post","link":"https:\/\/construcaocivil.siriusmarketingedesign.com.br\/?p=196","title":{"rendered":"Cintec 2015 Constru\u00e7\u00e3o Civil, Arquitetura e Urbanismo discute constru\u00e7\u00e3o sustent\u00e1vel, efici\u00eancia energ\u00e9tica, BIM e implica\u00e7\u00f5es da norma de desempenho"},"content":{"rendered":"<p><strong><span style=\"color: #000000;\">Na edi\u00e7\u00e3o de 2015 a Intercon \u2013 Feira e Congresso da Constru\u00e7\u00e3o Civil, de 21 a 24 de outubro -, al\u00e9m de apresentar 80 marcas expositoras tamb\u00e9m contar\u00e1, paralelamente, com o Congresso de Inova\u00e7\u00e3o Tecnol\u00f3gica &#8211; Cintec 2015 Constru\u00e7\u00e3o Civil, Arquitetura e Urbanismo, uma realiza\u00e7\u00e3o da UniSociesc.<\/span><\/strong><\/p>\n<p><span style=\"color: #000000;\">No dia 21 de outubro, \u00e0s 19h30, acontece a palestra de abertura, com entrada franca.<strong> \u201cConstru\u00e7\u00e3o Civil: conceito x mercado\u201d<\/strong> ser\u00e1 o tema abordado por Cl\u00f3vis Steffen de Albuquerque Filho, diretor comercial da Construtora San Remo (Curitiba).<\/span><\/p>\n<p><span style=\"color: #000000;\">As palestras t\u00e9cnicas ocorrem dia 22 de outubro e iniciam \u00e0s 17h com Ivanor Fantin J\u00fanior, assessor t\u00e9cnico de engenharia junto ao SINDUSCON Paran\u00e1, falando sobre <strong>\u201cImplica\u00e7\u00f5es da norma de desempenho na constru\u00e7\u00e3o civil\u201d<\/strong>.<\/span><\/p>\n<p><span style=\"color: #000000;\">Em seguida, \u00e0s 17h45, Paulo Henrique Laporte Ambrozewicz, diretor da L&amp;A consultoria engenharia de obras e projetos, abordar\u00e1 a \u201cGest\u00e3o da qualidade na constru\u00e7\u00e3o civil\u201d. \u00c0s 18h30, \u201cBIM para projeto e obra\u201d ser\u00e1 o assunto discutido por Tiago Francisco Campestrini, diretor da Campestrini Tecnologia.<\/span><\/p>\n<p><span style=\"color: #000000;\">A \u00faltima palestra do Cintec inicia \u00e0s 19h15:<strong> \u201cEfici\u00eancia energ\u00e9tica, constru\u00e7\u00e3o sustent\u00e1vel e certifica\u00e7\u00e3o LEED\u201d<\/strong>. Guido Petinelli, s\u00f3cio-diretor da Petinelli, empresa de engenharia e consultoria em constru\u00e7\u00e3o sustent\u00e1vel e certifica\u00e7\u00e3o LEED com escrit\u00f3rios em Curitiba-PR e Porto Alegre-RS, discorrer\u00e1 sobre o tema.<\/span><\/p>\n<p><span style=\"color: #000000;\">As palestras de abertura e t\u00e9cnicas ocorrer\u00e3o no audit\u00f3rio da Expoville. Inscri\u00e7\u00f5es e informa\u00e7\u00f5es pelo e-mail<span style=\"color: #0000ff;\"> cintec@sociesc.org.br<\/span> ou pelo telefone <span style=\"color: #0000ff;\">(47) 3461-0160<\/span>.<\/span><\/p>\n<p><strong><span style=\"color: #000000;\">Minicursos<\/span><\/strong><br \/>\n<span style=\"color: #000000;\">Al\u00e9m das palestras na Expoville, o Cintec abrange uma programa\u00e7\u00e3o de minicursos ministrados na UniSociesc &#8211; Campus Marques de Olinda. Os cursos possuem carga hor\u00e1ria de quatro e oito horas e ser\u00e3o realizados das 08h \u00e0s 12h. Confira abaixo a programa\u00e7\u00e3o:<\/span><\/p>\n<p><span style=\"color: #000000;\">Cursos com carga hor\u00e1ria de oito horas (duas manh\u00e3s)<\/span><\/p>\n<p><span style=\"color: #000000;\">Minicurso 01 &#8211; An\u00e1lise gerencial de custos na constru\u00e7\u00e3o civil <\/span><br \/>\n<span style=\"color: #000000;\">Palestrante: Jerber Antonio Cavasolla \u2013 UNISOCIESC<\/span><br \/>\n<span style=\"color: #000000;\">Data: 20 e 21 de outubro de 2015<\/span><\/p>\n<p><span style=\"color: #000000;\">Minicurso 03 &#8211; Aplica\u00e7\u00f5es da mentalidade enxuta na constru\u00e7\u00e3o civil: Lean Construction <\/span><br \/>\n<span style=\"color: #000000;\">Palestrante: \u00c1lvaro Paz Graziani &#8211; UNISOCIESC<\/span><br \/>\n<span style=\"color: #000000;\">Data: 22 e 23 de outubro de 2015<\/span><\/p>\n<p><span style=\"color: #000000;\">Cursos com carga hor\u00e1ria de quatro horas (uma manh\u00e3)<\/span><\/p>\n<p><span style=\"color: #000000;\">Minicurso 02 &#8211; Novas tecnologias construtivas aplicadas ao projeto<\/span><br \/>\n<span style=\"color: #000000;\">Palestrante: Jacksson Depoli &#8211; ARQBOX<\/span><br \/>\n<span style=\"color: #000000;\">Data: 21 de outubro de 2015<\/span><\/p>\n<p><span style=\"color: #000000;\">Minicurso 04 &#8211; Monitoramento e gest\u00e3o por indicadores de controle para as obras<\/span><br \/>\n<span style=\"color: #000000;\">Palestrante &#8211; Auriciane Colzani Fachini &#8211; PLG PLANEJAMENTO E GEST\u00c3O<\/span><br \/>\n<span style=\"color: #000000;\">Data: 22 de outubro de 2015<\/span><\/p>\n<p><span style=\"color: #000000;\">Minicurso 05 &#8211; Seguran\u00e7a na Constru\u00e7\u00e3o Civil<\/span><br \/>\n<span style=\"color: #000000;\">Palestrante: Gean Carlos Rodrigues &#8211; FIESC &#8211; SESI\/SC<\/span><br \/>\n<span style=\"color: #000000;\">Data: 23 de outubro de 2015<\/span><\/p>\n<p><span style=\"color: #000000;\">Inscri\u00e7\u00f5es e informa\u00e7\u00f5es pelo e-mail <span style=\"color: #0000ff;\">cintec@sociesc.org.br<\/span> ou pelo telefone <span style=\"color: #0000ff;\">(47) 3461-0160<\/span><\/span><\/p>\n<p><span style=\"color: #000000;\">Servi\u00e7o<\/span><br \/>\n<span style=\"color: #000000;\">Intercon 2015 \u2013 Feira e Congresso da Constru\u00e7\u00e3o Civil<\/span><br \/>\n<span style=\"color: #000000;\">www.feiraintercon.com.br<\/span><br \/>\n<span style=\"color: #000000;\">Data: 21 a 24 de outubro de 2015<\/span><br \/>\n<span style=\"color: #000000;\">Hor\u00e1rio: 15h \u00e0s 22h (s\u00e1bado: 13h \u00e0s 19h)<\/span><br \/>\n<span style=\"color: #000000;\">Local: Expoville \u2013 Joinville\/SC<\/span><br \/>\n<span style=\"color: #000000;\">Organiza\u00e7\u00e3o: Messe Brasil<\/span><\/p>\n<p><span style=\"color: #000000;\">Cintec Constru\u00e7\u00e3o Civil, Arquitetura e Urbanismo<\/span><br \/>\n<span style=\"color: #000000;\">Inscri\u00e7\u00f5es e informa\u00e7\u00f5es pelo e-mail cintec@sociesc.org.br ou pelo telefone (47) 3461-0160.<\/span><br \/>\n<span style=\"color: #000000;\">www.sociesc.org.br\/cintec<\/span><\/p>\n<p><span style=\"color: #000000;\">Assessoria de Comunica\u00e7\u00e3o<\/span><br \/>\n<span style=\"color: #000000;\">Messe Brasil \u2013 (www.messebrasil.com.br) \u2013 47 3451-3000<\/span><br \/>\n<span style=\"color: #000000;\">Renata Freitas de Camargo \u2013 renata@messebrasil.com.br<\/span><\/p>\n","protected":false},"excerpt":{"rendered":"<p>Na edi\u00e7\u00e3o de 2015 a Intercon \u2013 Feira e Congresso da Constru\u00e7\u00e3o Civil, de 21 a 24 de outubro -, al\u00e9m de apresentar 80 marcas expositoras tamb\u00e9m contar\u00e1, paralelamente, com o Congresso de Inova\u00e7\u00e3o Tecnol\u00f3gica &#8211; Cintec 2015 Constru\u00e7\u00e3o Civil, Arquitetura e Urbanismo, uma realiza\u00e7\u00e3o da UniSociesc. No dia 21 de outubro, \u00e0s 19h30, acontece [&hellip;]<\/p>\n","protected":false},"author":1,"featured_media":0,"comment_status":"open","ping_status":"open","sticky":false,"template":"","format":"standard","meta":{"_uag_custom_page_level_css":"","footnotes":""},"categories":[27],"tags":[923,2303,4920,6272],"class_list":["post-196","post","type-post","status-publish","format-standard","hentry","category-acontece","tag-arquitetura-e-urbanismo","tag-cintec-2015","tag-feira","tag-intercon"],"blocksy_meta":[],"spectra_blocks_featured_image_url":null,"spectra_blocks_author_info":{"display_name":"Jornal da Constru\u00e7\u00e3o Civil","avatar_url":"https:\/\/secure.gravatar.com\/avatar\/973c9774fd44ddaceb026973c4962faa70fc512bc4c9da68e8ebb40fecee6540?s=96&d=mm&r=g","author_link":"https:\/\/construcaocivil.siriusmarketingedesign.com.br\/?author=1","description":"Desde de 2013, levando muitas informa\u00e7\u00f5es, lan\u00e7amentos e produtos de qualidade para toda cadeia produtiva da constru\u00e7\u00e3o. O Futuro da constru\u00e7\u00e3o passa por aqui,"},"uagb_featured_image_src":{"full":false,"thumbnail":false,"medium":false,"medium_large":false,"large":false,"1536x1536":false,"2048x2048":false},"uagb_author_info":{"display_name":"Jornal da Constru\u00e7\u00e3o Civil","author_link":"https:\/\/construcaocivil.siriusmarketingedesign.com.br\/?author=1"},"uagb_comment_info":0,"uagb_excerpt":"Na edi\u00e7\u00e3o de 2015 a Intercon \u2013 Feira e Congresso da Constru\u00e7\u00e3o Civil, de 21 a 24 de outubro -, al\u00e9m de apresentar 80 marcas expositoras tamb\u00e9m contar\u00e1, paralelamente, com o Congresso de Inova\u00e7\u00e3o Tecnol\u00f3gica &#8211; Cintec 2015 Constru\u00e7\u00e3o Civil, Arquitetura e Urbanismo, uma realiza\u00e7\u00e3o da UniSociesc. No dia 21 de outubro, \u00e0s 19h30, acontece&hellip;","_links":{"self":[{"href":"https:\/\/construcaocivil.siriusmarketingedesign.com.br\/index.php?rest_route=\/wp\/v2\/posts\/196","targetHints":{"allow":["GET"]}}],"collection":[{"href":"https:\/\/construcaocivil.siriusmarketingedesign.com.br\/index.php?rest_route=\/wp\/v2\/posts"}],"about":[{"href":"https:\/\/construcaocivil.siriusmarketingedesign.com.br\/index.php?rest_route=\/wp\/v2\/types\/post"}],"author":[{"embeddable":true,"href":"https:\/\/construcaocivil.siriusmarketingedesign.com.br\/index.php?rest_route=\/wp\/v2\/users\/1"}],"replies":[{"embeddable":true,"href":"https:\/\/construcaocivil.siriusmarketingedesign.com.br\/index.php?rest_route=%2Fwp%2Fv2%2Fcomments&post=196"}],"version-history":[{"count":0,"href":"https:\/\/construcaocivil.siriusmarketingedesign.com.br\/index.php?rest_route=\/wp\/v2\/posts\/196\/revisions"}],"wp:attachment":[{"href":"https:\/\/construcaocivil.siriusmarketingedesign.com.br\/index.php?rest_route=%2Fwp%2Fv2%2Fmedia&parent=196"}],"wp:term":[{"taxonomy":"category","embeddable":true,"href":"https:\/\/construcaocivil.siriusmarketingedesign.com.br\/index.php?rest_route=%2Fwp%2Fv2%2Fcategories&post=196"},{"taxonomy":"post_tag","embeddable":true,"href":"https:\/\/construcaocivil.siriusmarketingedesign.com.br\/index.php?rest_route=%2Fwp%2Fv2%2Ftags&post=196"}],"curies":[{"name":"wp","href":"https:\/\/api.w.org\/{rel}","templated":true}]}}