{"id":1961,"date":"2016-06-02T00:45:12","date_gmt":"2016-06-02T00:45:12","guid":{"rendered":"http:\/\/www.jornaldaconstrucaocivil.com.br\/?p=1961"},"modified":"2016-06-02T00:45:12","modified_gmt":"2016-06-02T00:45:12","slug":"em-sergipe-produtores-sao-beneficiados-por-novos-sistemas-de-captacao-de-agua","status":"publish","type":"post","link":"https:\/\/construcaocivil.siriusmarketingedesign.com.br\/?p=1961","title":{"rendered":"Em Sergipe, produtores s\u00e3o beneficiados por novos sistemas de capta\u00e7\u00e3o de \u00e1gua"},"content":{"rendered":"<p><span style=\"color: #800080;\"><strong>Com investimento de R$ 2,2 milh\u00f5es, medida vai garantir regularidade\u00a0de abastecimento em tr\u00eas per\u00edmetros irrigados<\/strong><\/span><\/p>\n<p><span style=\"color: #000000;\">Bras\u00edlia-DF, 31\/5\/2016 &#8211; Mais de 1.500 agricultores que viram sua capacidade produtiva amea\u00e7ada em fun\u00e7\u00e3o de sucessivas redu\u00e7\u00f5es da vaz\u00e3o do rio S\u00e3o Francisco, em Sergipe, ter\u00e3o o fornecimento de \u00e1gua garantido em seus lotes. Novos sistemas de capta\u00e7\u00e3o flutuantes, j\u00e1 prontos para opera\u00e7\u00e3o, foram instalados nos per\u00edmetros irrigados Propri\u00e1, Cotinguiba\/Pindoba e Betume, respons\u00e1veis por aproximadamente oito mil empregos diretos e indiretos na regi\u00e3o do Baixo S\u00e3o Francisco sergipano.<\/span><\/p>\n<p><span style=\"color: #000000;\">\u201cA orienta\u00e7\u00e3o do presidente Michel Temer \u00e9 para implementarmos as prioridades de cada regi\u00e3o com o olhar atento para o Norte e Nordeste, no sentido de fazer chegar as a\u00e7\u00f5es de governo. Esta \u00e9 a demonstra\u00e7\u00e3o do comprometimento do governo federal com a popula\u00e7\u00e3o de Sergipe\u201d, afirma o ministro da Integra\u00e7\u00e3o Nacional, Helder Barbalho.<\/span><\/p>\n<p><span style=\"color: #000000;\">Cerca de R$ 2,2 milh\u00f5es foram investidos pelo Minist\u00e9rio da Integra\u00e7\u00e3o Nacional, por meio da Companhia de Desenvolvimento dos Vales do S\u00e3o Francisco e do Parna\u00edba (Codevasf). Em toda a bacia do S\u00e3o Francisco, a Companhia j\u00e1 investiu R$ 38 milh\u00f5es em a\u00e7\u00f5es emergenciais para instala\u00e7\u00e3o de bombas flutuantes e para o desassoreamento de canais de aproxima\u00e7\u00e3o. As medidas asseguram a capta\u00e7\u00e3o e o fornecimento de \u00e1gua para per\u00edmetros irrigados e para consumo humano.<\/span><\/p>\n<p><span style=\"color: #000000;\">O superintendente regional da Codevasf em Sergipe, Said Schoucair, afirma que os novos sistemas de capta\u00e7\u00e3o de \u00e1gua v\u00e3o garantir condi\u00e7\u00f5es para o plantio da pr\u00f3xima safra de arroz, uma das principais culturas nos per\u00edmetros do Baixo S\u00e3o Francisco. \u201cFirmamos um compromisso com os irrigantes pela melhoria da infraestrutura dos per\u00edmetros\u201d, disse Said, acrescentando que a iniciativa contribui para o desenvolvimento de toda a regi\u00e3o.<\/span><\/p>\n<p><span style=\"color: #000000;\">A op\u00e7\u00e3o pelos sistemas flutuantes foi respaldada por estudos t\u00e9cnicos. \u201cEsses equipamentos acompanham a varia\u00e7\u00e3o de n\u00edvel do manancial h\u00eddrico; nesse caso, os rios S\u00e3o Francisco e Betume. Assim, solucionamos a quest\u00e3o da oferta de \u00e1gua para irriga\u00e7\u00e3o nessas localidades\u201d, explica Ricardo Martins, gerente regional de Irriga\u00e7\u00e3o da Companhia.<\/span><\/p>\n<p><span style=\"color: #000000;\"><strong>Safra garantida<\/strong><\/span><\/p>\n<p><span style=\"color: #000000;\">O per\u00edmetro irrigado Betume, uma das \u00e1reas beneficiadas com a implanta\u00e7\u00e3o dos flutuantes, produz anualmente uma m\u00e9dia de 22 mil toneladas de arroz, o que representa cerca de R$ 17 milh\u00f5es. Um total de 650 fam\u00edlias vive na \u00e1rea do per\u00edmetro. \u201cNossa safra estaria comprometida sem a implanta\u00e7\u00e3o das bombas, o que seria um verdadeiro caos econ\u00f4mico e social para a regi\u00e3o. A safra passada, por exemplo, foi bastante prejudicada. Alguns lotes come\u00e7aram a planta\u00e7\u00e3o com atraso e outros nem chegaram a plantar\u201d, conta Wendell Reis, gerente do per\u00edmetro.<\/span><\/p>\n<p><span style=\"color: #993300;\">Fonte: Assessoria de Comunica\u00e7\u00e3o Social do\u00a0Minist\u00e9rio\u00a0da\u00a0Integra\u00e7\u00e3o Nacional<\/span><\/p>\n","protected":false},"excerpt":{"rendered":"<p>Com investimento de R$ 2,2 milh\u00f5es, medida vai garantir regularidade\u00a0de abastecimento em tr\u00eas per\u00edmetros irrigados Bras\u00edlia-DF, 31\/5\/2016 &#8211; Mais de 1.500 agricultores que viram sua capacidade produtiva amea\u00e7ada em fun\u00e7\u00e3o de sucessivas redu\u00e7\u00f5es da vaz\u00e3o do rio S\u00e3o Francisco, em Sergipe, ter\u00e3o o fornecimento de \u00e1gua garantido em seus lotes. Novos sistemas de capta\u00e7\u00e3o flutuantes, [&hellip;]<\/p>\n","protected":false},"author":1,"featured_media":0,"comment_status":"open","ping_status":"open","sticky":false,"template":"","format":"standard","meta":{"_uag_custom_page_level_css":"","footnotes":""},"categories":[27],"tags":[1836,2391,7709,8663,10401,10901,12186],"class_list":["post-1961","post","type-post","status-publish","format-standard","hentry","category-acontece","tag-captacao-de-agua","tag-codevasf","tag-ministerio-da-integracao-nacional","tag-parnaiba","tag-rio-sao-francisco","tag-sergipe","tag-vale-do-sao-francisco"],"blocksy_meta":[],"spectra_blocks_featured_image_url":null,"spectra_blocks_author_info":{"display_name":"Jornal da Constru\u00e7\u00e3o Civil","avatar_url":"https:\/\/secure.gravatar.com\/avatar\/973c9774fd44ddaceb026973c4962faa70fc512bc4c9da68e8ebb40fecee6540?s=96&d=mm&r=g","author_link":"https:\/\/construcaocivil.siriusmarketingedesign.com.br\/?author=1","description":"Desde de 2013, levando muitas informa\u00e7\u00f5es, lan\u00e7amentos e produtos de qualidade para toda cadeia produtiva da constru\u00e7\u00e3o. O Futuro da constru\u00e7\u00e3o passa por aqui,"},"uagb_featured_image_src":{"full":false,"thumbnail":false,"medium":false,"medium_large":false,"large":false,"1536x1536":false,"2048x2048":false},"uagb_author_info":{"display_name":"Jornal da Constru\u00e7\u00e3o Civil","author_link":"https:\/\/construcaocivil.siriusmarketingedesign.com.br\/?author=1"},"uagb_comment_info":0,"uagb_excerpt":"Com investimento de R$ 2,2 milh\u00f5es, medida vai garantir regularidade\u00a0de abastecimento em tr\u00eas per\u00edmetros irrigados Bras\u00edlia-DF, 31\/5\/2016 &#8211; Mais de 1.500 agricultores que viram sua capacidade produtiva amea\u00e7ada em fun\u00e7\u00e3o de sucessivas redu\u00e7\u00f5es da vaz\u00e3o do rio S\u00e3o Francisco, em Sergipe, ter\u00e3o o fornecimento de \u00e1gua garantido em seus lotes. Novos sistemas de capta\u00e7\u00e3o flutuantes,&hellip;","_links":{"self":[{"href":"https:\/\/construcaocivil.siriusmarketingedesign.com.br\/index.php?rest_route=\/wp\/v2\/posts\/1961","targetHints":{"allow":["GET"]}}],"collection":[{"href":"https:\/\/construcaocivil.siriusmarketingedesign.com.br\/index.php?rest_route=\/wp\/v2\/posts"}],"about":[{"href":"https:\/\/construcaocivil.siriusmarketingedesign.com.br\/index.php?rest_route=\/wp\/v2\/types\/post"}],"author":[{"embeddable":true,"href":"https:\/\/construcaocivil.siriusmarketingedesign.com.br\/index.php?rest_route=\/wp\/v2\/users\/1"}],"replies":[{"embeddable":true,"href":"https:\/\/construcaocivil.siriusmarketingedesign.com.br\/index.php?rest_route=%2Fwp%2Fv2%2Fcomments&post=1961"}],"version-history":[{"count":0,"href":"https:\/\/construcaocivil.siriusmarketingedesign.com.br\/index.php?rest_route=\/wp\/v2\/posts\/1961\/revisions"}],"wp:attachment":[{"href":"https:\/\/construcaocivil.siriusmarketingedesign.com.br\/index.php?rest_route=%2Fwp%2Fv2%2Fmedia&parent=1961"}],"wp:term":[{"taxonomy":"category","embeddable":true,"href":"https:\/\/construcaocivil.siriusmarketingedesign.com.br\/index.php?rest_route=%2Fwp%2Fv2%2Fcategories&post=1961"},{"taxonomy":"post_tag","embeddable":true,"href":"https:\/\/construcaocivil.siriusmarketingedesign.com.br\/index.php?rest_route=%2Fwp%2Fv2%2Ftags&post=1961"}],"curies":[{"name":"wp","href":"https:\/\/api.w.org\/{rel}","templated":true}]}}