{"id":19616,"date":"2022-07-06T00:28:30","date_gmt":"2022-07-06T03:28:30","guid":{"rendered":"https:\/\/www.jornaldaconstrucaocivil.com.br\/?p=19616"},"modified":"2022-07-06T00:28:30","modified_gmt":"2022-07-06T03:28:30","slug":"programe-se-para-a-10a-edicao-da-corrida-do-aco","status":"publish","type":"post","link":"https:\/\/construcaocivil.siriusmarketingedesign.com.br\/?p=19616","title":{"rendered":"Programe-se para a 10\u00aa edi\u00e7\u00e3o da Corrida do A\u00e7o"},"content":{"rendered":"<p class=\"v1MsoNormal\">Julho, 2022 &#8211; Depois de 2 anos longe das ruas de Marab\u00e1, devido \u00e0 pandemia, a Corrida do A\u00e7o est\u00e1 de volta e j\u00e1 tem data marcada para acontecer. O evento, que j\u00e1 faz parte do calend\u00e1rio esportivo de Marab\u00e1 (PA), ser\u00e1 realizado no dia 25 de setembro, com largada e chegada na Pra\u00e7a S\u00e3o F\u00e9lix de Valois, em frente \u00e0 Orla de Marab\u00e1. Poder\u00e3o participar 700 atletas, 600 corredores e 100 pessoas para a caminhada, entre colaboradores da SINOBRAS e comunidade. Os percursos ser\u00e3o de cinco e dez quil\u00f4metros para a corrida e tr\u00eas quil\u00f4metros e meio para a caminhada.\u00a0<u><\/u><u><\/u><\/p>\n<p>\u00a0<u><\/u><u><\/u>O evento esportivo \u00e9 realizado em comemora\u00e7\u00e3o ao in\u00edcio da produ\u00e7\u00e3o do a\u00e7o no Par\u00e1 e busca incentivar o exerc\u00edcio f\u00edsico como promotor da sa\u00fade e da qualidade de vida. Reserve a data na sua agenda e prepare-se!<\/p>\n","protected":false},"excerpt":{"rendered":"<p>Julho, 2022 &#8211; Depois de 2 anos longe das ruas de Marab\u00e1, devido \u00e0 pandemia, a Corrida do A\u00e7o est\u00e1 de volta e j\u00e1 tem data marcada para acontecer. O evento, que j\u00e1 faz parte do calend\u00e1rio esportivo de Marab\u00e1 (PA), ser\u00e1 realizado no dia 25 de setembro, com largada e chegada na Pra\u00e7a S\u00e3o [&hellip;]<\/p>\n","protected":false},"author":1,"featured_media":19617,"comment_status":"open","ping_status":"open","sticky":false,"template":"","format":"standard","meta":{"_uag_custom_page_level_css":"","footnotes":""},"categories":[27],"tags":[14004,8170,8620,24042,12924],"class_list":["post-19616","post","type-post","status-publish","format-standard","has-post-thumbnail","hentry","category-acontece","tag-corrida-do-aco","tag-norte","tag-para","tag-saude-e-lazer","tag-sinobras"],"blocksy_meta":[],"spectra_blocks_featured_image_url":{"thumbnail":{"url":"https:\/\/construcaocivil.siriusmarketingedesign.com.br\/wp-content\/uploads\/2022\/07\/Corrida-do-Aco-2022-1200-x-627-150x150.jpg","width":150,"height":150},"medium":{"url":"https:\/\/construcaocivil.siriusmarketingedesign.com.br\/wp-content\/uploads\/2022\/07\/Corrida-do-Aco-2022-1200-x-627-300x157.jpg","width":300,"height":157},"medium_large":{"url":"https:\/\/construcaocivil.siriusmarketingedesign.com.br\/wp-content\/uploads\/2022\/07\/Corrida-do-Aco-2022-1200-x-627-768x402.jpg","width":768,"height":402},"large":{"url":"https:\/\/construcaocivil.siriusmarketingedesign.com.br\/wp-content\/uploads\/2022\/07\/Corrida-do-Aco-2022-1200-x-627-1024x536.jpg","width":1024,"height":536},"full":{"url":"https:\/\/construcaocivil.siriusmarketingedesign.com.br\/wp-content\/uploads\/2022\/07\/Corrida-do-Aco-2022-1200-x-627.jpg","width":1204,"height":630}},"spectra_blocks_author_info":{"display_name":"Jornal da Constru\u00e7\u00e3o Civil","avatar_url":"https:\/\/secure.gravatar.com\/avatar\/973c9774fd44ddaceb026973c4962faa70fc512bc4c9da68e8ebb40fecee6540?s=96&d=mm&r=g","author_link":"https:\/\/construcaocivil.siriusmarketingedesign.com.br\/?author=1","description":"Desde de 2013, levando muitas informa\u00e7\u00f5es, lan\u00e7amentos e produtos de qualidade para toda cadeia produtiva da constru\u00e7\u00e3o. O Futuro da constru\u00e7\u00e3o passa por aqui,"},"uagb_featured_image_src":{"full":["https:\/\/construcaocivil.siriusmarketingedesign.com.br\/wp-content\/uploads\/2022\/07\/Corrida-do-Aco-2022-1200-x-627.jpg",1204,630,false],"thumbnail":["https:\/\/construcaocivil.siriusmarketingedesign.com.br\/wp-content\/uploads\/2022\/07\/Corrida-do-Aco-2022-1200-x-627-150x150.jpg",150,150,true],"medium":["https:\/\/construcaocivil.siriusmarketingedesign.com.br\/wp-content\/uploads\/2022\/07\/Corrida-do-Aco-2022-1200-x-627-300x157.jpg",300,157,true],"medium_large":["https:\/\/construcaocivil.siriusmarketingedesign.com.br\/wp-content\/uploads\/2022\/07\/Corrida-do-Aco-2022-1200-x-627-768x402.jpg",768,402,true],"large":["https:\/\/construcaocivil.siriusmarketingedesign.com.br\/wp-content\/uploads\/2022\/07\/Corrida-do-Aco-2022-1200-x-627-1024x536.jpg",1024,536,true],"1536x1536":["https:\/\/construcaocivil.siriusmarketingedesign.com.br\/wp-content\/uploads\/2022\/07\/Corrida-do-Aco-2022-1200-x-627.jpg",1204,630,false],"2048x2048":["https:\/\/construcaocivil.siriusmarketingedesign.com.br\/wp-content\/uploads\/2022\/07\/Corrida-do-Aco-2022-1200-x-627.jpg",1204,630,false]},"uagb_author_info":{"display_name":"Jornal da Constru\u00e7\u00e3o Civil","author_link":"https:\/\/construcaocivil.siriusmarketingedesign.com.br\/?author=1"},"uagb_comment_info":0,"uagb_excerpt":"Julho, 2022 &#8211; Depois de 2 anos longe das ruas de Marab\u00e1, devido \u00e0 pandemia, a Corrida do A\u00e7o est\u00e1 de volta e j\u00e1 tem data marcada para acontecer. O evento, que j\u00e1 faz parte do calend\u00e1rio esportivo de Marab\u00e1 (PA), ser\u00e1 realizado no dia 25 de setembro, com largada e chegada na Pra\u00e7a S\u00e3o&hellip;","_links":{"self":[{"href":"https:\/\/construcaocivil.siriusmarketingedesign.com.br\/index.php?rest_route=\/wp\/v2\/posts\/19616","targetHints":{"allow":["GET"]}}],"collection":[{"href":"https:\/\/construcaocivil.siriusmarketingedesign.com.br\/index.php?rest_route=\/wp\/v2\/posts"}],"about":[{"href":"https:\/\/construcaocivil.siriusmarketingedesign.com.br\/index.php?rest_route=\/wp\/v2\/types\/post"}],"author":[{"embeddable":true,"href":"https:\/\/construcaocivil.siriusmarketingedesign.com.br\/index.php?rest_route=\/wp\/v2\/users\/1"}],"replies":[{"embeddable":true,"href":"https:\/\/construcaocivil.siriusmarketingedesign.com.br\/index.php?rest_route=%2Fwp%2Fv2%2Fcomments&post=19616"}],"version-history":[{"count":0,"href":"https:\/\/construcaocivil.siriusmarketingedesign.com.br\/index.php?rest_route=\/wp\/v2\/posts\/19616\/revisions"}],"wp:featuredmedia":[{"embeddable":true,"href":"https:\/\/construcaocivil.siriusmarketingedesign.com.br\/index.php?rest_route=\/wp\/v2\/media\/19617"}],"wp:attachment":[{"href":"https:\/\/construcaocivil.siriusmarketingedesign.com.br\/index.php?rest_route=%2Fwp%2Fv2%2Fmedia&parent=19616"}],"wp:term":[{"taxonomy":"category","embeddable":true,"href":"https:\/\/construcaocivil.siriusmarketingedesign.com.br\/index.php?rest_route=%2Fwp%2Fv2%2Fcategories&post=19616"},{"taxonomy":"post_tag","embeddable":true,"href":"https:\/\/construcaocivil.siriusmarketingedesign.com.br\/index.php?rest_route=%2Fwp%2Fv2%2Ftags&post=19616"}],"curies":[{"name":"wp","href":"https:\/\/api.w.org\/{rel}","templated":true}]}}