{"id":19687,"date":"2022-07-15T00:15:08","date_gmt":"2022-07-15T03:15:08","guid":{"rendered":"https:\/\/www.jornaldaconstrucaocivil.com.br\/?p=19687"},"modified":"2022-07-15T00:15:08","modified_gmt":"2022-07-15T03:15:08","slug":"2a-edicao-do-residencia-industrial-tem-inscricoes-abertas-ate-7-de-agosto","status":"publish","type":"post","link":"https:\/\/construcaocivil.siriusmarketingedesign.com.br\/?p=19687","title":{"rendered":"2\u00aa edi\u00e7\u00e3o do Resid\u00eancia Industrial tem inscri\u00e7\u00f5es abertas at\u00e9 7 de agosto"},"content":{"rendered":"<p>Empresas interessadas em participar da nova temporada do\u00a0<span style=\"color: #0000ff;\"><a style=\"color: #0000ff;\" href=\"https:\/\/s2207.digitalenvios.com\/link.php?code=bDpodHRwcyUzQSUyRiUyRnd3dzcuZmllbWcuY29tLmJyJTJGaWVsJTJGcHJvZHV0byUyRnJlc2lkZW5jaWEtaW5kdXN0cmlhbDo5MDcwNzU0ODg6c2V2ZXJpYW5Aam9ybmFsZGFjb25zdHJ1Y2FvY2l2aWwuY29tLmJyOjZlZDg5NDoxYg==\" target=\"_blank\" rel=\"noopener noreferrer\">Programa Resid\u00eancia Industrial<\/a>\u00a0<\/span>t\u00eam at\u00e9 7 de agosto para se inscrever no site da FIEMG, que disponibiliza todas as informa\u00e7\u00f5es sobre a iniciativa. Promovida pela Federa\u00e7\u00e3o, por meio do Instituto Euvaldo Lodi (IEL), em parceria com a Una, a capacita\u00e7\u00e3o promove ao universit\u00e1rio, uma viv\u00eancia que proporciona conhecimento, intera\u00e7\u00e3o e pr\u00e1tica no ambiente industrial. O programa chega \u00e0 2\u00aa edi\u00e7\u00e3o em 2022, sendo exclusiva aos alunos da Una em Minas Gerais.<\/p>\n<p>A turma do Resid\u00eancia Industrial 2021 teve a formatura em maio deste ano, na sede da Federa\u00e7\u00e3o, e foi acompanhada de uma \u00f3tima not\u00edcia: um ter\u00e7o dos participantes concluiu a capacita\u00e7\u00e3o j\u00e1 inseridos no mercado de trabalho. Em 2022, o programa chegou com uma proposta mais inovadora e aderente \u00e0s pr\u00e1ticas do mercado de trabalho, proporcionando ao participante que relacione os conhecimentos adquiridos aos da gradua\u00e7\u00e3o, conforme a gestora de Educa\u00e7\u00e3o Executiva do IEL,\u00a0<strong>Cinthya Andrade<\/strong>.<\/p>\n<p>O programa conta tamb\u00e9m com a participa\u00e7\u00e3o importante das empresas madrinhas, que submetem o estudante a um desafio relacionado a sua \u00e1rea de estudo. Com isso, o residente desenvolve o projeto proposto pela empresa, com apoio da equipe t\u00e9cnica e dos docentes do IEL.<\/p>\n<p>&#8220;A din\u00e2mica proposta pelo Programa Resid\u00eancia Industrial possibilita ao estudante o desenvolvimento de uma mentalidade voltada para os desafios profissionais, protagonismo, criatividade e solu\u00e7\u00e3o de problemas. Para as Empresas Madrinhas, o projeto permite a evolu\u00e7\u00e3o da Cultura Organizacional, por meio do desenvolvimento e capacita\u00e7\u00e3o de novos talentos&#8221;, observou Cinthya.<\/p>\n<p>Al\u00e9m do Sistema FIEMG, est\u00e3o participando da atual temporada as empresas 3A Digital, Brazauro Recursos Minerais SA, Off Gl\u00faten, Sistema Educacional Primeiros Passos e Fral\u00eda Cacau Brasil.<\/p>\n<p><strong>Retorno na pr\u00e1tica<\/strong><\/p>\n<p>Aluno do curso de Engenharia de Produ\u00e7\u00e3o na Una, Davidson Pedrosa foi um dos residentes da \u00faltima temporada do programa e conseguiu ser contratado por uma empresa. &#8220;Diante das dificuldades dos jovens estudantes que buscam ingressar no mercado de trabalho e conseguir uma primeira oportunidade, o Resid\u00eancia Industrial orienta e desenvolve os estudantes para alcan\u00e7arem e excel\u00eancia em suas \u00e1reas&#8221;, destacou.<\/p>\n<p>&#8220;Participar do Programa Resid\u00eancia Industrial tem proporcionado conhecimentos inovadores para o meu desenvolvimento individual e coletivo. Ser protagonista, independente e criativa \u00e9 um desafio que exige responsabilidade e, por meio do programa, compreendi que posso fazer a diferen\u00e7a, entregando as minhas melhores habilidades nas empresas, institui\u00e7\u00f5es e organiza\u00e7\u00f5es. Sou muito grata pela oportunidade&#8221;, disse J\u00falia Amany Borges, que concluiu o curso de Pedagogia e tamb\u00e9m participou da capacita\u00e7\u00e3o, ao se referir a algumas contribui\u00e7\u00f5es da iniciativa para o crescimento profissional dela.<\/p>\n<p>Clique\u00a0<span style=\"color: #0000ff;\"><a style=\"color: #0000ff;\" href=\"https:\/\/s2207.digitalenvios.com\/link.php?code=bDpodHRwcyUzQSUyRiUyRnd3dzcuZmllbWcuY29tLmJyJTJGaWVsJTJGcHJvZHV0byUyRnJlc2lkZW5jaWEtaW5kdXN0cmlhbDo5MDcwNzU0ODg6c2V2ZXJpYW5Aam9ybmFsZGFjb25zdHJ1Y2FvY2l2aWwuY29tLmJyOjZlZDg5NDoxYg==\" target=\"_blank\" rel=\"noopener noreferrer\">aqui<\/a>\u00a0<\/span>e saiba todas as informa\u00e7\u00f5es sobre o programa<\/p>\n","protected":false},"excerpt":{"rendered":"<p>Empresas interessadas em participar da nova temporada do\u00a0Programa Resid\u00eancia Industrial\u00a0t\u00eam at\u00e9 7 de agosto para se inscrever no site da FIEMG, que disponibiliza todas as informa\u00e7\u00f5es sobre a iniciativa. Promovida pela Federa\u00e7\u00e3o, por meio do Instituto Euvaldo Lodi (IEL), em parceria com a Una, a capacita\u00e7\u00e3o promove ao universit\u00e1rio, uma viv\u00eancia que proporciona conhecimento, intera\u00e7\u00e3o [&hellip;]<\/p>\n","protected":false},"author":1,"featured_media":19688,"comment_status":"open","ping_status":"open","sticky":false,"template":"","format":"standard","meta":{"_uag_custom_page_level_css":"","footnotes":""},"categories":[27],"tags":[24077,14759,5048],"class_list":["post-19687","post","type-post","status-publish","format-standard","has-post-thumbnail","hentry","category-acontece","tag-2a-edicao-do-residencia-industrial","tag-edificacoes-e-construcoes-residenciais","tag-fiemg"],"blocksy_meta":[],"spectra_blocks_featured_image_url":{"thumbnail":{"url":"https:\/\/construcaocivil.siriusmarketingedesign.com.br\/wp-content\/uploads\/2022\/07\/CURSO-150x150.jpg","width":150,"height":150},"medium":{"url":"https:\/\/construcaocivil.siriusmarketingedesign.com.br\/wp-content\/uploads\/2022\/07\/CURSO-300x116.jpg","width":300,"height":116},"medium_large":{"url":"https:\/\/construcaocivil.siriusmarketingedesign.com.br\/wp-content\/uploads\/2022\/07\/CURSO.jpg","width":620,"height":240},"large":{"url":"https:\/\/construcaocivil.siriusmarketingedesign.com.br\/wp-content\/uploads\/2022\/07\/CURSO.jpg","width":620,"height":240},"full":{"url":"https:\/\/construcaocivil.siriusmarketingedesign.com.br\/wp-content\/uploads\/2022\/07\/CURSO.jpg","width":620,"height":240}},"spectra_blocks_author_info":{"display_name":"Jornal da Constru\u00e7\u00e3o Civil","avatar_url":"https:\/\/secure.gravatar.com\/avatar\/973c9774fd44ddaceb026973c4962faa70fc512bc4c9da68e8ebb40fecee6540?s=96&d=mm&r=g","author_link":"https:\/\/construcaocivil.siriusmarketingedesign.com.br\/?author=1","description":"Desde de 2013, levando muitas informa\u00e7\u00f5es, lan\u00e7amentos e produtos de qualidade para toda cadeia produtiva da constru\u00e7\u00e3o. O Futuro da constru\u00e7\u00e3o passa por aqui,"},"uagb_featured_image_src":{"full":["https:\/\/construcaocivil.siriusmarketingedesign.com.br\/wp-content\/uploads\/2022\/07\/CURSO.jpg",620,240,false],"thumbnail":["https:\/\/construcaocivil.siriusmarketingedesign.com.br\/wp-content\/uploads\/2022\/07\/CURSO-150x150.jpg",150,150,true],"medium":["https:\/\/construcaocivil.siriusmarketingedesign.com.br\/wp-content\/uploads\/2022\/07\/CURSO-300x116.jpg",300,116,true],"medium_large":["https:\/\/construcaocivil.siriusmarketingedesign.com.br\/wp-content\/uploads\/2022\/07\/CURSO.jpg",620,240,false],"large":["https:\/\/construcaocivil.siriusmarketingedesign.com.br\/wp-content\/uploads\/2022\/07\/CURSO.jpg",620,240,false],"1536x1536":["https:\/\/construcaocivil.siriusmarketingedesign.com.br\/wp-content\/uploads\/2022\/07\/CURSO.jpg",620,240,false],"2048x2048":["https:\/\/construcaocivil.siriusmarketingedesign.com.br\/wp-content\/uploads\/2022\/07\/CURSO.jpg",620,240,false]},"uagb_author_info":{"display_name":"Jornal da Constru\u00e7\u00e3o Civil","author_link":"https:\/\/construcaocivil.siriusmarketingedesign.com.br\/?author=1"},"uagb_comment_info":0,"uagb_excerpt":"Empresas interessadas em participar da nova temporada do\u00a0Programa Resid\u00eancia Industrial\u00a0t\u00eam at\u00e9 7 de agosto para se inscrever no site da FIEMG, que disponibiliza todas as informa\u00e7\u00f5es sobre a iniciativa. Promovida pela Federa\u00e7\u00e3o, por meio do Instituto Euvaldo Lodi (IEL), em parceria com a Una, a capacita\u00e7\u00e3o promove ao universit\u00e1rio, uma viv\u00eancia que proporciona conhecimento, intera\u00e7\u00e3o&hellip;","_links":{"self":[{"href":"https:\/\/construcaocivil.siriusmarketingedesign.com.br\/index.php?rest_route=\/wp\/v2\/posts\/19687","targetHints":{"allow":["GET"]}}],"collection":[{"href":"https:\/\/construcaocivil.siriusmarketingedesign.com.br\/index.php?rest_route=\/wp\/v2\/posts"}],"about":[{"href":"https:\/\/construcaocivil.siriusmarketingedesign.com.br\/index.php?rest_route=\/wp\/v2\/types\/post"}],"author":[{"embeddable":true,"href":"https:\/\/construcaocivil.siriusmarketingedesign.com.br\/index.php?rest_route=\/wp\/v2\/users\/1"}],"replies":[{"embeddable":true,"href":"https:\/\/construcaocivil.siriusmarketingedesign.com.br\/index.php?rest_route=%2Fwp%2Fv2%2Fcomments&post=19687"}],"version-history":[{"count":0,"href":"https:\/\/construcaocivil.siriusmarketingedesign.com.br\/index.php?rest_route=\/wp\/v2\/posts\/19687\/revisions"}],"wp:featuredmedia":[{"embeddable":true,"href":"https:\/\/construcaocivil.siriusmarketingedesign.com.br\/index.php?rest_route=\/wp\/v2\/media\/19688"}],"wp:attachment":[{"href":"https:\/\/construcaocivil.siriusmarketingedesign.com.br\/index.php?rest_route=%2Fwp%2Fv2%2Fmedia&parent=19687"}],"wp:term":[{"taxonomy":"category","embeddable":true,"href":"https:\/\/construcaocivil.siriusmarketingedesign.com.br\/index.php?rest_route=%2Fwp%2Fv2%2Fcategories&post=19687"},{"taxonomy":"post_tag","embeddable":true,"href":"https:\/\/construcaocivil.siriusmarketingedesign.com.br\/index.php?rest_route=%2Fwp%2Fv2%2Ftags&post=19687"}],"curies":[{"name":"wp","href":"https:\/\/api.w.org\/{rel}","templated":true}]}}