{"id":19702,"date":"2022-07-17T19:59:27","date_gmt":"2022-07-17T22:59:27","guid":{"rendered":"https:\/\/www.jornaldaconstrucaocivil.com.br\/?p=19702"},"modified":"2022-07-17T19:59:27","modified_gmt":"2022-07-17T22:59:27","slug":"acrilico-e-tema-de-debate-promovido-pelo-ilac-em-sp","status":"publish","type":"post","link":"https:\/\/construcaocivil.siriusmarketingedesign.com.br\/?p=19702","title":{"rendered":"Acr\u00edlico \u00e9 tema de debate promovido pelo ILAC em SP"},"content":{"rendered":"<p><span style=\"color: #0000ff;\">Julho<\/span>, 2022<strong> \u2013<\/strong>\u00a0O ILAC (Instituto Latino-Americano do Acr\u00edlico) ir\u00e1 promover na pr\u00f3xima semana, em S\u00e3o Paulo, o F\u00f3rum Acr\u00edlico 2022. O evento acontece no dia 22 de julho, das 14h \u00e0s 16h30, no audit\u00f3rio da FuturePrint, no Expo Center Norte. No encontro ser\u00e3o abordados temas como economia circular, corte a laser, vendas\u00a0<em>on line<\/em>\u00a0e solu\u00e7\u00f5es criativas. Tudo ser\u00e1 voltado para profissionais que atuam no setor de comunica\u00e7\u00e3o visual, que \u00e9 o p\u00fablico-alvo da feira e setor respons\u00e1vel pelo consumo de 60% do acr\u00edlico comercializado no pa\u00eds.<\/p>\n<p>Embora tal cifra impressione, as vendas deste setor poderiam ser maiores, explica Jo\u00e3o Orlando Vian, consultor executivo do Instituto. Segundo ele, ainda h\u00e1 espa\u00e7o para que\u00a0empresas e profissionais cres\u00e7am e aperfei\u00e7oem os produtos e servi\u00e7os que oferecem: \u201cAinda h\u00e1 muita coisa sendo feita de uma maneira incorreta no mercado, principalmente no que diz respeito \u00e0 import\u00e2ncia de valoriza\u00e7\u00e3o da marca do cliente final e da correta utiliza\u00e7\u00e3o do acr\u00edlico e do seu potencial\u201d.<\/p>\n<p>Para Vian, \u00e9 atrav\u00e9s da dissemina\u00e7\u00e3o de informa\u00e7\u00e3o e conhecimento que o Instituto ajuda a preencher as lacunas do mercado. Assim o F\u00f3rum torna-se um espa\u00e7o importante para quem atua no setor e j\u00e1 trabalha ou pretende trabalhar com acr\u00edlico. \u201cAs pessoas v\u00eam ao evento para enriquecer sua capacita\u00e7\u00e3o, trocar informa\u00e7\u00f5es, adquirir e ajudar a gerar um conhecimento que, se bem aproveitado, \u00e9 capaz de gerar neg\u00f3cios de valor\u201d, explica.<\/p>\n<p>Para Yeda Monteiro gerente de neg\u00f3cios da Informa Markets, empresa respons\u00e1vel pela promo\u00e7\u00e3o e organiza\u00e7\u00e3o da FuturePrint, o acr\u00edlico n\u00e3o poderia ficar de fora da feira, j\u00e1 que \u00e9 um material extremamente vers\u00e1til e que, por isso, oferece ao transformador que atua no mercado de comunica\u00e7\u00e3o visual diversas possibilidades: \u201cO acr\u00edlico \u00e9 utilizado para a confec\u00e7\u00e3o de placas de sinaliza\u00e7\u00e3o, letreiros, sacadas, luminosos, vitrines, PDV, entre outros e as suas vantagens s\u00e3o muitas, entre elas a resist\u00eancia e a leveza. Al\u00e9m disso, temos conosco um parceiro como o ILAC, que com certeza trar\u00e1 muito conte\u00fado \u00fatil e interessante aos visitantes\u201d.<\/p>\n<p>Depois da pandemia, a FuturePrint volta a reunir expositores e visitantes no Expo Center Norte, em S\u00e3o Paulo. E, as expectativas, s\u00e3o bastante favor\u00e1veis, diz Monteiro. \u201cTemos percebido que expositores e visitantes est\u00e3o com expectativas muito positivas e com vontade de fazerem neg\u00f3cios. Diante disso, cremos que a feira movimentar\u00e1 muito os mercados de impress\u00e3o digital e comunica\u00e7\u00e3o visual, fomentando a economia e alavancando esses setores\u201d, afirma a executiva.<\/p>\n<p>No que diz respeito ao mercado de acr\u00edlico, os n\u00fameros do ILAC mostram que o mercado brasileiro de chapas acr\u00edlicas caiu em 2021 cerca de 6% em rela\u00e7\u00e3o a 2020. No ano passado, o volume comercializado de chapas no pa\u00eds, incluindo as chapas sustent\u00e1veis e\u00a0as\u00a0superf\u00edcies s\u00f3lidas, chegou a 10.630 toneladas. Em 2020, esse montante foi de 11.296 toneladas. A queda, segundo Vian, pode ser explicada por alguns fatores. O principal deles \u00e9 a redu\u00e7\u00e3o do com\u00e9rcio f\u00edsico durante a pandemia, influenciando diretamente o setor de comunica\u00e7\u00e3o visual. Apesar disso, afirma Vian, os empres\u00e1rios do setor est\u00e3o otimistas e acham que muitos dos problemas que existem hoje podem ser superados. \u201c\u00c9 justamente por isso que o F\u00f3rum existe, para discutir e apontar caminhos. Todos est\u00e3o convidados\u201d, ressalta.<\/p>\n<p>Tanto a participa\u00e7\u00e3o na FuturePrint como a participa\u00e7\u00e3o no F\u00f3rum do Acr\u00edlico s\u00e3o gratuitas. Basta que o profissional interessado se inscreva. A inscri\u00e7\u00e3o para a entrada na feira pode ser feita no local ou atrav\u00e9s do site\u00a0<a href=\"http:\/\/www.futureprint.com.br\/\" target=\"_blank\" rel=\"noopener noreferrer\">www.futureprint.com.br<\/a>. Os interessados em participar do F\u00f3rum Acr\u00edlico 2022 podem reservar presen\u00e7a por e-mail:\u00a0<a href=\"mailto:ilac@ilac-acrilico.org\" rel=\"noreferrer\">ilac@ilac-acrilico.org<\/a>.<\/p>\n<p><strong>Programa\u00e7\u00e3o do F\u00f3rum Acr\u00edlico 2022:<\/strong><\/p>\n<p>14h: A fun\u00e7\u00e3o do acr\u00edlico na economia circular da p\u00f3s-pandemia \u2013 Jo\u00e3o Orlando Vian (ILAC)<\/p>\n<p>14h30: O papel do corte a laser na comunica\u00e7\u00e3o visual \u2013 Luan Rodrigues (Work Special)<\/p>\n<p>15h: Melhores pr\u00e1ticas para vender pe\u00e7as acr\u00edlicas na web e marketplaces \u2013 Rodrigo Sanches (\u00c1gora Interativa)<\/p>\n<p>15h30: Processando acr\u00edlico com equipamento laser \u2013 Jackson Schneider Nunes (JR Laser Technology)<\/p>\n<p>16h: Vendendo solu\u00e7\u00f5es criativas em acr\u00edlico \u2013 Ralf Sebold (Bold)<\/p>\n<p><strong>Servi\u00e7o:\u202f\u00a0<\/strong><\/p>\n<p><strong>F\u00f3rum Acr\u00edlico 2022 &#8211; FuturePrint 2022\u00a0<\/strong><\/p>\n<p><strong>Data:<\/strong>\u202f22 de julho de 2022 (sexta-feira)<\/p>\n<p><strong>Hor\u00e1rio:<\/strong>\u202fdas 14h \u00e0s 16h30.<\/p>\n<p><strong>Local:<\/strong>\u202fAudit\u00f3rio FuturePrint 2022, Expo Center Norte &#8211; S\u00e3o Paulo\/SP<\/p>\n","protected":false},"excerpt":{"rendered":"<p>Julho, 2022 \u2013\u00a0O ILAC (Instituto Latino-Americano do Acr\u00edlico) ir\u00e1 promover na pr\u00f3xima semana, em S\u00e3o Paulo, o F\u00f3rum Acr\u00edlico 2022. O evento acontece no dia 22 de julho, das 14h \u00e0s 16h30, no audit\u00f3rio da FuturePrint, no Expo Center Norte. No encontro ser\u00e3o abordados temas como economia circular, corte a laser, vendas\u00a0on line\u00a0e solu\u00e7\u00f5es criativas. [&hellip;]<\/p>\n","protected":false},"author":1,"featured_media":19703,"comment_status":"open","ping_status":"open","sticky":false,"template":"","format":"standard","meta":{"_uag_custom_page_level_css":"","footnotes":""},"categories":[27],"tags":[24087,2826,4736,24089,24088],"class_list":["post-19702","post","type-post","status-publish","format-standard","has-post-thumbnail","hentry","category-acontece","tag-acrilio-em-debate","tag-construcao-civil","tag-expo-center-norte","tag-forum-acrilico-2022","tag-ilac"],"blocksy_meta":[],"spectra_blocks_featured_image_url":{"thumbnail":{"url":"https:\/\/construcaocivil.siriusmarketingedesign.com.br\/wp-content\/uploads\/2022\/07\/20190711_120119-150x150.jpg","width":150,"height":150},"medium":{"url":"https:\/\/construcaocivil.siriusmarketingedesign.com.br\/wp-content\/uploads\/2022\/07\/20190711_120119-300x146.jpg","width":300,"height":146},"medium_large":{"url":"https:\/\/construcaocivil.siriusmarketingedesign.com.br\/wp-content\/uploads\/2022\/07\/20190711_120119-768x373.jpg","width":768,"height":373},"large":{"url":"https:\/\/construcaocivil.siriusmarketingedesign.com.br\/wp-content\/uploads\/2022\/07\/20190711_120119-1024x498.jpg","width":1024,"height":498},"full":{"url":"https:\/\/construcaocivil.siriusmarketingedesign.com.br\/wp-content\/uploads\/2022\/07\/20190711_120119-scaled.jpg","width":2560,"height":1244}},"spectra_blocks_author_info":{"display_name":"Jornal da Constru\u00e7\u00e3o Civil","avatar_url":"https:\/\/secure.gravatar.com\/avatar\/973c9774fd44ddaceb026973c4962faa70fc512bc4c9da68e8ebb40fecee6540?s=96&d=mm&r=g","author_link":"https:\/\/construcaocivil.siriusmarketingedesign.com.br\/?author=1","description":"Desde de 2013, levando muitas informa\u00e7\u00f5es, lan\u00e7amentos e produtos de qualidade para toda cadeia produtiva da constru\u00e7\u00e3o. O Futuro da constru\u00e7\u00e3o passa por aqui,"},"uagb_featured_image_src":{"full":["https:\/\/construcaocivil.siriusmarketingedesign.com.br\/wp-content\/uploads\/2022\/07\/20190711_120119-scaled.jpg",2560,1244,false],"thumbnail":["https:\/\/construcaocivil.siriusmarketingedesign.com.br\/wp-content\/uploads\/2022\/07\/20190711_120119-150x150.jpg",150,150,true],"medium":["https:\/\/construcaocivil.siriusmarketingedesign.com.br\/wp-content\/uploads\/2022\/07\/20190711_120119-300x146.jpg",300,146,true],"medium_large":["https:\/\/construcaocivil.siriusmarketingedesign.com.br\/wp-content\/uploads\/2022\/07\/20190711_120119-768x373.jpg",768,373,true],"large":["https:\/\/construcaocivil.siriusmarketingedesign.com.br\/wp-content\/uploads\/2022\/07\/20190711_120119-1024x498.jpg",1024,498,true],"1536x1536":["https:\/\/construcaocivil.siriusmarketingedesign.com.br\/wp-content\/uploads\/2022\/07\/20190711_120119-1536x747.jpg",1536,747,true],"2048x2048":["https:\/\/construcaocivil.siriusmarketingedesign.com.br\/wp-content\/uploads\/2022\/07\/20190711_120119-2048x996.jpg",2048,996,true]},"uagb_author_info":{"display_name":"Jornal da Constru\u00e7\u00e3o Civil","author_link":"https:\/\/construcaocivil.siriusmarketingedesign.com.br\/?author=1"},"uagb_comment_info":0,"uagb_excerpt":"Julho, 2022 \u2013\u00a0O ILAC (Instituto Latino-Americano do Acr\u00edlico) ir\u00e1 promover na pr\u00f3xima semana, em S\u00e3o Paulo, o F\u00f3rum Acr\u00edlico 2022. O evento acontece no dia 22 de julho, das 14h \u00e0s 16h30, no audit\u00f3rio da FuturePrint, no Expo Center Norte. No encontro ser\u00e3o abordados temas como economia circular, corte a laser, vendas\u00a0on line\u00a0e solu\u00e7\u00f5es criativas.&hellip;","_links":{"self":[{"href":"https:\/\/construcaocivil.siriusmarketingedesign.com.br\/index.php?rest_route=\/wp\/v2\/posts\/19702","targetHints":{"allow":["GET"]}}],"collection":[{"href":"https:\/\/construcaocivil.siriusmarketingedesign.com.br\/index.php?rest_route=\/wp\/v2\/posts"}],"about":[{"href":"https:\/\/construcaocivil.siriusmarketingedesign.com.br\/index.php?rest_route=\/wp\/v2\/types\/post"}],"author":[{"embeddable":true,"href":"https:\/\/construcaocivil.siriusmarketingedesign.com.br\/index.php?rest_route=\/wp\/v2\/users\/1"}],"replies":[{"embeddable":true,"href":"https:\/\/construcaocivil.siriusmarketingedesign.com.br\/index.php?rest_route=%2Fwp%2Fv2%2Fcomments&post=19702"}],"version-history":[{"count":0,"href":"https:\/\/construcaocivil.siriusmarketingedesign.com.br\/index.php?rest_route=\/wp\/v2\/posts\/19702\/revisions"}],"wp:featuredmedia":[{"embeddable":true,"href":"https:\/\/construcaocivil.siriusmarketingedesign.com.br\/index.php?rest_route=\/wp\/v2\/media\/19703"}],"wp:attachment":[{"href":"https:\/\/construcaocivil.siriusmarketingedesign.com.br\/index.php?rest_route=%2Fwp%2Fv2%2Fmedia&parent=19702"}],"wp:term":[{"taxonomy":"category","embeddable":true,"href":"https:\/\/construcaocivil.siriusmarketingedesign.com.br\/index.php?rest_route=%2Fwp%2Fv2%2Fcategories&post=19702"},{"taxonomy":"post_tag","embeddable":true,"href":"https:\/\/construcaocivil.siriusmarketingedesign.com.br\/index.php?rest_route=%2Fwp%2Fv2%2Ftags&post=19702"}],"curies":[{"name":"wp","href":"https:\/\/api.w.org\/{rel}","templated":true}]}}