{"id":1973,"date":"2016-06-06T16:24:12","date_gmt":"2016-06-06T16:24:12","guid":{"rendered":"http:\/\/www.jornaldaconstrucaocivil.com.br\/?p=1973"},"modified":"2016-06-06T16:24:12","modified_gmt":"2016-06-06T16:24:12","slug":"artigo-sustentabilidade-em-tempos-de-crise","status":"publish","type":"post","link":"https:\/\/construcaocivil.siriusmarketingedesign.com.br\/?p=1973","title":{"rendered":"Artigo: Sustentabilidade em tempos de crise"},"content":{"rendered":"<p><span style=\"color: #993300;\"><em>Por\u00a0Rodolfo Nardez Sirol<\/em><\/span><\/p>\n<p><span style=\"color: #000000;\">Vivemos em um per\u00edodo de recess\u00e3o econ\u00f4mica. Segundo o Instituto Brasileiro de Geografia e Estat\u00edstica <span style=\"color: #0000ff;\">(<a style=\"color: #0000ff;\" href=\"http:\/\/g1.globo.com\/tudo-sobre\/ibge\/\">IBGE<\/a><\/span>), a produ\u00e7\u00e3o da ind\u00fastria brasileira em 2015 teve uma redu\u00e7\u00e3o de 8,3%. Diante deste cen\u00e1rio, os agentes econ\u00f4micos estudam alternativas para a conten\u00e7\u00e3o de custos sem perder a competitividade no mercado. Mas, nem sempre a sa\u00edda \u00e9 cortar despesas. Investir para melhorar a efici\u00eancia tamb\u00e9m \u00e9 preciso.<\/span><\/p>\n<figure id=\"attachment_1976\" aria-describedby=\"caption-attachment-1976\" style=\"width: 300px\" class=\"wp-caption alignleft\"><a href=\"http:\/\/www.jornaldaconstrucaocivil.com.br\/wp-content\/uploads\/2016\/06\/Rodolfo-Sirol_TanquinhoOK.jpg\"><img loading=\"lazy\" decoding=\"async\" class=\"wp-image-1976 size-medium\" src=\"http:\/\/www.jornaldaconstrucaocivil.com.br\/wp-content\/uploads\/2016\/06\/Rodolfo-Sirol_TanquinhoOK-300x199.jpg\" alt=\"Rodolfo Sirol_TanquinhoOK\" width=\"300\" height=\"199\" \/><\/a><figcaption id=\"caption-attachment-1976\" class=\"wp-caption-text\"><span style=\"color: #ff0000;\">Rodolfo Sirol, diretor de Sustentabilidade e Meio Ambiente da CPFL Energia.<\/span><\/figcaption><\/figure>\n<p><span style=\"color: #000000;\">E por que n\u00e3o investir na mitiga\u00e7\u00e3o de carbono, reciclagem, uso racional de energia el\u00e9trica e de \u00e1gua? Com o engajamento para conter o aquecimento global, ap\u00f3s a Confer\u00eancia do Clima (CoP-21), pa\u00edses deram a largada para a economia verde e empresas ganharam um est\u00edmulo para rever os seus processos operacionais para se tornarem mais sustent\u00e1veis. A defini\u00e7\u00e3o de pol\u00edticas p\u00fablicas para incentivar a redu\u00e7\u00e3o de gases de efeito estufa pode potencializar ainda mais este movimento.<\/span><\/p>\n<p><span style=\"color: #000000;\">O relat\u00f3rio intitulado<span style=\"color: #0000ff;\">\u00a0<em>\u201cO argumento comercial para a economia verde: retorno sustent\u00e1vel do investimento\u201d<\/em><\/span>, produzido pelo Programa das Na\u00e7\u00f5es Unidas para o Meio Ambiente (PNUMA) em parceria com a\u00a0<em>SustainAbility<\/em>\u00a0e a<em>GlobeScan<\/em>, apresenta dados econ\u00f4micos convincentes que mostram as vantagens da economia de baixo carbono em a\u00e7\u00e3o.<\/span><\/p>\n<p><span style=\"color: #000000;\">Segundo o pr\u00f3prio relat\u00f3rio, uma conhecida companhia multinacional de bens de consumo chega a economizar por ano, mais de US$ 10 milh\u00f5es, por meio de um plano que integra a sustentabilidade aos seus modelos de neg\u00f3cio. Cerca de 12,5 milh\u00f5es de lares em todo o globo, que consomem seus produtos, economizam em m\u00e9dia 30 litros durante a lavagem de roupas. Outro exemplo \u00e9 uma ind\u00fastria de processamento de alimentos que economizou, aproximadamente, US$ 700 mil e 338.400 m3 de \u00e1gua em tr\u00eas anos com o seu programa de redu\u00e7\u00e3o de consumo dos recursos h\u00eddricos.<\/span><\/p>\n<p><span style=\"color: #000000;\">Aqui no Brasil, estimativas da Associa\u00e7\u00e3o Brasileira das Empresas de Servi\u00e7os de Conserva\u00e7\u00e3o de Energia (<span style=\"color: #0000ff;\">ABESCO<\/span>) revelam que a queda da produ\u00e7\u00e3o industrial resultou no aumento de 3% do desperd\u00edcio de energia el\u00e9trica no ano passado. Ou seja, esteiras em linhas de produ\u00e7\u00e3o que carregavam um determinado volume de produtos, utilizam hoje a mesma energia para carregar um n\u00famero menor, al\u00e9m de \u00e1reas iluminadas que permanecem acesas sem necessidade. Por isso, a\u00e7\u00f5es de fomento \u00e0 efici\u00eancia energ\u00e9tica podem trazer um benef\u00edcio direto \u00e0s empresas em um curto prazo de tempo.<\/span><\/p>\n<p><span style=\"color: #000000;\">A troca do sistema de ilumina\u00e7\u00e3o convencional por um modelo mais eficiente pode ser o primeiro passo. Uma l\u00e2mpada LED custa 10 vezes mais que uma l\u00e2mpada comum, por\u00e9m, dura cinco vezes mais e reduz o consumo de energia el\u00e9trica entre 40 e 80%. Al\u00e9m disso, cada MWh\/ano de energia economizada evita a emiss\u00e3o de 0,12 toneladas de CO2, e o retorno no investimento pode ser de um a dois anos, dependendo do projeto.<\/span><\/p>\n<p><span style=\"color: #000000;\">A micro e mini gera\u00e7\u00e3o distribu\u00edda, regulamentada em 2015 pela Ag\u00eancia Nacional de Energia El\u00e9trica <span style=\"color: #0000ff;\">(Aneel<\/span>), \u00e9 outra possibilidade para as ind\u00fastrias que desejam conciliar sustentabilidade e redu\u00e7\u00e3o de custos, produzindo a pr\u00f3pria energia a partir de fontes renov\u00e1veis alternativas. Estudo feito pela Aneel mostra que uma ind\u00fastria localizada em Fortaleza\/CE pode economizar at\u00e9 60% ao ano na sua fatura de energia investindo em uma planta solar de 350 kW de capacidade instalada. Isso porque o excedente de energia gerado pode ser usado para abater a conta de luz.<\/span><\/p>\n<p><span style=\"color: #000000;\">As empresas que investem em energia renov\u00e1vel ter\u00e3o, sem d\u00favida, importante ganho na reputa\u00e7\u00e3o, al\u00e9m de contribuir para que o Pa\u00eds cumpra as metas no Acordo sobre Mudan\u00e7a Clim\u00e1tica de Paris. Na CoP-21, o Brasil se comprometeu a elevar de 10% para 23% o uso dessas fontes na matriz el\u00e9trica at\u00e9 2030.<\/span><\/p>\n<p><span style=\"color: #000000;\">Foi com essa vis\u00e3o que a multinacional brasileira Algar Tech investiu, em parceria com a CPFL Efici\u00eancia, em duas plantas solares para abastecer os seus data centers em Campinas (SP) e Uberl\u00e2ndia (MG) e na moderniza\u00e7\u00e3o dos sistemas de ilumina\u00e7\u00e3o e climatiza\u00e7\u00e3o. Esses projetos proporcionar\u00e3o uma economia de 3,5 mil MWh por ano (volume suficiente para abastecer 1,165 mil fam\u00edlias com o consumo mensal de 300 kWh), al\u00e9m de reduzir em 547,94 toneladas de emiss\u00f5es de CO2 (g\u00e1s carb\u00f4nico) por ano, equivalente ao plantio de 4,105 mil \u00e1rvores.<\/span><\/p>\n<p><span style=\"color: #000000;\">Portanto, investir em sustentabilidade pode ser uma estrat\u00e9gia inteligente em um momento de crise. Empresas em transi\u00e7\u00e3o para mitigar os seus impactos ao meio ambiente podem ter suas vendas impulsionadas, inclusive melhorando a reputa\u00e7\u00e3o da marca. Basta encararem a crise como uma oportunidade para se reinventarem.\u00a0<\/span><\/p>\n<p><span style=\"color: #993300;\"><em><strong>Rodolfo Nardez Sirol<\/strong>,\u00a0<\/em><em>diretor de Sustentabilidade e Meio Ambiente da CPFL Energia<\/em><\/span><\/p>\n<p>&nbsp;<\/p>\n","protected":false},"excerpt":{"rendered":"<p>Por\u00a0Rodolfo Nardez Sirol Vivemos em um per\u00edodo de recess\u00e3o econ\u00f4mica. Segundo o Instituto Brasileiro de Geografia e Estat\u00edstica (IBGE), a produ\u00e7\u00e3o da ind\u00fastria brasileira em 2015 teve uma redu\u00e7\u00e3o de 8,3%. Diante deste cen\u00e1rio, os agentes econ\u00f4micos estudam alternativas para a conten\u00e7\u00e3o de custos sem perder a competitividade no mercado. Mas, nem sempre a sa\u00edda [&hellip;]<\/p>\n","protected":false},"author":1,"featured_media":0,"comment_status":"open","ping_status":"open","sticky":false,"template":"","format":"quote","meta":{"_uag_custom_page_level_css":"","footnotes":""},"categories":[37],"tags":[2376,2723,3127,3128,3714,7964,10460,11476],"class_list":["post-1973","post","type-post","status-publish","format-quote","hentry","category-sustentabilidade","tag-co2","tag-conferencia-do-clima-cop-21","tag-cpfl","tag-cpfl-eficiencia","tag-diretor-de-sustentabilidade-e-meio-ambiente-da-cpfl-energia","tag-mudanca-climatica-de-paris","tag-rodolfo-nardez-sirol","tag-sustentabilidade-em-tempos-de-crise","post_format-post-format-quote"],"blocksy_meta":[],"spectra_blocks_featured_image_url":null,"spectra_blocks_author_info":{"display_name":"Jornal da Constru\u00e7\u00e3o Civil","avatar_url":"https:\/\/secure.gravatar.com\/avatar\/973c9774fd44ddaceb026973c4962faa70fc512bc4c9da68e8ebb40fecee6540?s=96&d=mm&r=g","author_link":"https:\/\/construcaocivil.siriusmarketingedesign.com.br\/?author=1","description":"Desde de 2013, levando muitas informa\u00e7\u00f5es, lan\u00e7amentos e produtos de qualidade para toda cadeia produtiva da constru\u00e7\u00e3o. O Futuro da constru\u00e7\u00e3o passa por aqui,"},"uagb_featured_image_src":{"full":false,"thumbnail":false,"medium":false,"medium_large":false,"large":false,"1536x1536":false,"2048x2048":false},"uagb_author_info":{"display_name":"Jornal da Constru\u00e7\u00e3o Civil","author_link":"https:\/\/construcaocivil.siriusmarketingedesign.com.br\/?author=1"},"uagb_comment_info":0,"uagb_excerpt":"Por\u00a0Rodolfo Nardez Sirol Vivemos em um per\u00edodo de recess\u00e3o econ\u00f4mica. Segundo o Instituto Brasileiro de Geografia e Estat\u00edstica (IBGE), a produ\u00e7\u00e3o da ind\u00fastria brasileira em 2015 teve uma redu\u00e7\u00e3o de 8,3%. Diante deste cen\u00e1rio, os agentes econ\u00f4micos estudam alternativas para a conten\u00e7\u00e3o de custos sem perder a competitividade no mercado. Mas, nem sempre a sa\u00edda&hellip;","_links":{"self":[{"href":"https:\/\/construcaocivil.siriusmarketingedesign.com.br\/index.php?rest_route=\/wp\/v2\/posts\/1973","targetHints":{"allow":["GET"]}}],"collection":[{"href":"https:\/\/construcaocivil.siriusmarketingedesign.com.br\/index.php?rest_route=\/wp\/v2\/posts"}],"about":[{"href":"https:\/\/construcaocivil.siriusmarketingedesign.com.br\/index.php?rest_route=\/wp\/v2\/types\/post"}],"author":[{"embeddable":true,"href":"https:\/\/construcaocivil.siriusmarketingedesign.com.br\/index.php?rest_route=\/wp\/v2\/users\/1"}],"replies":[{"embeddable":true,"href":"https:\/\/construcaocivil.siriusmarketingedesign.com.br\/index.php?rest_route=%2Fwp%2Fv2%2Fcomments&post=1973"}],"version-history":[{"count":0,"href":"https:\/\/construcaocivil.siriusmarketingedesign.com.br\/index.php?rest_route=\/wp\/v2\/posts\/1973\/revisions"}],"wp:attachment":[{"href":"https:\/\/construcaocivil.siriusmarketingedesign.com.br\/index.php?rest_route=%2Fwp%2Fv2%2Fmedia&parent=1973"}],"wp:term":[{"taxonomy":"category","embeddable":true,"href":"https:\/\/construcaocivil.siriusmarketingedesign.com.br\/index.php?rest_route=%2Fwp%2Fv2%2Fcategories&post=1973"},{"taxonomy":"post_tag","embeddable":true,"href":"https:\/\/construcaocivil.siriusmarketingedesign.com.br\/index.php?rest_route=%2Fwp%2Fv2%2Ftags&post=1973"}],"curies":[{"name":"wp","href":"https:\/\/api.w.org\/{rel}","templated":true}]}}