{"id":19748,"date":"2022-07-23T19:24:12","date_gmt":"2022-07-23T22:24:12","guid":{"rendered":"https:\/\/www.jornaldaconstrucaocivil.com.br\/?p=19748"},"modified":"2022-07-23T19:24:12","modified_gmt":"2022-07-23T22:24:12","slug":"brasil-sem-veneno-evento-no-rio-de-janeiro-reune-nomes-na-luta-contra-os-agrotoxicos","status":"publish","type":"post","link":"https:\/\/construcaocivil.siriusmarketingedesign.com.br\/?p=19748","title":{"rendered":"Brasil sem veneno: Evento no Rio de Janeiro re\u00fane nomes na luta contra os agrot\u00f3xicos"},"content":{"rendered":"<p>O evento faz parte do lan\u00e7amento do projeto Brasil sem Veneno, que conta em reportagens especiais a hist\u00f3ria de pesquisadores amea\u00e7ados ap\u00f3s revelarem os impactos ambientais, sociais e de sa\u00fade provocados pelo uso indiscriminado de agrot\u00f3xicos.<\/p>\n<p>A realiza\u00e7\u00e3o \u00e9 fruto de uma parceria entre as equipes editoriais do observat\u00f3rio do agroneg\u00f3cio no Brasil, De Olho nos Ruralistas, e O Joio e o Trigo, ve\u00edculo de imprensa independente.<\/p>\n<p>O debate re\u00fane alguns dos maiores nomes no assunto e contar\u00e1 com a presen\u00e7a de Schirlei Alves e Ma\u00edra Mathias do O Joio e O Trigo, Beto Palmeira do Movimento dos Pequenos Agricultores (MPA), Maiana Maia da FASE e Fl\u00e1via Londres da Articula\u00e7\u00e3o Nacional de Agroecologia (ANA), sob a media\u00e7\u00e3o de Bruno Bassi do De Olho nos Ruralistas.<\/p>\n<p><strong>SERVI\u00c7O<\/strong><\/p>\n<p><span style=\"color: #0000ff;\"><strong><em>Lan\u00e7amento Brasil sem Veneno<\/em><\/strong><\/span><\/p>\n<p><strong>Local:<\/strong>\u00a0Ra\u00edzes do Brasil, Rua \u00c1urea, 80, Santa Teresa &#8211; Rio de Janeiro (RJ)<\/p>\n<p><strong>Data:<\/strong>\u00a030\/7\/2022<\/p>\n<p><strong>Hor\u00e1rio:<\/strong>\u00a014:30 horas<\/p>\n","protected":false},"excerpt":{"rendered":"<p>O evento faz parte do lan\u00e7amento do projeto Brasil sem Veneno, que conta em reportagens especiais a hist\u00f3ria de pesquisadores amea\u00e7ados ap\u00f3s revelarem os impactos ambientais, sociais e de sa\u00fade provocados pelo uso indiscriminado de agrot\u00f3xicos. A realiza\u00e7\u00e3o \u00e9 fruto de uma parceria entre as equipes editoriais do observat\u00f3rio do agroneg\u00f3cio no Brasil, De Olho [&hellip;]<\/p>\n","protected":false},"author":1,"featured_media":19749,"comment_status":"open","ping_status":"open","sticky":false,"template":"","format":"standard","meta":{"_uag_custom_page_level_css":"","footnotes":""},"categories":[37],"tags":[532,14438,24136,21993,10624],"class_list":["post-19748","post","type-post","status-publish","format-standard","has-post-thumbnail","hentry","category-sustentabilidade","tag-agricultura-familiar","tag-alimentos-saudaveis","tag-brasil-sem-veneno","tag-precos-dos-alimentos","tag-santa-teresa-rj"],"blocksy_meta":[],"spectra_blocks_featured_image_url":{"thumbnail":{"url":"https:\/\/construcaocivil.siriusmarketingedesign.com.br\/wp-content\/uploads\/2022\/07\/unnamed-2-150x150.jpg","width":150,"height":150},"medium":{"url":"https:\/\/construcaocivil.siriusmarketingedesign.com.br\/wp-content\/uploads\/2022\/07\/unnamed-2-300x113.jpg","width":300,"height":113},"medium_large":{"url":"https:\/\/construcaocivil.siriusmarketingedesign.com.br\/wp-content\/uploads\/2022\/07\/unnamed-2-768x289.jpg","width":768,"height":289},"large":{"url":"https:\/\/construcaocivil.siriusmarketingedesign.com.br\/wp-content\/uploads\/2022\/07\/unnamed-2-1024x386.jpg","width":1024,"height":386},"full":{"url":"https:\/\/construcaocivil.siriusmarketingedesign.com.br\/wp-content\/uploads\/2022\/07\/unnamed-2.jpg","width":1279,"height":482}},"spectra_blocks_author_info":{"display_name":"Jornal da Constru\u00e7\u00e3o Civil","avatar_url":"https:\/\/secure.gravatar.com\/avatar\/973c9774fd44ddaceb026973c4962faa70fc512bc4c9da68e8ebb40fecee6540?s=96&d=mm&r=g","author_link":"https:\/\/construcaocivil.siriusmarketingedesign.com.br\/?author=1","description":"Desde de 2013, levando muitas informa\u00e7\u00f5es, lan\u00e7amentos e produtos de qualidade para toda cadeia produtiva da constru\u00e7\u00e3o. O Futuro da constru\u00e7\u00e3o passa por aqui,"},"uagb_featured_image_src":{"full":["https:\/\/construcaocivil.siriusmarketingedesign.com.br\/wp-content\/uploads\/2022\/07\/unnamed-2.jpg",1279,482,false],"thumbnail":["https:\/\/construcaocivil.siriusmarketingedesign.com.br\/wp-content\/uploads\/2022\/07\/unnamed-2-150x150.jpg",150,150,true],"medium":["https:\/\/construcaocivil.siriusmarketingedesign.com.br\/wp-content\/uploads\/2022\/07\/unnamed-2-300x113.jpg",300,113,true],"medium_large":["https:\/\/construcaocivil.siriusmarketingedesign.com.br\/wp-content\/uploads\/2022\/07\/unnamed-2-768x289.jpg",768,289,true],"large":["https:\/\/construcaocivil.siriusmarketingedesign.com.br\/wp-content\/uploads\/2022\/07\/unnamed-2-1024x386.jpg",1024,386,true],"1536x1536":["https:\/\/construcaocivil.siriusmarketingedesign.com.br\/wp-content\/uploads\/2022\/07\/unnamed-2.jpg",1279,482,false],"2048x2048":["https:\/\/construcaocivil.siriusmarketingedesign.com.br\/wp-content\/uploads\/2022\/07\/unnamed-2.jpg",1279,482,false]},"uagb_author_info":{"display_name":"Jornal da Constru\u00e7\u00e3o Civil","author_link":"https:\/\/construcaocivil.siriusmarketingedesign.com.br\/?author=1"},"uagb_comment_info":0,"uagb_excerpt":"O evento faz parte do lan\u00e7amento do projeto Brasil sem Veneno, que conta em reportagens especiais a hist\u00f3ria de pesquisadores amea\u00e7ados ap\u00f3s revelarem os impactos ambientais, sociais e de sa\u00fade provocados pelo uso indiscriminado de agrot\u00f3xicos. A realiza\u00e7\u00e3o \u00e9 fruto de uma parceria entre as equipes editoriais do observat\u00f3rio do agroneg\u00f3cio no Brasil, De Olho&hellip;","_links":{"self":[{"href":"https:\/\/construcaocivil.siriusmarketingedesign.com.br\/index.php?rest_route=\/wp\/v2\/posts\/19748","targetHints":{"allow":["GET"]}}],"collection":[{"href":"https:\/\/construcaocivil.siriusmarketingedesign.com.br\/index.php?rest_route=\/wp\/v2\/posts"}],"about":[{"href":"https:\/\/construcaocivil.siriusmarketingedesign.com.br\/index.php?rest_route=\/wp\/v2\/types\/post"}],"author":[{"embeddable":true,"href":"https:\/\/construcaocivil.siriusmarketingedesign.com.br\/index.php?rest_route=\/wp\/v2\/users\/1"}],"replies":[{"embeddable":true,"href":"https:\/\/construcaocivil.siriusmarketingedesign.com.br\/index.php?rest_route=%2Fwp%2Fv2%2Fcomments&post=19748"}],"version-history":[{"count":0,"href":"https:\/\/construcaocivil.siriusmarketingedesign.com.br\/index.php?rest_route=\/wp\/v2\/posts\/19748\/revisions"}],"wp:featuredmedia":[{"embeddable":true,"href":"https:\/\/construcaocivil.siriusmarketingedesign.com.br\/index.php?rest_route=\/wp\/v2\/media\/19749"}],"wp:attachment":[{"href":"https:\/\/construcaocivil.siriusmarketingedesign.com.br\/index.php?rest_route=%2Fwp%2Fv2%2Fmedia&parent=19748"}],"wp:term":[{"taxonomy":"category","embeddable":true,"href":"https:\/\/construcaocivil.siriusmarketingedesign.com.br\/index.php?rest_route=%2Fwp%2Fv2%2Fcategories&post=19748"},{"taxonomy":"post_tag","embeddable":true,"href":"https:\/\/construcaocivil.siriusmarketingedesign.com.br\/index.php?rest_route=%2Fwp%2Fv2%2Ftags&post=19748"}],"curies":[{"name":"wp","href":"https:\/\/api.w.org\/{rel}","templated":true}]}}