{"id":1978,"date":"2016-06-06T16:47:41","date_gmt":"2016-06-06T16:47:41","guid":{"rendered":"http:\/\/www.jornaldaconstrucaocivil.com.br\/?p=1978"},"modified":"2016-06-06T16:47:41","modified_gmt":"2016-06-06T16:47:41","slug":"arenas-do-conhecimento-simpolux-decor-e-tec-debaterao-iluminacoes-de-interiores-e-publica-durante-a-15a-expolux","status":"publish","type":"post","link":"https:\/\/construcaocivil.siriusmarketingedesign.com.br\/?p=1978","title":{"rendered":"Arenas do Conhecimento Simpolux DECOR e T\u00c9C debater\u00e3o ilumina\u00e7\u00f5es de interiores e p\u00fablica durante a 15\u00aa Expolux"},"content":{"rendered":"<p><span style=\"color: #000000;\">As<em>\u00a0<\/em><strong>Arenas do Conhecimento Simpolux DECOR e T\u00c9C\u00a0<\/strong>prometem agitar a 15\u00aa Expolux nos dias 28, 29 e 30 de junho e 1\u00ba de julho\/2016 quando est\u00e3o agendadas 34 palestras e\u00a0<em>talks<\/em>\u00a0que tratar\u00e3o de temas relacionados \u00e0s solu\u00e7\u00f5es tecnol\u00f3gicas nas ilumina\u00e7\u00f5es de interiores e p\u00fablica.<\/span><\/p>\n<p><a href=\"http:\/\/www.jornaldaconstrucaocivil.com.br\/wp-content\/uploads\/2016\/06\/Capturar-2.jpg\"><img loading=\"lazy\" decoding=\"async\" class=\"size-medium wp-image-1979 alignleft\" src=\"http:\/\/www.jornaldaconstrucaocivil.com.br\/wp-content\/uploads\/2016\/06\/Capturar-2-300x112.jpg\" alt=\"Capturar 2\" width=\"300\" height=\"112\" \/><\/a><\/p>\n<p><span style=\"color: #000000;\">Estar\u00e3o \u00e0 frente das apresenta\u00e7\u00f5es convidados especiais que s\u00e3o reconhecidos no mercado pelo conhecimento e expertise nas \u00e1reas em que atuam. Ser\u00e1 uma oportunidade \u00fanica para que lighting designers, arquitetos, designers de interiores, construtores, engenheiros, eletricistas, lojistas e revendedores atualizem-se e troquem experi\u00eancias.<\/span><\/p>\n<p><span style=\"color: #000000;\">Os desafios da ind\u00fastria da ilumina\u00e7\u00e3o na ado\u00e7\u00e3o da tecnologia LED; a ilumina\u00e7\u00e3o nos processos de certifica\u00e7\u00e3o LEED; a luz na arquitetura hospitalar e em aeroportos; automa\u00e7\u00e3o residencial; fibras \u00f3ticas com LEDs; certifica\u00e7\u00e3o AQUA; \u00edndices de reprodu\u00e7\u00e3o de cores; equipamentos para IP; ilumina\u00e7\u00e3o p\u00fabica e as cidades inteligentes; regula\u00e7\u00e3o na ilumina\u00e7\u00e3o p\u00fablica; a nova Norma ABNT NBR IEC 62722-2-1:2016; embelezamento urbano; projetos de efici\u00eancia energ\u00e9tica em ilumina\u00e7\u00e3o p\u00fablica e a situa\u00e7\u00e3o atual da transfer\u00eancia dos ativos de Ilumina\u00e7\u00e3o p\u00fablica s\u00e3o alguns dos temas que est\u00e3o na pauta dos encontros.<\/span><\/p>\n<p><a href=\"http:\/\/www.jornaldaconstrucaocivil.com.br\/wp-content\/uploads\/2016\/06\/CapturarII-.jpg\"><img loading=\"lazy\" decoding=\"async\" class=\"size-full wp-image-1980 alignright\" src=\"http:\/\/www.jornaldaconstrucaocivil.com.br\/wp-content\/uploads\/2016\/06\/CapturarII-.jpg\" alt=\"CapturarII\" width=\"189\" height=\"81\" \/><\/a><\/p>\n<p>As Arenas do Conhecimento Simpolux s\u00e3o uma realiza\u00e7\u00e3o da Abilux com a parceria das revistas Lume Arquitetura (DECOR &#8211; ilumina\u00e7\u00e3o de interiores) e O Setor El\u00e9trico (T\u00c9C &#8211; ilumina\u00e7\u00e3o p\u00fablica) para a composi\u00e7\u00e3o do conte\u00fado dos temas das palestras.<\/p>\n<p><span style=\"color: #0000ff;\">O acesso \u00e9 gratuito aos participantes da Expolux.<\/span><\/p>\n<p>A programa\u00e7\u00e3o completa das palestras das Arenas do Conhecimento Simpolux DECOR e T\u00c9C est\u00e3o dispon\u00edveis no site da Expolux (<span style=\"color: #0000ff;\">www.expolux.com.br<\/span>), em \u201cEventos Simult\u00e2neos\u201d.<\/p>\n<p><strong><span style=\"color: #800080;\">Servi\u00e7o:<\/span><\/strong><\/p>\n<p><span style=\"color: #000000;\">Arenas do Conhecimento Simpolux DECOR e T\u00c9C &#8211; Evento simult\u00e2neo \u00e0 15\u00ba Expolux<\/span><\/p>\n<p>Data:\u00a0\u00a0\u00a0\u00a0\u00a0\u00a0\u00a0\u00a0\u00a0\u00a0\u00a0\u00a0\u00a0\u00a0\u00a0\u00a0 28 de junho e 1\u00ba de julho de 2016<\/p>\n<p>Hor\u00e1rios:\u00a0\u00a0\u00a0\u00a0\u00a0\u00a0\u00a0\u00a0 Ter\u00e7a \u00e0 sexta-feira: 10h \u00e0s 19h \/ S\u00e1bado: das 9h \u00e0s 17h<\/p>\n<p>Local:\u00a0\u00a0\u00a0\u00a0\u00a0\u00a0\u00a0\u00a0\u00a0\u00a0\u00a0\u00a0\u00a0\u00a0 Expo Center Norte (S\u00e3o Paulo \u2013 SP)<\/p>\n<p>Informa\u00e7\u00f5es:\u00a0\u00a0<span style=\"color: #0000ff;\"> www.expolux.com.br<\/span><\/p>\n<p>&nbsp;<\/p>\n<p>&nbsp;<\/p>\n<p>&nbsp;<\/p>\n","protected":false},"excerpt":{"rendered":"<p>As\u00a0Arenas do Conhecimento Simpolux DECOR e T\u00c9C\u00a0prometem agitar a 15\u00aa Expolux nos dias 28, 29 e 30 de junho e 1\u00ba de julho\/2016 quando est\u00e3o agendadas 34 palestras e\u00a0talks\u00a0que tratar\u00e3o de temas relacionados \u00e0s solu\u00e7\u00f5es tecnol\u00f3gicas nas ilumina\u00e7\u00f5es de interiores e p\u00fablica. Estar\u00e3o \u00e0 frente das apresenta\u00e7\u00f5es convidados especiais que s\u00e3o reconhecidos no mercado pelo [&hellip;]<\/p>\n","protected":false},"author":1,"featured_media":0,"comment_status":"open","ping_status":"open","sticky":false,"template":"","format":"standard","meta":{"_uag_custom_page_level_css":"","footnotes":""},"categories":[27],"tags":[872,3391,4737,4752,6767,8160,11097],"class_list":["post-1978","post","type-post","status-publish","format-standard","hentry","category-acontece","tag-arenas-do-conhecimento","tag-decor-iluminacao-de-interiores","tag-expo-center-norte-sp","tag-expolux-2016","tag-led","tag-normas-abnt","tag-simpolux-decor-e-tec"],"blocksy_meta":[],"spectra_blocks_featured_image_url":null,"spectra_blocks_author_info":{"display_name":"Jornal da Constru\u00e7\u00e3o Civil","avatar_url":"https:\/\/secure.gravatar.com\/avatar\/973c9774fd44ddaceb026973c4962faa70fc512bc4c9da68e8ebb40fecee6540?s=96&d=mm&r=g","author_link":"https:\/\/construcaocivil.siriusmarketingedesign.com.br\/?author=1","description":"Desde de 2013, levando muitas informa\u00e7\u00f5es, lan\u00e7amentos e produtos de qualidade para toda cadeia produtiva da constru\u00e7\u00e3o. O Futuro da constru\u00e7\u00e3o passa por aqui,"},"uagb_featured_image_src":{"full":false,"thumbnail":false,"medium":false,"medium_large":false,"large":false,"1536x1536":false,"2048x2048":false},"uagb_author_info":{"display_name":"Jornal da Constru\u00e7\u00e3o Civil","author_link":"https:\/\/construcaocivil.siriusmarketingedesign.com.br\/?author=1"},"uagb_comment_info":0,"uagb_excerpt":"As\u00a0Arenas do Conhecimento Simpolux DECOR e T\u00c9C\u00a0prometem agitar a 15\u00aa Expolux nos dias 28, 29 e 30 de junho e 1\u00ba de julho\/2016 quando est\u00e3o agendadas 34 palestras e\u00a0talks\u00a0que tratar\u00e3o de temas relacionados \u00e0s solu\u00e7\u00f5es tecnol\u00f3gicas nas ilumina\u00e7\u00f5es de interiores e p\u00fablica. Estar\u00e3o \u00e0 frente das apresenta\u00e7\u00f5es convidados especiais que s\u00e3o reconhecidos no mercado pelo&hellip;","_links":{"self":[{"href":"https:\/\/construcaocivil.siriusmarketingedesign.com.br\/index.php?rest_route=\/wp\/v2\/posts\/1978","targetHints":{"allow":["GET"]}}],"collection":[{"href":"https:\/\/construcaocivil.siriusmarketingedesign.com.br\/index.php?rest_route=\/wp\/v2\/posts"}],"about":[{"href":"https:\/\/construcaocivil.siriusmarketingedesign.com.br\/index.php?rest_route=\/wp\/v2\/types\/post"}],"author":[{"embeddable":true,"href":"https:\/\/construcaocivil.siriusmarketingedesign.com.br\/index.php?rest_route=\/wp\/v2\/users\/1"}],"replies":[{"embeddable":true,"href":"https:\/\/construcaocivil.siriusmarketingedesign.com.br\/index.php?rest_route=%2Fwp%2Fv2%2Fcomments&post=1978"}],"version-history":[{"count":0,"href":"https:\/\/construcaocivil.siriusmarketingedesign.com.br\/index.php?rest_route=\/wp\/v2\/posts\/1978\/revisions"}],"wp:attachment":[{"href":"https:\/\/construcaocivil.siriusmarketingedesign.com.br\/index.php?rest_route=%2Fwp%2Fv2%2Fmedia&parent=1978"}],"wp:term":[{"taxonomy":"category","embeddable":true,"href":"https:\/\/construcaocivil.siriusmarketingedesign.com.br\/index.php?rest_route=%2Fwp%2Fv2%2Fcategories&post=1978"},{"taxonomy":"post_tag","embeddable":true,"href":"https:\/\/construcaocivil.siriusmarketingedesign.com.br\/index.php?rest_route=%2Fwp%2Fv2%2Ftags&post=1978"}],"curies":[{"name":"wp","href":"https:\/\/api.w.org\/{rel}","templated":true}]}}