{"id":19782,"date":"2022-07-29T12:52:43","date_gmt":"2022-07-29T15:52:43","guid":{"rendered":"https:\/\/www.jornaldaconstrucaocivil.com.br\/?p=19782"},"modified":"2022-07-29T12:52:43","modified_gmt":"2022-07-29T15:52:43","slug":"senai-leva-escola-movel-de-energias-renovaveis-para-o-concrete-show","status":"publish","type":"post","link":"https:\/\/construcaocivil.siriusmarketingedesign.com.br\/?p=19782","title":{"rendered":"SENAI leva Escola M\u00f3vel de Energias Renov\u00e1veis para o Concrete Show"},"content":{"rendered":"<p style=\"text-align: justify;\">O Concrete Show, evento da cadeia produtiva da constru\u00e7\u00e3o, recebe a Escola M\u00f3vel de Energias Renov\u00e1veis do SENAI (Servi\u00e7o Nacional de Aprendizagem Industrial) durante os tr\u00eas dias de evento, de 9 a 11 de agosto no S\u00e3o Paulo Expo, capital paulista. A unidade m\u00f3vel estar\u00e1 no pavilh\u00e3o da feira de neg\u00f3cios, onde o p\u00fablico poder\u00e1 assistir a experi\u00eancias e estudos de caso que ressaltam o potencial e as aplica\u00e7\u00f5es da energia fotovoltaica e e\u00f3lica no pa\u00eds.<\/p>\n<p style=\"text-align: justify;\">A Escola M\u00f3vel tem uma infraestrutura de tecnologias como inversores, pain\u00e9is fotovoltaicos, medidores de energia, turbinas e\u00f3licas e sistemas para gest\u00e3o. Ela \u00e9 utilizada na forma\u00e7\u00e3o de profissionais em cursos detecnologias em energias renov\u00e1veis nas \u00e1reas solar, biomassa, e\u00f3lica e hidrel\u00e9trica. A unidade ainda oferece cursos de curta dura\u00e7\u00e3o, que ensinam t\u00e9cnicas de gera\u00e7\u00e3o e utiliza\u00e7\u00e3o de energia, que v\u00e3o do projeto \u00e0 instala\u00e7\u00e3o. As empresas interessadas podem solicitar treinamentos personalizados para que as equipes tenham dom\u00ednio das energias sustent\u00e1veis.<\/p>\n<p style=\"text-align: justify;\">O supervisor de Projetos e Tecnologia do SENAI, Brendon Donizete da Silva, avalia que a participa\u00e7\u00e3o no Concrete Show nesta edi\u00e7\u00e3o ser\u00e1 uma oportunidade para um networking de qualidade. &#8220;Estarmos em um evento presencial, o que faz com que tenhamos maior proximidade com os profissionais e as empresas,\u00a0 possibilitando a troca de experi\u00eancias com mais integra\u00e7\u00e3o, empatia e contato pessoal\u201d, diz ele.<\/p>\n<p style=\"text-align: justify;\">Conte\u00fado &#8211; A participa\u00e7\u00e3o do SENAI no evento em agosto tamb\u00e9m \u00e9 estendida para parte do conte\u00fado. Na grade do \u2018Construindo o Conhecimento\u2019, uma s\u00e9rie de palestras, congressos e semin\u00e1rios exclusivos direcionados para profissionais do setor, o supervisor de Projetos e Tecnologia do SENAI apresentar\u00e1, no dia 11 de agosto, \u00e0s 14 horas, a palestra \u201cJornada SENAI de Transforma\u00e7\u00e3o Digital na Constru\u00e7\u00e3o Civil\u201d.<\/p>\n<p style=\"text-align: justify;\">Na Arena 120 Ideias, que tem patroc\u00ednio exclusivo da ArcelorMittal, os especialistas em Tecnologia do Instituto SENAI de Tecnologia Andressa Cavalcante de Sousa, Gabriela de Oliveira Renna e Gabriel Feitosa Mota apresentar\u00e3o duas palestras: \u201cComo transformar a inefici\u00eancia em lucratividade?\u201d, no dia 10 de agosto, \u00e0s 19 horas, e \u201cOportunidade de neg\u00f3cios para atra\u00e7\u00e3o de clientes por meio do BIM\u201d, no dia 11 de agosto, \u00e0s 16 horas. A Arena 120 Ideias \u00e9 um espa\u00e7o dedicado para que diferentes marcas possam apresentar inova\u00e7\u00f5es em tecnologia e novos produtos.<\/p>\n<p style=\"text-align: justify;\">Como Institui\u00e7\u00e3o de Ci\u00eancia e Tecnologia apoiadora do Concrete Show, o SENAI tem como objetivo promover a transforma\u00e7\u00e3o digital em empresas. &#8220;O SENAI e o SEBRAE uniram for\u00e7as para fazer o maior programa de transforma\u00e7\u00e3o digital da hist\u00f3ria de S\u00e3o Paulo, com capacidade para atender 40 mil micros, pequenas e m\u00e9dias ind\u00fastrias nos pr\u00f3ximos quatro anos. Neste Concrete Show ser\u00e1 apresentada a jornada de transforma\u00e7\u00e3o digital que atender\u00e1 empresas de todos os segmentos industriais com diferentes n\u00edveis de maturidade digital, elevando a produtividade e competitividade dos neg\u00f3cios delas. Ind\u00fastria forte, pa\u00eds forte&#8221;, Silva.<\/p>\n<p style=\"text-align: justify;\"><strong>Servi\u00e7o<\/strong><\/p>\n<p style=\"text-align: justify;\"><strong>13\u00aa Concrete Show South America<\/strong><\/p>\n<p style=\"text-align: justify;\"><strong>Data: 09 a 10 de agosto &#8211; das 13h \u00e0s 21h<\/strong><\/p>\n<p style=\"text-align: justify;\"><strong>Local: S\u00e3o Paulo Expo &#8211; S\u00e3o Paulo \/ SP<\/strong><\/p>\n<p style=\"text-align: justify;\"><strong>Credenciamento de imprensa: Clique \u00a0<span style=\"color: #0000ff;\"><a style=\"color: #0000ff;\" href=\"https:\/\/click.cse360.com.br\/Click\/AddCampaignEmailClick\/f3887478-6a2e-4bb8-f82f-08da6c24812c\/https%253a%252f%252finscricaodeeventos.com.br%252finforma%252fconcreteshow%252f2022%252fimprensa%252findex.asp\/b20bfdd4-a02b-41a4-eb6d-08d7c5ff26d1\/webobras@gmail.com\/True\" target=\"_blank\" rel=\"noopener noreferrer\" data-saferedirecturl=\"https:\/\/www.google.com\/url?q=https:\/\/click.cse360.com.br\/Click\/AddCampaignEmailClick\/f3887478-6a2e-4bb8-f82f-08da6c24812c\/https%25253a%25252f%25252finscricaodeeventos.com.br%25252finforma%25252fconcreteshow%25252f2022%25252fimprensa%25252findex.asp\/b20bfdd4-a02b-41a4-eb6d-08d7c5ff26d1\/webobras@gmail.com\/True&amp;source=gmail&amp;ust=1659195275146000&amp;usg=AOvVaw21ZreIviYrXPpAJhRWrPmJ\">aqui<\/a><\/span><\/strong><\/p>\n","protected":false},"excerpt":{"rendered":"<p>O Concrete Show, evento da cadeia produtiva da constru\u00e7\u00e3o, recebe a Escola M\u00f3vel de Energias Renov\u00e1veis do SENAI (Servi\u00e7o Nacional de Aprendizagem Industrial) durante os tr\u00eas dias de evento, de 9 a 11 de agosto no S\u00e3o Paulo Expo, capital paulista. A unidade m\u00f3vel estar\u00e1 no pavilh\u00e3o da feira de neg\u00f3cios, onde o p\u00fablico poder\u00e1 [&hellip;]<\/p>\n","protected":false},"author":1,"featured_media":19783,"comment_status":"open","ping_status":"open","sticky":false,"template":"","format":"standard","meta":{"_uag_custom_page_level_css":"","footnotes":""},"categories":[33],"tags":[24153,24154,4324,10892],"class_list":["post-19782","post","type-post","status-publish","format-standard","has-post-thumbnail","hentry","category-mercado","tag-13a-concrete-show-south-america","tag-concreto-e-esg","tag-energias-renovaveis","tag-senai-sp"],"blocksy_meta":[],"spectra_blocks_featured_image_url":{"thumbnail":{"url":"https:\/\/construcaocivil.siriusmarketingedesign.com.br\/wp-content\/uploads\/2022\/07\/SENAI-SP-ENERGIA-150x150.jpg","width":150,"height":150},"medium":{"url":"https:\/\/construcaocivil.siriusmarketingedesign.com.br\/wp-content\/uploads\/2022\/07\/SENAI-SP-ENERGIA-300x164.jpg","width":300,"height":164},"medium_large":{"url":"https:\/\/construcaocivil.siriusmarketingedesign.com.br\/wp-content\/uploads\/2022\/07\/SENAI-SP-ENERGIA.jpg","width":649,"height":355},"large":{"url":"https:\/\/construcaocivil.siriusmarketingedesign.com.br\/wp-content\/uploads\/2022\/07\/SENAI-SP-ENERGIA.jpg","width":649,"height":355},"full":{"url":"https:\/\/construcaocivil.siriusmarketingedesign.com.br\/wp-content\/uploads\/2022\/07\/SENAI-SP-ENERGIA.jpg","width":649,"height":355}},"spectra_blocks_author_info":{"display_name":"Jornal da Constru\u00e7\u00e3o Civil","avatar_url":"https:\/\/secure.gravatar.com\/avatar\/973c9774fd44ddaceb026973c4962faa70fc512bc4c9da68e8ebb40fecee6540?s=96&d=mm&r=g","author_link":"https:\/\/construcaocivil.siriusmarketingedesign.com.br\/?author=1","description":"Desde de 2013, levando muitas informa\u00e7\u00f5es, lan\u00e7amentos e produtos de qualidade para toda cadeia produtiva da constru\u00e7\u00e3o. O Futuro da constru\u00e7\u00e3o passa por aqui,"},"uagb_featured_image_src":{"full":["https:\/\/construcaocivil.siriusmarketingedesign.com.br\/wp-content\/uploads\/2022\/07\/SENAI-SP-ENERGIA.jpg",649,355,false],"thumbnail":["https:\/\/construcaocivil.siriusmarketingedesign.com.br\/wp-content\/uploads\/2022\/07\/SENAI-SP-ENERGIA-150x150.jpg",150,150,true],"medium":["https:\/\/construcaocivil.siriusmarketingedesign.com.br\/wp-content\/uploads\/2022\/07\/SENAI-SP-ENERGIA-300x164.jpg",300,164,true],"medium_large":["https:\/\/construcaocivil.siriusmarketingedesign.com.br\/wp-content\/uploads\/2022\/07\/SENAI-SP-ENERGIA.jpg",649,355,false],"large":["https:\/\/construcaocivil.siriusmarketingedesign.com.br\/wp-content\/uploads\/2022\/07\/SENAI-SP-ENERGIA.jpg",649,355,false],"1536x1536":["https:\/\/construcaocivil.siriusmarketingedesign.com.br\/wp-content\/uploads\/2022\/07\/SENAI-SP-ENERGIA.jpg",649,355,false],"2048x2048":["https:\/\/construcaocivil.siriusmarketingedesign.com.br\/wp-content\/uploads\/2022\/07\/SENAI-SP-ENERGIA.jpg",649,355,false]},"uagb_author_info":{"display_name":"Jornal da Constru\u00e7\u00e3o Civil","author_link":"https:\/\/construcaocivil.siriusmarketingedesign.com.br\/?author=1"},"uagb_comment_info":0,"uagb_excerpt":"O Concrete Show, evento da cadeia produtiva da constru\u00e7\u00e3o, recebe a Escola M\u00f3vel de Energias Renov\u00e1veis do SENAI (Servi\u00e7o Nacional de Aprendizagem Industrial) durante os tr\u00eas dias de evento, de 9 a 11 de agosto no S\u00e3o Paulo Expo, capital paulista. A unidade m\u00f3vel estar\u00e1 no pavilh\u00e3o da feira de neg\u00f3cios, onde o p\u00fablico poder\u00e1&hellip;","_links":{"self":[{"href":"https:\/\/construcaocivil.siriusmarketingedesign.com.br\/index.php?rest_route=\/wp\/v2\/posts\/19782","targetHints":{"allow":["GET"]}}],"collection":[{"href":"https:\/\/construcaocivil.siriusmarketingedesign.com.br\/index.php?rest_route=\/wp\/v2\/posts"}],"about":[{"href":"https:\/\/construcaocivil.siriusmarketingedesign.com.br\/index.php?rest_route=\/wp\/v2\/types\/post"}],"author":[{"embeddable":true,"href":"https:\/\/construcaocivil.siriusmarketingedesign.com.br\/index.php?rest_route=\/wp\/v2\/users\/1"}],"replies":[{"embeddable":true,"href":"https:\/\/construcaocivil.siriusmarketingedesign.com.br\/index.php?rest_route=%2Fwp%2Fv2%2Fcomments&post=19782"}],"version-history":[{"count":0,"href":"https:\/\/construcaocivil.siriusmarketingedesign.com.br\/index.php?rest_route=\/wp\/v2\/posts\/19782\/revisions"}],"wp:featuredmedia":[{"embeddable":true,"href":"https:\/\/construcaocivil.siriusmarketingedesign.com.br\/index.php?rest_route=\/wp\/v2\/media\/19783"}],"wp:attachment":[{"href":"https:\/\/construcaocivil.siriusmarketingedesign.com.br\/index.php?rest_route=%2Fwp%2Fv2%2Fmedia&parent=19782"}],"wp:term":[{"taxonomy":"category","embeddable":true,"href":"https:\/\/construcaocivil.siriusmarketingedesign.com.br\/index.php?rest_route=%2Fwp%2Fv2%2Fcategories&post=19782"},{"taxonomy":"post_tag","embeddable":true,"href":"https:\/\/construcaocivil.siriusmarketingedesign.com.br\/index.php?rest_route=%2Fwp%2Fv2%2Ftags&post=19782"}],"curies":[{"name":"wp","href":"https:\/\/api.w.org\/{rel}","templated":true}]}}