{"id":19785,"date":"2022-07-29T13:59:53","date_gmt":"2022-07-29T16:59:53","guid":{"rendered":"https:\/\/www.jornaldaconstrucaocivil.com.br\/?p=19785"},"modified":"2022-07-29T15:10:02","modified_gmt":"2022-07-29T18:10:02","slug":"inovacao-tecnologia-e-experiencia-do-cliente-as-apostas-da-marca-lider-de-mercado-para-a-expolux-2022","status":"publish","type":"post","link":"https:\/\/construcaocivil.siriusmarketingedesign.com.br\/?p=19785","title":{"rendered":"Inova\u00e7\u00e3o, tecnologia e experi\u00eancia do cliente: as apostas da marca l\u00edder de mercado para a Expolux 2022"},"content":{"rendered":"<p style=\"text-align: justify;\"><i>S\u00e3o Paulo, Julho de 2022<\/i>\u00a0&#8212; A\u00a0<span style=\"color: #0000ff;\"><a style=\"color: #0000ff;\" href=\"https:\/\/s2207.imxsnd03.com\/link.php?code=bDpodHRwcyUzQSUyRiUyRm91cm9sdXguY29tLmJyJTJGJTNGdXRtX3NvdXJjZSUzREVQUiUyNnV0bV9tZWRpdW0lM0RQUiUyNnV0bV9jYW1wYWlnbiUzRFBSX0V4cG9sdXhfMjAyMiUyNnV0bV9jb250ZW50JTNEUFJfRXhwb2x1eF8yMDIyOjg5MjczOTUyMDp3ZWJvYnJhc0BnbWFpbC5jb206MWZlMTdhOjFk\" target=\"_blank\" rel=\"noopener\" data-saferedirecturl=\"https:\/\/www.google.com\/url?q=https:\/\/s2207.imxsnd03.com\/link.php?code%3DbDpodHRwcyUzQSUyRiUyRm91cm9sdXguY29tLmJyJTJGJTNGdXRtX3NvdXJjZSUzREVQUiUyNnV0bV9tZWRpdW0lM0RQUiUyNnV0bV9jYW1wYWlnbiUzRFBSX0V4cG9sdXhfMjAyMiUyNnV0bV9jb250ZW50JTNEUFJfRXhwb2x1eF8yMDIyOjg5MjczOTUyMDp3ZWJvYnJhc0BnbWFpbC5jb206MWZlMTdhOjFk&amp;source=gmail&amp;ust=1659197375093000&amp;usg=AOvVaw1ofMbu5LXUmBtoAWPqPRkE\"><span class=\"il\">Ourolux<\/span><\/a><\/span>, marca l\u00edder do mercado de ilumina\u00e7\u00e3o no canal alimentar, anuncia sua primeira participa\u00e7\u00e3o na\u00a0<a href=\"https:\/\/s2207.imxsnd03.com\/link.php?code=bDpodHRwcyUzQSUyRiUyRnd3dy5leHBvbHV4LmNvbS5iciUyRnB0LWJyJTJGby1ldmVudG8uaHRtbCUzRnV0bV9zb3VyY2UlM0RFUFIlMjZ1dG1fbWVkaXVtJTNEUFIlMjZ1dG1fY2FtcGFpZ24lM0RQUl9FeHBvbHV4XzIwMjIlMjZ1dG1fY29udGVudCUzRFBSX0V4cG9sdXhfMjAyMjo4OTI3Mzk1MjA6d2Vib2JyYXNAZ21haWwuY29tOjZ%0DlYTE0YzoxZA==\" target=\"_blank\" rel=\"noopener\" data-saferedirecturl=\"https:\/\/www.google.com\/url?q=https:\/\/s2207.imxsnd03.com\/link.php?code%3DbDpodHRwcyUzQSUyRiUyRnd3dy5leHBvbHV4LmNvbS5iciUyRnB0LWJyJTJGby1ldmVudG8uaHRtbCUzRnV0bV9zb3VyY2UlM0RFUFIlMjZ1dG1fbWVkaXVtJTNEUFIlMjZ1dG1fY2FtcGFpZ24lM0RQUl9FeHBvbHV4XzIwMjIlMjZ1dG1fY29udGVudCUzRFBSX0V4cG9sdXhfMjAyMjo4OTI3Mzk1MjA6d2Vib2JyYXNAZ21haWwuY29tOjZ%250DlYTE0YzoxZA%3D%3D&amp;source=gmail&amp;ust=1659197375093000&amp;usg=AOvVaw2ZipAHbilDqNLuxdKDe_bn\"><span style=\"color: #0000ff;\">Expolux<\/span> <span style=\"color: #0000ff;\">2022<\/span><\/a>, principal evento voltado \u00e0s empresas de ilumina\u00e7\u00e3o da Am\u00e9rica Latina. A companhia promete explorar conceitos modernos e inovadores, com objetivo de ampliar seu mercado e demonstrar o amplo portf\u00f3lio desenvolvido especialmente para o segmento de decora\u00e7\u00e3o e arquitetura, baseado em efici\u00eancia, alta qualidade e design moderno.<\/p>\n<p style=\"text-align: justify;\">Em sua 17\u00aa edi\u00e7\u00e3o, a Expolux acontece entre os dias 02 e 05 de agosto, na Expo Center Norte, em S\u00e3o Paulo. Na ocasi\u00e3o, a\u00a0<span class=\"il\">Ourolux<\/span>\u00a0contar\u00e1 com um estande completo, com 120 m\u00b2, em que apresentar\u00e1 uma s\u00e9rie de produtos diversificados, desde lumin\u00e1rias externas, p\u00fablicas e\u00a0<span style=\"color: #0000ff;\"><a style=\"color: #0000ff;\" href=\"https:\/\/s2207.imxsnd03.com\/link.php?code=bDpodHRwcyUzQSUyRiUyRm91cm9sdXguY29tLmJyJTJGcHJvZHV0b3MlMkZsdW1pbmFyaWFzJTJGcGxhZm9ucy1kcml2ZXJzLmh0bWwlM0Z1dG1fc291cmNlJTNERVBSJTI2dXRtX21lZGl1bSUzRFBSJTI2dXRtX2NhbXBhaWduJTNEUFJfRXhwb2x1eF8yMDIyJTI2dXRtX2NvbnRlbnQlM0RQUl9FeHBvbHV4XzIwMjI6ODkyNzM5NTIwOnd%0DlYm9icmFzQGdtYWlsLmNvbTo1NjQ0Yzg6MWQ=\" target=\"_blank\" rel=\"noopener\" data-saferedirecturl=\"https:\/\/www.google.com\/url?q=https:\/\/s2207.imxsnd03.com\/link.php?code%3DbDpodHRwcyUzQSUyRiUyRm91cm9sdXguY29tLmJyJTJGcHJvZHV0b3MlMkZsdW1pbmFyaWFzJTJGcGxhZm9ucy1kcml2ZXJzLmh0bWwlM0Z1dG1fc291cmNlJTNERVBSJTI2dXRtX21lZGl1bSUzRFBSJTI2dXRtX2NhbXBhaWduJTNEUFJfRXhwb2x1eF8yMDIyJTI2dXRtX2NvbnRlbnQlM0RQUl9FeHBvbHV4XzIwMjI6ODkyNzM5NTIwOnd%250DlYm9icmFzQGdtYWlsLmNvbTo1NjQ0Yzg6MWQ%3D&amp;source=gmail&amp;ust=1659197375093000&amp;usg=AOvVaw2XQB9fZbL3XW6EmmXnT0ev\">plafons antichamas<\/a>,<\/span> at\u00e9 as reconhecidas l\u00e2mpadas inteligentes da linha\u00a0<span style=\"color: #0000ff;\"><a style=\"color: #0000ff;\" href=\"https:\/\/s2207.imxsnd03.com\/link.php?code=bDpodHRwcyUzQSUyRiUyRm91cm9sdXguY29tLmJyJTJGcHJvZHV0b3MlMkZpbHVtaW5hYy1vJTJGbGFtcGFkYXMtaW50ZWxpZ2VudGVzLmh0bWwlM0Z1dG1fc291cmNlJTNERVBSJTI2dXRtX21lZGl1bSUzRFBSJTI2dXRtX2NhbXBhaWduJTNEUFJfRXhwb2x1eF8yMDIyJTI2dXRtX2NvbnRlbnQlM0RQUl9FeHBvbHV4XzIwMjI6ODkyNzM%0D5NTIwOndlYm9icmFzQGdtYWlsLmNvbTo1OTg0N2Q6MWQ=\" target=\"_blank\" rel=\"noopener\" data-saferedirecturl=\"https:\/\/www.google.com\/url?q=https:\/\/s2207.imxsnd03.com\/link.php?code%3DbDpodHRwcyUzQSUyRiUyRm91cm9sdXguY29tLmJyJTJGcHJvZHV0b3MlMkZpbHVtaW5hYy1vJTJGbGFtcGFkYXMtaW50ZWxpZ2VudGVzLmh0bWwlM0Z1dG1fc291cmNlJTNERVBSJTI2dXRtX21lZGl1bSUzRFBSJTI2dXRtX2NhbXBhaWduJTNEUFJfRXhwb2x1eF8yMDIyJTI2dXRtX2NvbnRlbnQlM0RQUl9FeHBvbHV4XzIwMjI6ODkyNzM%250D5NTIwOndlYm9icmFzQGdtYWlsLmNvbTo1OTg0N2Q6MWQ%3D&amp;source=gmail&amp;ust=1659197375093000&amp;usg=AOvVaw0MHzLXjXbe5VEcq_FBXNpK\">Controled<\/a><\/span>.<\/p>\n<p style=\"text-align: justify;\">De acordo com o Gerente Nacional de Vendas da companhia, Douglas Moraes, a feira \u00e9 uma grande oportunidade de ampliar o conhecimento do p\u00fablico sobre a diversidade de produtos oferecida pela marca. \u201cTemos um portf\u00f3lio completo, desenvolvido especialmente para garantir praticidade, versatilidade e seguran\u00e7a aos consumidores. Com a apresenta\u00e7\u00e3o de uma linha extensa de produtos, a Expolux \u00e9 um \u00f3timo espa\u00e7o para angariar novos clientes e parceiros, ampliando de forma efetiva, os neg\u00f3cios da marca\u201d, explica.<\/p>\n<p style=\"text-align: justify;\">Com um market share superior a 20% no setor varejista, o principal objetivo da marca \u00e9 expandir os neg\u00f3cios tamb\u00e9m no segmento de Arquitetura e Constru\u00e7\u00e3o, potencializando a visibilidade e os contratos da\u00a0<span class=\"il\">Ourolux<\/span>\u00a0em outras verticais.<\/p>\n<p style=\"text-align: justify;\"><strong>Espa\u00e7o Controled<\/strong><\/p>\n<p style=\"text-align: justify;\">Com um estande amplo e baseado em um design futurista, localizado no setor G43, a\u00a0<span class=\"il\">Ourolux<\/span>\u00a0destinar\u00e1 um espa\u00e7o exclusivo para que os consumidores possam vivenciar a experi\u00eancia da ilumina\u00e7\u00e3o inteligente com a rec\u00e9m expandida linha Controled, de l\u00e2mpadas inteligentes.<\/p>\n<p style=\"text-align: justify;\">Neste espa\u00e7o, o p\u00fablico poder\u00e1 conhecer cada um dos 7 modelos de l\u00e2mpadas e entender como funcionam, os principais ambientes que podem ser aplicadas e os benef\u00edcios econ\u00f4micos e ambientais destes modernos modelos de ilumina\u00e7\u00e3o.<\/p>\n<p style=\"text-align: justify;\">A linha Controled \u00e9 composta por l\u00e2mpadas com fun\u00e7\u00f5es inteligentes e prontas para uso. O\u00a0<i>mix<\/i>\u00a0conta com modelos com sensores de presen\u00e7a (que acendem ao detectarem movimento), de ilumina\u00e7\u00e3o (que iluminam o ambiente automaticamente na aus\u00eancia de luz) e autodimer\u00edzaveis (que com apenas um toque no interruptor \u00e9 poss\u00edvel controlar a intensidade da luz). Tudo isso sem a necessidade de instala\u00e7\u00e3o de outros componentes.<\/p>\n<p style=\"text-align: justify;\">Al\u00e9m disso, a linha conta ainda com modelos com fun\u00e7\u00f5es que podem ser controladas diretamente do interruptor, diversificando a tonalidade ou a intensidade da luz, bem como uma vers\u00e3o com \u201cilumina\u00e7\u00e3o anti-insetos\u201d e uma RGB, que possibilita a troca de diversas cores para adaptar o ambiente de acordo com a escolha do usu\u00e1rio.<\/p>\n<p style=\"text-align: justify;\">No entanto, a diversifica\u00e7\u00e3o de produtos n\u00e3o para por a\u00ed. A marca apresentar\u00e1 ainda uma linha de plafons desenvolvida para garantir a seguran\u00e7a do consumidor, com uma inovadora tecnologia antichamas, conforme explica Moraes. \u201cPercebemos que alguns modelos de lumin\u00e1rias disponibilizadas no mercado vinham apresentando casos de inc\u00eandio e colocando em risco a seguran\u00e7a dos usu\u00e1rios. Neste sentido, desenvolvemos em nossa linha de plafons o modelo antichamas, que evita quaisquer riscos de inc\u00eandio e contribui para demonstrar a qualidade e a confiabilidade dos produtos\u00a0<span class=\"il\">Ourolux<\/span>\u201d, finaliza o executivo.<\/p>\n","protected":false},"excerpt":{"rendered":"<p>S\u00e3o Paulo, Julho de 2022\u00a0&#8212; A\u00a0Ourolux, marca l\u00edder do mercado de ilumina\u00e7\u00e3o no canal alimentar, anuncia sua primeira participa\u00e7\u00e3o na\u00a0Expolux 2022, principal evento voltado \u00e0s empresas de ilumina\u00e7\u00e3o da Am\u00e9rica Latina. A companhia promete explorar conceitos modernos e inovadores, com objetivo de ampliar seu mercado e demonstrar o amplo portf\u00f3lio desenvolvido especialmente para o segmento [&hellip;]<\/p>\n","protected":false},"author":1,"featured_media":19787,"comment_status":"open","ping_status":"open","sticky":false,"template":"","format":"standard","meta":{"_uag_custom_page_level_css":"","footnotes":""},"categories":[12591],"tags":[1933,24157,24156,24155,14923],"class_list":["post-19785","post","type-post","status-publish","format-standard","has-post-thumbnail","hentry","category-produtos","tag-casa-e-decoracao","tag-expolux-2022-17a-edicao","tag-luminarias-e-lampadas-de-leed","tag-ourolux","tag-pecas-e-acessorios"],"blocksy_meta":[],"spectra_blocks_featured_image_url":{"thumbnail":{"url":"https:\/\/construcaocivil.siriusmarketingedesign.com.br\/wp-content\/uploads\/2022\/07\/unnamed-150x150.png","width":150,"height":150},"medium":{"url":"https:\/\/construcaocivil.siriusmarketingedesign.com.br\/wp-content\/uploads\/2022\/07\/unnamed-300x300.png","width":300,"height":300},"medium_large":{"url":"https:\/\/construcaocivil.siriusmarketingedesign.com.br\/wp-content\/uploads\/2022\/07\/unnamed.png","width":421,"height":419},"large":{"url":"https:\/\/construcaocivil.siriusmarketingedesign.com.br\/wp-content\/uploads\/2022\/07\/unnamed.png","width":421,"height":419},"full":{"url":"https:\/\/construcaocivil.siriusmarketingedesign.com.br\/wp-content\/uploads\/2022\/07\/unnamed.png","width":421,"height":419}},"spectra_blocks_author_info":{"display_name":"Jornal da Constru\u00e7\u00e3o Civil","avatar_url":"https:\/\/secure.gravatar.com\/avatar\/973c9774fd44ddaceb026973c4962faa70fc512bc4c9da68e8ebb40fecee6540?s=96&d=mm&r=g","author_link":"https:\/\/construcaocivil.siriusmarketingedesign.com.br\/?author=1","description":"Desde de 2013, levando muitas informa\u00e7\u00f5es, lan\u00e7amentos e produtos de qualidade para toda cadeia produtiva da constru\u00e7\u00e3o. O Futuro da constru\u00e7\u00e3o passa por aqui,"},"uagb_featured_image_src":{"full":["https:\/\/construcaocivil.siriusmarketingedesign.com.br\/wp-content\/uploads\/2022\/07\/unnamed.png",421,419,false],"thumbnail":["https:\/\/construcaocivil.siriusmarketingedesign.com.br\/wp-content\/uploads\/2022\/07\/unnamed-150x150.png",150,150,true],"medium":["https:\/\/construcaocivil.siriusmarketingedesign.com.br\/wp-content\/uploads\/2022\/07\/unnamed-300x300.png",300,300,true],"medium_large":["https:\/\/construcaocivil.siriusmarketingedesign.com.br\/wp-content\/uploads\/2022\/07\/unnamed.png",421,419,false],"large":["https:\/\/construcaocivil.siriusmarketingedesign.com.br\/wp-content\/uploads\/2022\/07\/unnamed.png",421,419,false],"1536x1536":["https:\/\/construcaocivil.siriusmarketingedesign.com.br\/wp-content\/uploads\/2022\/07\/unnamed.png",421,419,false],"2048x2048":["https:\/\/construcaocivil.siriusmarketingedesign.com.br\/wp-content\/uploads\/2022\/07\/unnamed.png",421,419,false]},"uagb_author_info":{"display_name":"Jornal da Constru\u00e7\u00e3o Civil","author_link":"https:\/\/construcaocivil.siriusmarketingedesign.com.br\/?author=1"},"uagb_comment_info":0,"uagb_excerpt":"S\u00e3o Paulo, Julho de 2022\u00a0&#8212; A\u00a0Ourolux, marca l\u00edder do mercado de ilumina\u00e7\u00e3o no canal alimentar, anuncia sua primeira participa\u00e7\u00e3o na\u00a0Expolux 2022, principal evento voltado \u00e0s empresas de ilumina\u00e7\u00e3o da Am\u00e9rica Latina. A companhia promete explorar conceitos modernos e inovadores, com objetivo de ampliar seu mercado e demonstrar o amplo portf\u00f3lio desenvolvido especialmente para o segmento&hellip;","_links":{"self":[{"href":"https:\/\/construcaocivil.siriusmarketingedesign.com.br\/index.php?rest_route=\/wp\/v2\/posts\/19785","targetHints":{"allow":["GET"]}}],"collection":[{"href":"https:\/\/construcaocivil.siriusmarketingedesign.com.br\/index.php?rest_route=\/wp\/v2\/posts"}],"about":[{"href":"https:\/\/construcaocivil.siriusmarketingedesign.com.br\/index.php?rest_route=\/wp\/v2\/types\/post"}],"author":[{"embeddable":true,"href":"https:\/\/construcaocivil.siriusmarketingedesign.com.br\/index.php?rest_route=\/wp\/v2\/users\/1"}],"replies":[{"embeddable":true,"href":"https:\/\/construcaocivil.siriusmarketingedesign.com.br\/index.php?rest_route=%2Fwp%2Fv2%2Fcomments&post=19785"}],"version-history":[{"count":0,"href":"https:\/\/construcaocivil.siriusmarketingedesign.com.br\/index.php?rest_route=\/wp\/v2\/posts\/19785\/revisions"}],"wp:featuredmedia":[{"embeddable":true,"href":"https:\/\/construcaocivil.siriusmarketingedesign.com.br\/index.php?rest_route=\/wp\/v2\/media\/19787"}],"wp:attachment":[{"href":"https:\/\/construcaocivil.siriusmarketingedesign.com.br\/index.php?rest_route=%2Fwp%2Fv2%2Fmedia&parent=19785"}],"wp:term":[{"taxonomy":"category","embeddable":true,"href":"https:\/\/construcaocivil.siriusmarketingedesign.com.br\/index.php?rest_route=%2Fwp%2Fv2%2Fcategories&post=19785"},{"taxonomy":"post_tag","embeddable":true,"href":"https:\/\/construcaocivil.siriusmarketingedesign.com.br\/index.php?rest_route=%2Fwp%2Fv2%2Ftags&post=19785"}],"curies":[{"name":"wp","href":"https:\/\/api.w.org\/{rel}","templated":true}]}}