{"id":198,"date":"2015-10-13T19:24:18","date_gmt":"2015-10-13T19:24:18","guid":{"rendered":"http:\/\/www.jornaldaconstrucaocivil.com.br\/?p=198"},"modified":"2015-10-13T19:24:18","modified_gmt":"2015-10-13T19:24:18","slug":"sindicato-fiscaliza-condicoes-de-trabalho-na-obra-noturna-do-parque-olimpico-da-barra","status":"publish","type":"post","link":"https:\/\/construcaocivil.siriusmarketingedesign.com.br\/?p=198","title":{"rendered":"Sindicato fiscaliza condi\u00e7\u00f5es de trabalho na obra noturna do Parque Ol\u00edmpico da Barra"},"content":{"rendered":"<p><span style=\"color: #000000;\"><strong>O Sintraconst-Rio vem refor\u00e7ando a fiscaliza\u00e7\u00e3o sobre as condi\u00e7\u00f5es de trabalho nas obras relativas aos Jogos Ol\u00edmpicos de 2016 diante da proximidade do prazo de entrega das instala\u00e7\u00f5es.<\/strong><\/span><\/p>\n<p><a href=\"http:\/\/www.jornaldaconstrucaocivil.com.br\/wp-content\/uploads\/2015\/10\/OPER\u00c1RIOS-I-NOITE.jpg\"><img loading=\"lazy\" decoding=\"async\" class=\"size-medium wp-image-199 alignleft\" src=\"http:\/\/www.jornaldaconstrucaocivil.com.br\/wp-content\/uploads\/2015\/10\/OPER\u00c1RIOS-I-NOITE-300x198.jpg\" alt=\"OPER\u00c1RIOS I NOITE\" width=\"300\" height=\"198\" \/><\/a><\/p>\n<p><span style=\"color: #000000;\">Na \u00faltima semana, a equipe 5 do Departamento de Seguran\u00e7a do Trabalho do Sindicato fiscalizou as condi\u00e7\u00f5es dos trabalhadores do per\u00edodo noturno da obra do Centro Ol\u00edmpico de T\u00eanis, do Cons\u00f3rcio ITD, no Parque Ol\u00edmpico da Barra da Tijuca.<\/span><\/p>\n<p><span style=\"color: #000000;\">Cerca de cem oper\u00e1rios trabalham das 20h \u00e0s 5h no projeto das quadras de t\u00eanis.<\/span><\/p>\n<p><span style=\"color: #000000;\"><em>&#8220;Conversamos com os trabalhadores, explicamos os direitos que eles t\u00eam, principalmente pelo trabalho \u00e0 noite, durante a madrugada&#8221;<\/em>, destaca o l\u00edder da equipe 5, Alfredo Laeber.<\/span><\/p>\n<p><span style=\"color: #000000;\">A CLT determina que cada hora de trabalho noturno deve ser paga com adicional de 20% sobre a hora diurna.<\/span><\/p>\n<p><span style=\"color: #000000;\">Ainda durante a visita, o Sindicato reivindicou\u00a0o fornecimento de repelente contra mosquitos. O produto foi providenciado pelo cons\u00f3rcio.<\/span><\/p>\n<p><span style=\"color: #000000;\">O Complexo Ol\u00edmpico de T\u00eanis vai ter 16 quadras distribu\u00eddas em uma \u00e1rea de nove hectares.<\/span><\/p>\n<p><span style=\"color: #000000;\">H\u00e1 mais de um ano o Sintraconst-Rio est\u00e1 presente todos os dias no Parque Ol\u00edmpico da Barra com profissionais do seu Departamento de Seguran\u00e7a do Trabalho, em um espa\u00e7o fixo para atender os mais de 2 mil oper\u00e1rios que d\u00e3o expediente por l\u00e1.<\/span><\/p>\n<h3><span style=\"color: #000000;\">Paralisa\u00e7\u00e3o no Parque Aqu\u00e1tico<\/span><\/h3>\n<p><a href=\"http:\/\/www.jornaldaconstrucaocivil.com.br\/wp-content\/uploads\/2015\/10\/OPERARIOS-REUNI\u00c3O.jpg\"><img loading=\"lazy\" decoding=\"async\" class=\"size-medium wp-image-200 alignleft\" src=\"http:\/\/www.jornaldaconstrucaocivil.com.br\/wp-content\/uploads\/2015\/10\/OPERARIOS-REUNI\u00c3O-300x198.jpg\" alt=\"OPERARIOS REUNI\u00c3O\" width=\"300\" height=\"198\" \/><\/a><\/p>\n<p><span style=\"color: #000000;\">Nesta ter\u00e7a-feira (6 de outubro), o Sintraconst-Rio participou de uma paralisa\u00e7\u00e3o de advert\u00eancia com os cerca de 300 trabalhadores do Parque Aqu\u00e1tico, do Cons\u00f3rcio Onda Azul, tamb\u00e9m no Parque Ol\u00edmpico da Barra.<\/span><\/p>\n<p><span style=\"color: #000000;\">Os oper\u00e1rios reivindicam melhor qualidade no almo\u00e7o servido no canteiro.<\/span><\/p>\n<p><span style=\"color: #000000;\"><em>&#8220;O frango tem um p\u00e9ssimo aspecto, e a carne mo\u00edda fica boiando na \u00e1gua&#8221;<\/em>, reclama um dos empregados do cons\u00f3rcio, se referindo \u00e0 refei\u00e7\u00e3o de segunda-feira.<\/span><\/p>\n<p><span style=\"color: #000000;\">A equipe 5 do Departamento de Seguran\u00e7a do Trabalho se reuniu com os respons\u00e1veis pela obra.<\/span><\/p>\n<p><span style=\"color: #000000;\">&#8220;Nesta ter\u00e7a-feira o almo\u00e7o at\u00e9 melhorou um pouco, mas 90% dos trabalhadores se recusaram a comer&#8221;, conta o l\u00edder da equipe 5, Alfredo Laeber.<\/span><\/p>\n<p><span style=\"color: #000000;\">A empresa prometeu se adequar \u00e0s reivindica\u00e7\u00f5es.<\/span><\/p>\n<p><span style=\"color: #000000;\">Fonte: Assessoria de Imprensa Sintraconst-Rio<\/span><\/p>\n","protected":false},"excerpt":{"rendered":"<p>O Sintraconst-Rio vem refor\u00e7ando a fiscaliza\u00e7\u00e3o sobre as condi\u00e7\u00f5es de trabalho nas obras relativas aos Jogos Ol\u00edmpicos de 2016 diante da proximidade do prazo de entrega das instala\u00e7\u00f5es. Na \u00faltima semana, a equipe 5 do Departamento de Seguran\u00e7a do Trabalho do Sindicato fiscalizou as condi\u00e7\u00f5es dos trabalhadores do per\u00edodo noturno da obra do Centro Ol\u00edmpico [&hellip;]<\/p>\n","protected":false},"author":1,"featured_media":199,"comment_status":"open","ping_status":"open","sticky":false,"template":"","format":"standard","meta":{"_uag_custom_page_level_css":"","footnotes":""},"categories":[27],"tags":[8472,8635,8666,10368],"class_list":["post-198","post","type-post","status-publish","format-standard","has-post-thumbnail","hentry","category-acontece","tag-operarios","tag-paralisacao","tag-parque-aquatico","tag-rio-2016"],"blocksy_meta":[],"spectra_blocks_featured_image_url":[],"spectra_blocks_author_info":{"display_name":"Jornal da Constru\u00e7\u00e3o Civil","avatar_url":"https:\/\/secure.gravatar.com\/avatar\/973c9774fd44ddaceb026973c4962faa70fc512bc4c9da68e8ebb40fecee6540?s=96&d=mm&r=g","author_link":"https:\/\/construcaocivil.siriusmarketingedesign.com.br\/?author=1","description":"Desde de 2013, levando muitas informa\u00e7\u00f5es, lan\u00e7amentos e produtos de qualidade para toda cadeia produtiva da constru\u00e7\u00e3o. O Futuro da constru\u00e7\u00e3o passa por aqui,"},"uagb_featured_image_src":{"full":false,"thumbnail":false,"medium":false,"medium_large":false,"large":false,"1536x1536":false,"2048x2048":false},"uagb_author_info":{"display_name":"Jornal da Constru\u00e7\u00e3o Civil","author_link":"https:\/\/construcaocivil.siriusmarketingedesign.com.br\/?author=1"},"uagb_comment_info":0,"uagb_excerpt":"O Sintraconst-Rio vem refor\u00e7ando a fiscaliza\u00e7\u00e3o sobre as condi\u00e7\u00f5es de trabalho nas obras relativas aos Jogos Ol\u00edmpicos de 2016 diante da proximidade do prazo de entrega das instala\u00e7\u00f5es. Na \u00faltima semana, a equipe 5 do Departamento de Seguran\u00e7a do Trabalho do Sindicato fiscalizou as condi\u00e7\u00f5es dos trabalhadores do per\u00edodo noturno da obra do Centro Ol\u00edmpico&hellip;","_links":{"self":[{"href":"https:\/\/construcaocivil.siriusmarketingedesign.com.br\/index.php?rest_route=\/wp\/v2\/posts\/198","targetHints":{"allow":["GET"]}}],"collection":[{"href":"https:\/\/construcaocivil.siriusmarketingedesign.com.br\/index.php?rest_route=\/wp\/v2\/posts"}],"about":[{"href":"https:\/\/construcaocivil.siriusmarketingedesign.com.br\/index.php?rest_route=\/wp\/v2\/types\/post"}],"author":[{"embeddable":true,"href":"https:\/\/construcaocivil.siriusmarketingedesign.com.br\/index.php?rest_route=\/wp\/v2\/users\/1"}],"replies":[{"embeddable":true,"href":"https:\/\/construcaocivil.siriusmarketingedesign.com.br\/index.php?rest_route=%2Fwp%2Fv2%2Fcomments&post=198"}],"version-history":[{"count":0,"href":"https:\/\/construcaocivil.siriusmarketingedesign.com.br\/index.php?rest_route=\/wp\/v2\/posts\/198\/revisions"}],"wp:featuredmedia":[{"embeddable":true,"href":"https:\/\/construcaocivil.siriusmarketingedesign.com.br\/index.php?rest_route=\/wp\/v2\/posts\/199"}],"wp:attachment":[{"href":"https:\/\/construcaocivil.siriusmarketingedesign.com.br\/index.php?rest_route=%2Fwp%2Fv2%2Fmedia&parent=198"}],"wp:term":[{"taxonomy":"category","embeddable":true,"href":"https:\/\/construcaocivil.siriusmarketingedesign.com.br\/index.php?rest_route=%2Fwp%2Fv2%2Fcategories&post=198"},{"taxonomy":"post_tag","embeddable":true,"href":"https:\/\/construcaocivil.siriusmarketingedesign.com.br\/index.php?rest_route=%2Fwp%2Fv2%2Ftags&post=198"}],"curies":[{"name":"wp","href":"https:\/\/api.w.org\/{rel}","templated":true}]}}