{"id":19841,"date":"2022-08-08T15:15:44","date_gmt":"2022-08-08T18:15:44","guid":{"rendered":"https:\/\/www.jornaldaconstrucaocivil.com.br\/?p=19841"},"modified":"2022-08-08T15:15:44","modified_gmt":"2022-08-08T18:15:44","slug":"selic-alta-derruba-vendas-de-cimento-no-mes-de-julho","status":"publish","type":"post","link":"https:\/\/construcaocivil.siriusmarketingedesign.com.br\/?p=19841","title":{"rendered":"Selic alta derruba vendas de cimento no m\u00eas de Julho"},"content":{"rendered":"<p class=\"v1ql-align-justify\">A ind\u00fastria do cimento segue enfrentando gargalos associados ao aumento nos pre\u00e7os de insumos e um cen\u00e1rio econ\u00f4mico dif\u00edcil, elevando ainda mais a inseguran\u00e7a em rela\u00e7\u00e3o ao desempenho do setor nos pr\u00f3ximos meses.<\/p>\n<p class=\"v1ql-align-justify\">Em julho, as vendas do produto registraram queda de 6,8% com rela\u00e7\u00e3o a igual per\u00edodo de 2021, atingindo 5,5 milh\u00f5es de toneladas comercializadas, segundo o Sindicato Nacional da Ind\u00fastria do Cimento \u2013 SNIC. Ao se analisar o despacho de cimento por dia \u00fatil em julho 234,5 mil toneladas, h\u00e1 uma queda de 2,6% sobre mesmo m\u00eas do ano passado. No acumulado de janeiro a julho o recuo foi de 3,3%.<\/p>\n<p class=\"v1ql-align-justify\">A guerra entre R\u00fassia e Ucr\u00e2nia, que j\u00e1 dura mais de seis meses, acelerou a eleva\u00e7\u00e3o dos pre\u00e7os de insumos energ\u00e9ticos, principalmente no coque de petr\u00f3leo, mat\u00e9ria-prima essencial da ind\u00fastria do cimento. Isso sem contar com os sucessivos aumentos de energia el\u00e9trica, frete, sacaria, gesso e refrat\u00e1rios.<\/p>\n<p class=\"v1ql-align-justify\">No \u00e2mbito dom\u00e9stico, a eleva\u00e7\u00e3o da Selic para 13,75% desfavorece o acesso ao financiamento habitacional, em raz\u00e3o do aumento da taxa do financiamento imobili\u00e1rio e da competi\u00e7\u00e3o com produtos financeiros. Apesar disso, o an\u00fancio das altera\u00e7\u00f5es no programa Casa Verde e Amarela injetaram novo \u00e2nimo no setor de im\u00f3veis de baixa renda. A extens\u00e3o do prazo dos financiamentos do programa, hoje de 30 para 35 anos e a libera\u00e7\u00e3o do FGTS para o pagamento de parcelas do financiamento, t\u00eam potencial de elevar as vendas e lan\u00e7amentos desse segmento.<\/p>\n<p class=\"v1ql-align-justify\">A confian\u00e7a dos consumidores brasileiros<sup>1<\/sup>\u00a0voltou a subir em julho, por\u00e9m a um ritmo menor do que no m\u00eas anterior, devido \u00e0 incerteza em rela\u00e7\u00e3o \u00e0 situa\u00e7\u00e3o financeira das fam\u00edlias de menor poder aquisitivo. O endividamento<sup>2<\/sup>\u00a0estacionou em patamar recorde da s\u00e9rie hist\u00f3rica, em 52,7% de todos os rendimentos e o or\u00e7amento do brasileiro segue comprometido com itens b\u00e1sicos como alimenta\u00e7\u00e3o e sa\u00fade. Ainda que se vislumbre uma tend\u00eancia de queda, a infla\u00e7\u00e3o permanece em patamares significativamente altos.<\/p>\n<p class=\"v1ql-align-justify\">O mercado de trabalho voltou a mostrar sinais de recupera\u00e7\u00e3o. A taxa de desemprego atingiu 9,3% em junho<sup>3<\/sup>, menor valor desde o in\u00edcio de 2016. A remunera\u00e7\u00e3o apresentou leve alta, por\u00e9m ainda mais baixa e informal do que antes da pandemia.<\/p>\n<p class=\"v1ql-align-justify\">Diante de um cen\u00e1rio de instabilidade marcado por eleva\u00e7\u00e3o nos juros no Brasil, Estados Unidos e Europa, somados ao conflito entre R\u00fassia e Ucr\u00e2nia e o risco de uma recess\u00e3o mundial, a ind\u00fastria do cimento mantem suas expectativas em rela\u00e7\u00e3o ao desempenho do ano.<\/p>\n<p class=\"v1ql-align-justify\"><strong><em>&#8220;A desacelera\u00e7\u00e3o do crescimento global, o aumento das taxas de juros no \u00e2mbito nacional e internacional e as incertezas na economia brasileira, sinalizam um final de ano pouco otimista para a ind\u00fastria de cimento, que prev\u00ea uma queda nas vendas em 2022<\/em><\/strong>&#8220;<\/p>\n<p class=\"v1ql-align-center\"><strong>Paulo Camillo Penna \u2013 Presidente do SNIC<\/strong><\/p>\n","protected":false},"excerpt":{"rendered":"<p>A ind\u00fastria do cimento segue enfrentando gargalos associados ao aumento nos pre\u00e7os de insumos e um cen\u00e1rio econ\u00f4mico dif\u00edcil, elevando ainda mais a inseguran\u00e7a em rela\u00e7\u00e3o ao desempenho do setor nos pr\u00f3ximos meses. Em julho, as vendas do produto registraram queda de 6,8% com rela\u00e7\u00e3o a igual per\u00edodo de 2021, atingindo 5,5 milh\u00f5es de toneladas [&hellip;]<\/p>\n","protected":false},"author":1,"featured_media":19842,"comment_status":"open","ping_status":"open","sticky":false,"template":"","format":"standard","meta":{"_uag_custom_page_level_css":"","footnotes":""},"categories":[33],"tags":[24197,24195,11260,24196],"class_list":["post-19841","post","type-post","status-publish","format-standard","has-post-thumbnail","hentry","category-mercado","tag-familias-sem-renda","tag-selic-afeta-vendas","tag-snic","tag-varejo-de-material-da-construcao"],"blocksy_meta":[],"spectra_blocks_featured_image_url":{"thumbnail":{"url":"https:\/\/construcaocivil.siriusmarketingedesign.com.br\/wp-content\/uploads\/2022\/08\/IMG_20220805_111844_2-150x150.jpg","width":150,"height":150},"medium":{"url":"https:\/\/construcaocivil.siriusmarketingedesign.com.br\/wp-content\/uploads\/2022\/08\/IMG_20220805_111844_2-300x189.jpg","width":300,"height":189},"medium_large":{"url":"https:\/\/construcaocivil.siriusmarketingedesign.com.br\/wp-content\/uploads\/2022\/08\/IMG_20220805_111844_2-768x483.jpg","width":768,"height":483},"large":{"url":"https:\/\/construcaocivil.siriusmarketingedesign.com.br\/wp-content\/uploads\/2022\/08\/IMG_20220805_111844_2-1024x645.jpg","width":1024,"height":645},"full":{"url":"https:\/\/construcaocivil.siriusmarketingedesign.com.br\/wp-content\/uploads\/2022\/08\/IMG_20220805_111844_2-scaled.jpg","width":2560,"height":1611}},"spectra_blocks_author_info":{"display_name":"Jornal da Constru\u00e7\u00e3o Civil","avatar_url":"https:\/\/secure.gravatar.com\/avatar\/973c9774fd44ddaceb026973c4962faa70fc512bc4c9da68e8ebb40fecee6540?s=96&d=mm&r=g","author_link":"https:\/\/construcaocivil.siriusmarketingedesign.com.br\/?author=1","description":"Desde de 2013, levando muitas informa\u00e7\u00f5es, lan\u00e7amentos e produtos de qualidade para toda cadeia produtiva da constru\u00e7\u00e3o. O Futuro da constru\u00e7\u00e3o passa por aqui,"},"uagb_featured_image_src":{"full":["https:\/\/construcaocivil.siriusmarketingedesign.com.br\/wp-content\/uploads\/2022\/08\/IMG_20220805_111844_2-scaled.jpg",2560,1611,false],"thumbnail":["https:\/\/construcaocivil.siriusmarketingedesign.com.br\/wp-content\/uploads\/2022\/08\/IMG_20220805_111844_2-150x150.jpg",150,150,true],"medium":["https:\/\/construcaocivil.siriusmarketingedesign.com.br\/wp-content\/uploads\/2022\/08\/IMG_20220805_111844_2-300x189.jpg",300,189,true],"medium_large":["https:\/\/construcaocivil.siriusmarketingedesign.com.br\/wp-content\/uploads\/2022\/08\/IMG_20220805_111844_2-768x483.jpg",768,483,true],"large":["https:\/\/construcaocivil.siriusmarketingedesign.com.br\/wp-content\/uploads\/2022\/08\/IMG_20220805_111844_2-1024x645.jpg",1024,645,true],"1536x1536":["https:\/\/construcaocivil.siriusmarketingedesign.com.br\/wp-content\/uploads\/2022\/08\/IMG_20220805_111844_2-1536x967.jpg",1536,967,true],"2048x2048":["https:\/\/construcaocivil.siriusmarketingedesign.com.br\/wp-content\/uploads\/2022\/08\/IMG_20220805_111844_2-2048x1289.jpg",2048,1289,true]},"uagb_author_info":{"display_name":"Jornal da Constru\u00e7\u00e3o Civil","author_link":"https:\/\/construcaocivil.siriusmarketingedesign.com.br\/?author=1"},"uagb_comment_info":0,"uagb_excerpt":"A ind\u00fastria do cimento segue enfrentando gargalos associados ao aumento nos pre\u00e7os de insumos e um cen\u00e1rio econ\u00f4mico dif\u00edcil, elevando ainda mais a inseguran\u00e7a em rela\u00e7\u00e3o ao desempenho do setor nos pr\u00f3ximos meses. Em julho, as vendas do produto registraram queda de 6,8% com rela\u00e7\u00e3o a igual per\u00edodo de 2021, atingindo 5,5 milh\u00f5es de toneladas&hellip;","_links":{"self":[{"href":"https:\/\/construcaocivil.siriusmarketingedesign.com.br\/index.php?rest_route=\/wp\/v2\/posts\/19841","targetHints":{"allow":["GET"]}}],"collection":[{"href":"https:\/\/construcaocivil.siriusmarketingedesign.com.br\/index.php?rest_route=\/wp\/v2\/posts"}],"about":[{"href":"https:\/\/construcaocivil.siriusmarketingedesign.com.br\/index.php?rest_route=\/wp\/v2\/types\/post"}],"author":[{"embeddable":true,"href":"https:\/\/construcaocivil.siriusmarketingedesign.com.br\/index.php?rest_route=\/wp\/v2\/users\/1"}],"replies":[{"embeddable":true,"href":"https:\/\/construcaocivil.siriusmarketingedesign.com.br\/index.php?rest_route=%2Fwp%2Fv2%2Fcomments&post=19841"}],"version-history":[{"count":0,"href":"https:\/\/construcaocivil.siriusmarketingedesign.com.br\/index.php?rest_route=\/wp\/v2\/posts\/19841\/revisions"}],"wp:featuredmedia":[{"embeddable":true,"href":"https:\/\/construcaocivil.siriusmarketingedesign.com.br\/index.php?rest_route=\/wp\/v2\/media\/19842"}],"wp:attachment":[{"href":"https:\/\/construcaocivil.siriusmarketingedesign.com.br\/index.php?rest_route=%2Fwp%2Fv2%2Fmedia&parent=19841"}],"wp:term":[{"taxonomy":"category","embeddable":true,"href":"https:\/\/construcaocivil.siriusmarketingedesign.com.br\/index.php?rest_route=%2Fwp%2Fv2%2Fcategories&post=19841"},{"taxonomy":"post_tag","embeddable":true,"href":"https:\/\/construcaocivil.siriusmarketingedesign.com.br\/index.php?rest_route=%2Fwp%2Fv2%2Ftags&post=19841"}],"curies":[{"name":"wp","href":"https:\/\/api.w.org\/{rel}","templated":true}]}}