{"id":19852,"date":"2022-08-16T12:30:17","date_gmt":"2022-08-16T15:30:17","guid":{"rendered":"https:\/\/www.jornaldaconstrucaocivil.com.br\/?p=19852"},"modified":"2022-08-16T12:30:17","modified_gmt":"2022-08-16T15:30:17","slug":"eleicoes-2022-lula-corre-para-vencer-no-1o-turno-eleicao-presidencial-e-o-que-aponta-pesquisa-ipec-divulgada-nesta-segunda15","status":"publish","type":"post","link":"https:\/\/construcaocivil.siriusmarketingedesign.com.br\/?p=19852","title":{"rendered":"Elei\u00e7\u00f5es 2022: Lula corre para vencer no 1\u00ba turno elei\u00e7\u00e3o presidencial, \u00e9 o que aponta pesquisa IPEC divulgada nesta segunda(15)"},"content":{"rendered":"<p style=\"text-align: justify;\">Na largada oficial da campanha para presidente da rep\u00fablica e aos governos estaduais, a TV Globo, G1 e a GloboNews encomendaram junto ao IPEC(antigo IBOPE), uma nova rodada de pesquisa eleitoral para presidente e para os governos de S\u00e3o Paulo, Rio de Janeiro, Minas Gerais, Rio Grande do Sul, Pernambuco e Distrito Federal.<\/p>\n<p style=\"text-align: justify;\">No quesito disputa LULA X Bolsonaro, o ex &#8211; presidente LULA segue de firme para vencer no primeiro turno, apesar das pesquisas terem apresentados uma rea\u00e7\u00e3o t\u00edmida do atual ocupante do Pal\u00e1cio do Planalto, Bolsonaro. No estado do Rio de Janeiro Bolsonaro\u00a0 chega no empate t\u00e9cnico com LULA. Entretanto, Lula lidera com folga em Minas, S\u00e3o Paulo e no pr\u00f3prio Rio de Janeiro(com margem menor).<\/p>\n<div class=\"mc-column content-text active-extra-styles\" data-block-type=\"raw\" data-block-weight=\"4\" data-block-id=\"6\">\n<div class=\"content-intertitle\">\n<h2><span style=\"color: #0000ff;\">Inten\u00e7\u00e3o de voto estimulada<\/span><\/h2>\n<\/div>\n<p>&nbsp;<\/p>\n<\/div>\n<div class=\"mc-column content-text active-extra-styles\" data-block-type=\"raw\" data-block-weight=\"48\" data-block-id=\"7\">\n<ul class=\"content-unordered-list\">\n<li><strong><span style=\"color: #993300;\">Lula (PT): 44%<\/span><\/strong><\/li>\n<li>Jair Bolsonaro (PL): 32%<\/li>\n<li>Ciro Gomes (PDT): 6%<\/li>\n<li>Simone Tebet (MDB): 2%<\/li>\n<li>Vera (PSTU): 1%<\/li>\n<li>Constituinte Eymael (DC): 0%<\/li>\n<li>Felipe d\u2019Avila (NOVO): 0%<\/li>\n<li>L\u00e9o P\u00e9ricles (UP): 0%<\/li>\n<li>Pablo Mar\u00e7al (PROS): 0%<\/li>\n<li>Sofia Manzano (PCB): 0%<\/li>\n<li>Soraya Thronicke (UNI\u00c3O): 0%<\/li>\n<li>Branco\/nulo: 8%<\/li>\n<li>N\u00e3o sabe\/n\u00e3o respondeu: 7%<\/li>\n<\/ul>\n<p>Fonte: G1<\/p>\n<p><strong>Para LULA confirmar sua vit\u00f3ria no 1\u00ba turno, o estudo do IPEC mostra que o candidato Ciro Gomes \u00e9 o empecilho.\u00a0\u00a0<\/strong><\/p>\n<p>&nbsp;<\/p>\n<\/div>\n<div class=\"mc-column content-text active-extra-styles \" data-block-type=\"unstyled\" data-block-weight=\"37\" data-block-id=\"8\"><\/div>\n<p>&nbsp;<\/p>\n","protected":false},"excerpt":{"rendered":"<p>Na largada oficial da campanha para presidente da rep\u00fablica e aos governos estaduais, a TV Globo, G1 e a GloboNews encomendaram junto ao IPEC(antigo IBOPE), uma nova rodada de pesquisa eleitoral para presidente e para os governos de S\u00e3o Paulo, Rio de Janeiro, Minas Gerais, Rio Grande do Sul, Pernambuco e Distrito Federal. No quesito [&hellip;]<\/p>\n","protected":false},"author":1,"featured_media":19853,"comment_status":"open","ping_status":"open","sticky":false,"template":"","format":"standard","meta":{"_uag_custom_page_level_css":"","footnotes":""},"categories":[27],"tags":[24213,2826,24215,24212,7438,8859,24214],"class_list":["post-19852","post","type-post","status-publish","format-standard","has-post-thumbnail","hentry","category-acontece","tag-bndes-voltara-a-investir-no-brasil","tag-construcao-civil","tag-educacao-e-tecnologia","tag-fome-e-desemprego","tag-meio-ambiente","tag-petrobras","tag-volks"],"blocksy_meta":[],"spectra_blocks_featured_image_url":{"thumbnail":{"url":"https:\/\/construcaocivil.siriusmarketingedesign.com.br\/wp-content\/uploads\/2022\/08\/Lula-no-dia-dos-pais-150x150.jpg","width":150,"height":150},"medium":{"url":"https:\/\/construcaocivil.siriusmarketingedesign.com.br\/wp-content\/uploads\/2022\/08\/Lula-no-dia-dos-pais-300x196.jpg","width":300,"height":196},"medium_large":{"url":"https:\/\/construcaocivil.siriusmarketingedesign.com.br\/wp-content\/uploads\/2022\/08\/Lula-no-dia-dos-pais-768x501.jpg","width":768,"height":501},"large":{"url":"https:\/\/construcaocivil.siriusmarketingedesign.com.br\/wp-content\/uploads\/2022\/08\/Lula-no-dia-dos-pais-1024x668.jpg","width":1024,"height":668},"full":{"url":"https:\/\/construcaocivil.siriusmarketingedesign.com.br\/wp-content\/uploads\/2022\/08\/Lula-no-dia-dos-pais.jpg","width":1920,"height":1253}},"spectra_blocks_author_info":{"display_name":"Jornal da Constru\u00e7\u00e3o Civil","avatar_url":"https:\/\/secure.gravatar.com\/avatar\/973c9774fd44ddaceb026973c4962faa70fc512bc4c9da68e8ebb40fecee6540?s=96&d=mm&r=g","author_link":"https:\/\/construcaocivil.siriusmarketingedesign.com.br\/?author=1","description":"Desde de 2013, levando muitas informa\u00e7\u00f5es, lan\u00e7amentos e produtos de qualidade para toda cadeia produtiva da constru\u00e7\u00e3o. O Futuro da constru\u00e7\u00e3o passa por aqui,"},"uagb_featured_image_src":{"full":["https:\/\/construcaocivil.siriusmarketingedesign.com.br\/wp-content\/uploads\/2022\/08\/Lula-no-dia-dos-pais.jpg",1920,1253,false],"thumbnail":["https:\/\/construcaocivil.siriusmarketingedesign.com.br\/wp-content\/uploads\/2022\/08\/Lula-no-dia-dos-pais-150x150.jpg",150,150,true],"medium":["https:\/\/construcaocivil.siriusmarketingedesign.com.br\/wp-content\/uploads\/2022\/08\/Lula-no-dia-dos-pais-300x196.jpg",300,196,true],"medium_large":["https:\/\/construcaocivil.siriusmarketingedesign.com.br\/wp-content\/uploads\/2022\/08\/Lula-no-dia-dos-pais-768x501.jpg",768,501,true],"large":["https:\/\/construcaocivil.siriusmarketingedesign.com.br\/wp-content\/uploads\/2022\/08\/Lula-no-dia-dos-pais-1024x668.jpg",1024,668,true],"1536x1536":["https:\/\/construcaocivil.siriusmarketingedesign.com.br\/wp-content\/uploads\/2022\/08\/Lula-no-dia-dos-pais-1536x1002.jpg",1536,1002,true],"2048x2048":["https:\/\/construcaocivil.siriusmarketingedesign.com.br\/wp-content\/uploads\/2022\/08\/Lula-no-dia-dos-pais.jpg",1920,1253,false]},"uagb_author_info":{"display_name":"Jornal da Constru\u00e7\u00e3o Civil","author_link":"https:\/\/construcaocivil.siriusmarketingedesign.com.br\/?author=1"},"uagb_comment_info":0,"uagb_excerpt":"Na largada oficial da campanha para presidente da rep\u00fablica e aos governos estaduais, a TV Globo, G1 e a GloboNews encomendaram junto ao IPEC(antigo IBOPE), uma nova rodada de pesquisa eleitoral para presidente e para os governos de S\u00e3o Paulo, Rio de Janeiro, Minas Gerais, Rio Grande do Sul, Pernambuco e Distrito Federal. No quesito&hellip;","_links":{"self":[{"href":"https:\/\/construcaocivil.siriusmarketingedesign.com.br\/index.php?rest_route=\/wp\/v2\/posts\/19852","targetHints":{"allow":["GET"]}}],"collection":[{"href":"https:\/\/construcaocivil.siriusmarketingedesign.com.br\/index.php?rest_route=\/wp\/v2\/posts"}],"about":[{"href":"https:\/\/construcaocivil.siriusmarketingedesign.com.br\/index.php?rest_route=\/wp\/v2\/types\/post"}],"author":[{"embeddable":true,"href":"https:\/\/construcaocivil.siriusmarketingedesign.com.br\/index.php?rest_route=\/wp\/v2\/users\/1"}],"replies":[{"embeddable":true,"href":"https:\/\/construcaocivil.siriusmarketingedesign.com.br\/index.php?rest_route=%2Fwp%2Fv2%2Fcomments&post=19852"}],"version-history":[{"count":0,"href":"https:\/\/construcaocivil.siriusmarketingedesign.com.br\/index.php?rest_route=\/wp\/v2\/posts\/19852\/revisions"}],"wp:featuredmedia":[{"embeddable":true,"href":"https:\/\/construcaocivil.siriusmarketingedesign.com.br\/index.php?rest_route=\/wp\/v2\/media\/19853"}],"wp:attachment":[{"href":"https:\/\/construcaocivil.siriusmarketingedesign.com.br\/index.php?rest_route=%2Fwp%2Fv2%2Fmedia&parent=19852"}],"wp:term":[{"taxonomy":"category","embeddable":true,"href":"https:\/\/construcaocivil.siriusmarketingedesign.com.br\/index.php?rest_route=%2Fwp%2Fv2%2Fcategories&post=19852"},{"taxonomy":"post_tag","embeddable":true,"href":"https:\/\/construcaocivil.siriusmarketingedesign.com.br\/index.php?rest_route=%2Fwp%2Fv2%2Ftags&post=19852"}],"curies":[{"name":"wp","href":"https:\/\/api.w.org\/{rel}","templated":true}]}}