{"id":19889,"date":"2022-08-23T08:03:39","date_gmt":"2022-08-23T11:03:39","guid":{"rendered":"https:\/\/www.jornaldaconstrucaocivil.com.br\/?p=19889"},"modified":"2022-08-23T11:55:33","modified_gmt":"2022-08-23T14:55:33","slug":"energia-solar-fotovoltaica-na-construcao-ceo-da-solarcorp-alex-bullos-fala-das-oportunidades-para-construtores","status":"publish","type":"post","link":"https:\/\/construcaocivil.siriusmarketingedesign.com.br\/?p=19889","title":{"rendered":"Energia solar fotovoltaica na constru\u00e7\u00e3o: CEO da SolarCorp, Alex Bullos fala das oportunidades para construtores"},"content":{"rendered":"<p>Nos \u00faltimos 10 anos o setor solar fotovoltaico cresceu forte no Brasil. E pelo ritmo atual do mercado, os pr\u00f3ximos 10 anos ser\u00e1 de bons neg\u00f3cios para quem atua neste segmento energ\u00e9tico. O motivo para muitos especialistas da \u00e1rea solar decorre da busca por taxa de luz barata, limpa e democr\u00e1tica. Algo que ainda no Brasil \u00e9 caro.<\/p>\n<p>De acordo com a ABSOLAR, a energia\u00a0<span class=\"il\">solar<\/span> ultrapassa 18 gigawatts e mais de R$ 93 bilh\u00f5es em investimentos no Brasil, gerando mais de 30 mil empregos por diversas regi\u00f5es do pa\u00eds. Na busca para saber mais detalhes do mercado solar fotovoltaico, o Jornal da Constru\u00e7\u00e3o Civil entrevistou Alex Bullos, CEO da SolarCorp, empresa que atua no \u00e1rea solar fotovoltaico, levando projetos e solu\u00e7\u00f5es de energia solar para condom\u00ednios resid\u00eancias, supermercados e outros pr\u00e9dios comerciais. Na constru\u00e7\u00e3o civil, diversas empresas j\u00e1 adotam os sistemas solares fotovoltaicos.<\/p>\n<p>Assista o v\u00eddeo abaixo..<\/p>\n<p><iframe loading=\"lazy\" title=\"Energia solar na constru\u00e7\u00e3o: CEO da SolarCorp, Alex Bullos fala das oportunidades para construtores\" width=\"1290\" height=\"726\" src=\"https:\/\/www.youtube.com\/embed\/R-fiNbe47go?feature=oembed\" frameborder=\"0\" allow=\"accelerometer; autoplay; clipboard-write; encrypted-media; gyroscope; picture-in-picture; web-share\" referrerpolicy=\"strict-origin-when-cross-origin\" allowfullscreen><\/iframe><\/p>\n","protected":false},"excerpt":{"rendered":"<p>Nos \u00faltimos 10 anos o setor solar fotovoltaico cresceu forte no Brasil. E pelo ritmo atual do mercado, os pr\u00f3ximos 10 anos ser\u00e1 de bons neg\u00f3cios para quem atua neste segmento energ\u00e9tico. O motivo para muitos especialistas da \u00e1rea solar decorre da busca por taxa de luz barata, limpa e democr\u00e1tica. Algo que ainda no [&hellip;]<\/p>\n","protected":false},"author":1,"featured_media":19890,"comment_status":"open","ping_status":"open","sticky":false,"template":"","format":"standard","meta":{"_uag_custom_page_level_css":"","footnotes":""},"categories":[29,12594],"tags":[3921,4142,4305,24230,24231,8970],"class_list":["post-19889","post","type-post","status-publish","format-standard","has-post-thumbnail","hentry","category-energia","category-tv-da-construcao-civil","tag-edificacoes-e-predios-comerciais","tag-empreendimentos-residenciais","tag-energia-limpa","tag-energia-solar-na-construcao","tag-intersolar-summit-brasil","tag-placas-solares"],"blocksy_meta":[],"spectra_blocks_featured_image_url":{"thumbnail":{"url":"https:\/\/construcaocivil.siriusmarketingedesign.com.br\/wp-content\/uploads\/2022\/08\/IMG_20220321_201520_2-150x150.jpg","width":150,"height":150},"medium":{"url":"https:\/\/construcaocivil.siriusmarketingedesign.com.br\/wp-content\/uploads\/2022\/08\/IMG_20220321_201520_2-215x300.jpg","width":215,"height":300},"medium_large":{"url":"https:\/\/construcaocivil.siriusmarketingedesign.com.br\/wp-content\/uploads\/2022\/08\/IMG_20220321_201520_2-768x1074.jpg","width":768,"height":1074},"large":{"url":"https:\/\/construcaocivil.siriusmarketingedesign.com.br\/wp-content\/uploads\/2022\/08\/IMG_20220321_201520_2-733x1024.jpg","width":733,"height":1024},"full":{"url":"https:\/\/construcaocivil.siriusmarketingedesign.com.br\/wp-content\/uploads\/2022\/08\/IMG_20220321_201520_2-scaled.jpg","width":1831,"height":2560}},"spectra_blocks_author_info":{"display_name":"Jornal da Constru\u00e7\u00e3o Civil","avatar_url":"https:\/\/secure.gravatar.com\/avatar\/973c9774fd44ddaceb026973c4962faa70fc512bc4c9da68e8ebb40fecee6540?s=96&d=mm&r=g","author_link":"https:\/\/construcaocivil.siriusmarketingedesign.com.br\/?author=1","description":"Desde de 2013, levando muitas informa\u00e7\u00f5es, lan\u00e7amentos e produtos de qualidade para toda cadeia produtiva da constru\u00e7\u00e3o. O Futuro da constru\u00e7\u00e3o passa por aqui,"},"uagb_featured_image_src":{"full":["https:\/\/construcaocivil.siriusmarketingedesign.com.br\/wp-content\/uploads\/2022\/08\/IMG_20220321_201520_2-scaled.jpg",1831,2560,false],"thumbnail":["https:\/\/construcaocivil.siriusmarketingedesign.com.br\/wp-content\/uploads\/2022\/08\/IMG_20220321_201520_2-150x150.jpg",150,150,true],"medium":["https:\/\/construcaocivil.siriusmarketingedesign.com.br\/wp-content\/uploads\/2022\/08\/IMG_20220321_201520_2-215x300.jpg",215,300,true],"medium_large":["https:\/\/construcaocivil.siriusmarketingedesign.com.br\/wp-content\/uploads\/2022\/08\/IMG_20220321_201520_2-768x1074.jpg",768,1074,true],"large":["https:\/\/construcaocivil.siriusmarketingedesign.com.br\/wp-content\/uploads\/2022\/08\/IMG_20220321_201520_2-733x1024.jpg",733,1024,true],"1536x1536":["https:\/\/construcaocivil.siriusmarketingedesign.com.br\/wp-content\/uploads\/2022\/08\/IMG_20220321_201520_2-1099x1536.jpg",1099,1536,true],"2048x2048":["https:\/\/construcaocivil.siriusmarketingedesign.com.br\/wp-content\/uploads\/2022\/08\/IMG_20220321_201520_2-1465x2048.jpg",1465,2048,true]},"uagb_author_info":{"display_name":"Jornal da Constru\u00e7\u00e3o Civil","author_link":"https:\/\/construcaocivil.siriusmarketingedesign.com.br\/?author=1"},"uagb_comment_info":0,"uagb_excerpt":"Nos \u00faltimos 10 anos o setor solar fotovoltaico cresceu forte no Brasil. E pelo ritmo atual do mercado, os pr\u00f3ximos 10 anos ser\u00e1 de bons neg\u00f3cios para quem atua neste segmento energ\u00e9tico. O motivo para muitos especialistas da \u00e1rea solar decorre da busca por taxa de luz barata, limpa e democr\u00e1tica. Algo que ainda no&hellip;","_links":{"self":[{"href":"https:\/\/construcaocivil.siriusmarketingedesign.com.br\/index.php?rest_route=\/wp\/v2\/posts\/19889","targetHints":{"allow":["GET"]}}],"collection":[{"href":"https:\/\/construcaocivil.siriusmarketingedesign.com.br\/index.php?rest_route=\/wp\/v2\/posts"}],"about":[{"href":"https:\/\/construcaocivil.siriusmarketingedesign.com.br\/index.php?rest_route=\/wp\/v2\/types\/post"}],"author":[{"embeddable":true,"href":"https:\/\/construcaocivil.siriusmarketingedesign.com.br\/index.php?rest_route=\/wp\/v2\/users\/1"}],"replies":[{"embeddable":true,"href":"https:\/\/construcaocivil.siriusmarketingedesign.com.br\/index.php?rest_route=%2Fwp%2Fv2%2Fcomments&post=19889"}],"version-history":[{"count":0,"href":"https:\/\/construcaocivil.siriusmarketingedesign.com.br\/index.php?rest_route=\/wp\/v2\/posts\/19889\/revisions"}],"wp:featuredmedia":[{"embeddable":true,"href":"https:\/\/construcaocivil.siriusmarketingedesign.com.br\/index.php?rest_route=\/wp\/v2\/media\/19890"}],"wp:attachment":[{"href":"https:\/\/construcaocivil.siriusmarketingedesign.com.br\/index.php?rest_route=%2Fwp%2Fv2%2Fmedia&parent=19889"}],"wp:term":[{"taxonomy":"category","embeddable":true,"href":"https:\/\/construcaocivil.siriusmarketingedesign.com.br\/index.php?rest_route=%2Fwp%2Fv2%2Fcategories&post=19889"},{"taxonomy":"post_tag","embeddable":true,"href":"https:\/\/construcaocivil.siriusmarketingedesign.com.br\/index.php?rest_route=%2Fwp%2Fv2%2Ftags&post=19889"}],"curies":[{"name":"wp","href":"https:\/\/api.w.org\/{rel}","templated":true}]}}