{"id":19900,"date":"2022-08-24T00:46:43","date_gmt":"2022-08-24T03:46:43","guid":{"rendered":"https:\/\/www.jornaldaconstrucaocivil.com.br\/?p=19900"},"modified":"2022-08-24T00:46:43","modified_gmt":"2022-08-24T03:46:43","slug":"firjan-lanca-projeto-rio-construcao-de-fomento-ao-setor","status":"publish","type":"post","link":"https:\/\/construcaocivil.siriusmarketingedesign.com.br\/?p=19900","title":{"rendered":"Firjan lan\u00e7a projeto Rio Constru\u00e7\u00e3o de fomento ao setor"},"content":{"rendered":"<p class=\"v1MsoNormal\" style=\"text-align: justify;\">A Firjan lan\u00e7ou nesta ter\u00e7a-feira (23\/8), no 1\u00ba Encontro da Ind\u00fastria da Constru\u00e7\u00e3o do Rio de Janeiro, em sua sede, o projeto Rio Constru\u00e7\u00e3o. Elaborado com a contribui\u00e7\u00e3o de empres\u00e1rios e sindicatos empresariais relacionados, a iniciativa compreende um conjunto de a\u00e7\u00f5es que visa fomentar toda a cadeia produtiva do setor.<\/p>\n<p class=\"v1MsoNormal\" style=\"text-align: justify;\">O projeto est\u00e1 distribu\u00eddo num portf\u00f3lio de servi\u00e7os moldados de acordo com as demandas espec\u00edficas do setor. Entre as 23 a\u00e7\u00f5es oferecidas, destacam-se orienta\u00e7\u00e3o para acesso ao cr\u00e9dito, estudos econ\u00f4micos, capacita\u00e7\u00e3o profissional de m\u00e3o de obra, promo\u00e7\u00e3o da sa\u00fade, entre outras iniciativas, que podem ser acessadas no link: firjan.com.br\/constru\u00e7\u00e3o.<\/p>\n<p class=\"v1MsoNormal\" style=\"text-align: justify;\">&#8220;O futuro do Brasil inexoravelmente est\u00e1 ligado ao avan\u00e7ado da ind\u00fastria da Constru\u00e7\u00e3o&#8221;, afirmou Eduardo Eugenio Gouv\u00eaa Vieira, presidente da Firjan, para os mais de 150 empres\u00e1rios da constru\u00e7\u00e3o civil fluminense reunidos na sede da Firjan. \u201cA demanda interna \u00e9 gigante. Temos todas a mat\u00e9rias primas necess\u00e1rias aqui dentro de nossas fronteiras, temos o talento de voc\u00eas, de suas empresas e de suas equipes. O Projeto Rio Constru\u00e7\u00e3o vai ajudar na produtividade\u201d, completou.<\/p>\n<p class=\"v1MsoNormal\" style=\"text-align: justify;\">No encontro, tamb\u00e9m foi lan\u00e7ada a nota t\u00e9cnica \u201cD\u00e9ficit habitacional no Brasil &#8211; Impacto da cadeia produtiva da Constru\u00e7\u00e3o Civil\u201d, elaborada pela Firjan, que estima que o combate ao d\u00e9ficit habitacional em todo o pa\u00eds pode gerar 3,2 milh\u00f5es de postos de trabalho, diretos e indiretos.<\/p>\n<p class=\"v1MsoNormal\" style=\"text-align: justify;\">O \u201cRio Constru\u00e7\u00e3o\u201d consolida o planejamento estrat\u00e9gico da federa\u00e7\u00e3o para o setor, ordenando a\u00e7\u00f5es direcionadas para o per\u00edodo entre 2022 e 2026. \u201cEste \u00e9 um projeto de constru\u00e7\u00e3o coletiva, que deu voz aos empres\u00e1rios que vivem os desafios de movimentar o setor. O aumento de produtividade vir\u00e1 a partir da articula\u00e7\u00e3o de agentes \u2013 institui\u00e7\u00f5es e empresas \u2013 na determina\u00e7\u00e3o das a\u00e7\u00f5es a serem tomadas\u201d, afirma Marcelo Kaiuca, presidente do F\u00f3rum Setorial da Constru\u00e7\u00e3o Civil.<\/p>\n<p class=\"v1MsoNormal\" style=\"text-align: justify;\">Com media\u00e7\u00e3o de Cl\u00e1udio Hermolin, do Sinduscon Rio, um debate com executivos de grandes construtoras encerrou o 1\u00ba Encontro da Ind\u00fastria da Constru\u00e7\u00e3o do Rio de Janeiro. \u201cDiscutimos aqui os pontos fundamentais para que os gargalos da Constru\u00e7\u00e3o no Rio sejam solucionados e o estado possa concentrar mais projetos, empreendimentos e, consequentemente, empregos e investimentos.\u201d Foram discutidas quest\u00f5es como licenciamento de obras, projetos de inc\u00eandio, industrializa\u00e7\u00e3o, BIM, norma de desempenho, qualifica\u00e7\u00e3o profissional, energias renov\u00e1veis, pol\u00edtica habitacional, sa\u00fade e seguran\u00e7a no trabalho, entre outros. Participaram Carlos Felipe de Carvalho (Carvalho Hosken); Leonardo Mesquita (Cury Construtora); Henrique Blecher (BAIT INC); Luiz Eduardo Machado (MRV); Michel Gottilieb (Cyrela); Schalom Grimberg (SIG Engenharia).<\/p>\n<p class=\"v1MsoNormal\" style=\"text-align: justify;\">Para baixar a Nota T\u00e9cnica da Firjan \u201cD\u00e9ficit habitacional no Brasil &#8211; Impacto da cadeia produtiva da Constru\u00e7\u00e3o Civil\u201d clique em\u00a0<strong><span style=\"color: #0000ff;\"><a style=\"color: #0000ff;\" href=\"https:\/\/bit.ly\/3dOfkzw\" target=\"_blank\" rel=\"noopener noreferrer\">https:\/\/bit.ly\/3dOfkzw<\/a><\/span><\/strong><\/p>\n","protected":false},"excerpt":{"rendered":"<p>A Firjan lan\u00e7ou nesta ter\u00e7a-feira (23\/8), no 1\u00ba Encontro da Ind\u00fastria da Constru\u00e7\u00e3o do Rio de Janeiro, em sua sede, o projeto Rio Constru\u00e7\u00e3o. Elaborado com a contribui\u00e7\u00e3o de empres\u00e1rios e sindicatos empresariais relacionados, a iniciativa compreende um conjunto de a\u00e7\u00f5es que visa fomentar toda a cadeia produtiva do setor. O projeto est\u00e1 distribu\u00eddo num [&hellip;]<\/p>\n","protected":false},"author":1,"featured_media":19901,"comment_status":"open","ping_status":"open","sticky":false,"template":"","format":"standard","meta":{"_uag_custom_page_level_css":"","footnotes":""},"categories":[33],"tags":[2826,5096,24237,6326,24236,24235],"class_list":["post-19900","post","type-post","status-publish","format-standard","has-post-thumbnail","hentry","category-mercado","tag-construcao-civil","tag-firjan","tag-habitacao-no-rio-de-janeiro","tag-investimentos-em-infraestrutura","tag-projeto-rio-construtivo","tag-servicos-e-obras"],"blocksy_meta":[],"spectra_blocks_featured_image_url":{"thumbnail":{"url":"https:\/\/construcaocivil.siriusmarketingedesign.com.br\/wp-content\/uploads\/2022\/08\/Projeto-Rio-Construcao-sistematiza-acoes-para-alavancar-a-produtividade-no-setor-Foto-Paula-Johas-150x150.jpg","width":150,"height":150},"medium":{"url":"https:\/\/construcaocivil.siriusmarketingedesign.com.br\/wp-content\/uploads\/2022\/08\/Projeto-Rio-Construcao-sistematiza-acoes-para-alavancar-a-produtividade-no-setor-Foto-Paula-Johas-300x117.jpg","width":300,"height":117},"medium_large":{"url":"https:\/\/construcaocivil.siriusmarketingedesign.com.br\/wp-content\/uploads\/2022\/08\/Projeto-Rio-Construcao-sistematiza-acoes-para-alavancar-a-produtividade-no-setor-Foto-Paula-Johas-768x300.jpg","width":768,"height":300},"large":{"url":"https:\/\/construcaocivil.siriusmarketingedesign.com.br\/wp-content\/uploads\/2022\/08\/Projeto-Rio-Construcao-sistematiza-acoes-para-alavancar-a-produtividade-no-setor-Foto-Paula-Johas-1024x400.jpg","width":1024,"height":400},"full":{"url":"https:\/\/construcaocivil.siriusmarketingedesign.com.br\/wp-content\/uploads\/2022\/08\/Projeto-Rio-Construcao-sistematiza-acoes-para-alavancar-a-produtividade-no-setor-Foto-Paula-Johas-scaled.jpg","width":2560,"height":1000}},"spectra_blocks_author_info":{"display_name":"Jornal da Constru\u00e7\u00e3o Civil","avatar_url":"https:\/\/secure.gravatar.com\/avatar\/973c9774fd44ddaceb026973c4962faa70fc512bc4c9da68e8ebb40fecee6540?s=96&d=mm&r=g","author_link":"https:\/\/construcaocivil.siriusmarketingedesign.com.br\/?author=1","description":"Desde de 2013, levando muitas informa\u00e7\u00f5es, lan\u00e7amentos e produtos de qualidade para toda cadeia produtiva da constru\u00e7\u00e3o. O Futuro da constru\u00e7\u00e3o passa por aqui,"},"uagb_featured_image_src":{"full":["https:\/\/construcaocivil.siriusmarketingedesign.com.br\/wp-content\/uploads\/2022\/08\/Projeto-Rio-Construcao-sistematiza-acoes-para-alavancar-a-produtividade-no-setor-Foto-Paula-Johas-scaled.jpg",2560,1000,false],"thumbnail":["https:\/\/construcaocivil.siriusmarketingedesign.com.br\/wp-content\/uploads\/2022\/08\/Projeto-Rio-Construcao-sistematiza-acoes-para-alavancar-a-produtividade-no-setor-Foto-Paula-Johas-150x150.jpg",150,150,true],"medium":["https:\/\/construcaocivil.siriusmarketingedesign.com.br\/wp-content\/uploads\/2022\/08\/Projeto-Rio-Construcao-sistematiza-acoes-para-alavancar-a-produtividade-no-setor-Foto-Paula-Johas-300x117.jpg",300,117,true],"medium_large":["https:\/\/construcaocivil.siriusmarketingedesign.com.br\/wp-content\/uploads\/2022\/08\/Projeto-Rio-Construcao-sistematiza-acoes-para-alavancar-a-produtividade-no-setor-Foto-Paula-Johas-768x300.jpg",768,300,true],"large":["https:\/\/construcaocivil.siriusmarketingedesign.com.br\/wp-content\/uploads\/2022\/08\/Projeto-Rio-Construcao-sistematiza-acoes-para-alavancar-a-produtividade-no-setor-Foto-Paula-Johas-1024x400.jpg",1024,400,true],"1536x1536":["https:\/\/construcaocivil.siriusmarketingedesign.com.br\/wp-content\/uploads\/2022\/08\/Projeto-Rio-Construcao-sistematiza-acoes-para-alavancar-a-produtividade-no-setor-Foto-Paula-Johas-1536x600.jpg",1536,600,true],"2048x2048":["https:\/\/construcaocivil.siriusmarketingedesign.com.br\/wp-content\/uploads\/2022\/08\/Projeto-Rio-Construcao-sistematiza-acoes-para-alavancar-a-produtividade-no-setor-Foto-Paula-Johas-2048x800.jpg",2048,800,true]},"uagb_author_info":{"display_name":"Jornal da Constru\u00e7\u00e3o Civil","author_link":"https:\/\/construcaocivil.siriusmarketingedesign.com.br\/?author=1"},"uagb_comment_info":0,"uagb_excerpt":"A Firjan lan\u00e7ou nesta ter\u00e7a-feira (23\/8), no 1\u00ba Encontro da Ind\u00fastria da Constru\u00e7\u00e3o do Rio de Janeiro, em sua sede, o projeto Rio Constru\u00e7\u00e3o. Elaborado com a contribui\u00e7\u00e3o de empres\u00e1rios e sindicatos empresariais relacionados, a iniciativa compreende um conjunto de a\u00e7\u00f5es que visa fomentar toda a cadeia produtiva do setor. O projeto est\u00e1 distribu\u00eddo num&hellip;","_links":{"self":[{"href":"https:\/\/construcaocivil.siriusmarketingedesign.com.br\/index.php?rest_route=\/wp\/v2\/posts\/19900","targetHints":{"allow":["GET"]}}],"collection":[{"href":"https:\/\/construcaocivil.siriusmarketingedesign.com.br\/index.php?rest_route=\/wp\/v2\/posts"}],"about":[{"href":"https:\/\/construcaocivil.siriusmarketingedesign.com.br\/index.php?rest_route=\/wp\/v2\/types\/post"}],"author":[{"embeddable":true,"href":"https:\/\/construcaocivil.siriusmarketingedesign.com.br\/index.php?rest_route=\/wp\/v2\/users\/1"}],"replies":[{"embeddable":true,"href":"https:\/\/construcaocivil.siriusmarketingedesign.com.br\/index.php?rest_route=%2Fwp%2Fv2%2Fcomments&post=19900"}],"version-history":[{"count":0,"href":"https:\/\/construcaocivil.siriusmarketingedesign.com.br\/index.php?rest_route=\/wp\/v2\/posts\/19900\/revisions"}],"wp:featuredmedia":[{"embeddable":true,"href":"https:\/\/construcaocivil.siriusmarketingedesign.com.br\/index.php?rest_route=\/wp\/v2\/media\/19901"}],"wp:attachment":[{"href":"https:\/\/construcaocivil.siriusmarketingedesign.com.br\/index.php?rest_route=%2Fwp%2Fv2%2Fmedia&parent=19900"}],"wp:term":[{"taxonomy":"category","embeddable":true,"href":"https:\/\/construcaocivil.siriusmarketingedesign.com.br\/index.php?rest_route=%2Fwp%2Fv2%2Fcategories&post=19900"},{"taxonomy":"post_tag","embeddable":true,"href":"https:\/\/construcaocivil.siriusmarketingedesign.com.br\/index.php?rest_route=%2Fwp%2Fv2%2Ftags&post=19900"}],"curies":[{"name":"wp","href":"https:\/\/api.w.org\/{rel}","templated":true}]}}